{"id":416514,"date":"2024-09-30T10:54:48","date_gmt":"2024-09-30T13:54:48","guid":{"rendered":"https:\/\/notinor.com\/jujuy\/?p=416514"},"modified":"2024-09-30T11:03:17","modified_gmt":"2024-09-30T14:03:17","slug":"ypf-anuncio-que-esta-noche-bajaran-1-la-nafta-y-2-el-gasoil","status":"publish","type":"post","link":"https:\/\/notinor.com\/jujuy\/ypf-anuncio-que-esta-noche-bajaran-1-la-nafta-y-2-el-gasoil\/","title":{"rendered":"YPF anunci\u00f3 que esta noche bajar\u00e1n 1% la nafta y 2% el gasoil"},"content":{"rendered":"\n<p class=\"has-medium-font-size\"><strong><em>Lo anunci\u00f3 el presidente de la Empresa, Horacio Mar\u00edn, en declaraciones radiales. Regir\u00e1 desde las 00 horas del martes primero de octubre en las estaciones de servicio de la marca<\/em><\/strong>.<\/p>\n\n\n\n<p class=\"has-text-align-center\"><img decoding=\"async\" loading=\"lazy\" height=\"1079\" width=\"1920\" src=\"https:\/\/www.infobae.com\/resizer\/v2\/UY7VS7TXSZCQBC3EI77TAJLNME.jpg?auth=1d465dcf7cb50dc69794ea22d7765c4aa6fd28c2ba64d80c5c53840dadd4547e&amp;smart=true&amp;width=350&amp;height=197&amp;quality=85\" alt=\"En octubre YPF bajar\u00e1 los precios de sus combustibles\">En octubre YPF bajar\u00e1 los precios de sus combustibles<\/p>\n\n\n\n<p><strong>El presidente de YPF, Horacio Mar\u00edn<\/strong>, dijo este lunes que&nbsp;<strong>las refiner\u00edas<\/strong>&nbsp;de la empresa vender\u00e1n la&nbsp;<strong>nafta<\/strong>&nbsp;con un recorte del 4% y el&nbsp;<strong>gasoil<\/strong>&nbsp;con una rebaja del 5% a partir de las 00 horas del martes. Sin embargo,&nbsp;<strong>el impacto en el surtidor ser\u00e1 del 1% y del 2%<\/strong>&nbsp;como resultado del <strong>aumento del impuesto a los combustibles<\/strong> y la variaci\u00f3n del tipo de cambio.<\/p>\n\n\n\n<p>\u201cLa gente va a ver reflejado a partir de las cero horas de hoy que&nbsp;<strong>el gasoil hoy en todo el pa\u00eds va a estar 2% menos de lo que est\u00e1 hoy y las naftas 1%<\/strong>\u201d, dijo el ejecutivo.<\/p>\n\n\n\n<p>En declaraciones a&nbsp;<strong>Radio Mitre<\/strong>, el n\u00famero uno de la empresa controlada por el Estado dijo que&nbsp;<strong>la rebaja responde a las variaciones<\/strong>&nbsp;en el precio internacional de los combustibles.&nbsp;<strong>Y aclar\u00f3 que la empresa quiere un trato justo con sus clientes<\/strong>, en el sentido de que van a experimentar subas cuando el precio internacional avance y bajas cuando retroceda.<\/p>\n\n\n\n<p class=\"has-text-align-center\">Durante la entrevista,&nbsp;<strong>Mar\u00edn<\/strong>&nbsp;subray\u00f3 que esta medida forma parte de un \u201cacuerdo justo\u201d con los consumidores, en el que&nbsp;<strong>YPF reflejar\u00e1 las fluctuaciones internacionales<\/strong>&nbsp;del precio del petr\u00f3leo en el costo final del combustible. \u201c<strong>Cuando el precio del petr\u00f3leo suba, YPF va a subir los precios de los combustibles. Si el precio del petr\u00f3leo baja, YPF va a bajar los precios de los combustibles. Eso no ocurri\u00f3 nunca en la Argentina<\/strong>\u201d, afirm\u00f3 el presidente de la petrolera. Este enfoque busca evitar que tanto la empresa como los consumidores sean subsidiados injustamente, tal como lo aclar\u00f3: \u201c<strong>YPF no tiene que ser subsidiada, y los consumidores no tienen que subsidiar a YPF<\/strong>\u201d.<img decoding=\"async\" loading=\"lazy\" height=\"1080\" width=\"1920\" src=\"https:\/\/www.infobae.com\/resizer\/v2\/KCGB3FA3UZDNJDTAMQ4IKOT3NY.jpg?auth=3cdd51d49c0e38fb73e9c7b97ce3a64a1e0a32b3e42a31a445a224caede4bf6e&amp;smart=true&amp;width=350&amp;height=197&amp;quality=85\" alt=\"Horacio Mar\u00edn, presidente de YPF (Alejandro Beltrame)\">Horacio Mar\u00edn, presidente de YPF <\/p>\n\n\n\n<p><strong>Mar\u00edn<\/strong>&nbsp;tambi\u00e9n detall\u00f3 el alcance de esta medida, explicando que&nbsp;<strong>la reducci\u00f3n en los precios mayoristas ser\u00e1 significativa<\/strong>, pero que los consumidores ver\u00e1n solo una parte de ese ajuste en los surtidores debido a la combinaci\u00f3n de impuestos y variaciones en el tipo de cambio. \u201cEl esfuerzo de YPF es del 5% en el gasoil y del 4% en la nafta, pero lo que la gente ver\u00e1 reflejado ser\u00e1 una baja del 2% y del 1%, respectivamente\u201d, explic\u00f3. Este impacto limitado se debe, en parte, al reciente incremento del 1% en el impuesto a los combustibles, que contrarresta parcialmente la rebaja.<\/p>\n\n\n\n<p>En otro momento de la conversaci\u00f3n, el ejecutivo aprovech\u00f3 para agradecer a los usuarios por su fidelidad, especialmente durante los momentos de subas importantes en el precio del combustible. \u201cQuiero agradecer a todos los usuarios y consumidores de&nbsp;<strong>YPF<\/strong>&nbsp;por todo este tiempo en que tuvimos que hacer unos aumentos muy importantes, pero la marca continu\u00f3 con el&nbsp;<strong>market share correspondiente<\/strong>\u201d, destac\u00f3&nbsp;<strong>Mar\u00edn<\/strong>, resaltando que la empresa sigue siendo un pilar de la distribuci\u00f3n de combustible en todo el pa\u00eds.<\/p>\n\n\n\n<p><strong>Mar\u00edn<\/strong>&nbsp;tambi\u00e9n se refiri\u00f3 al costo operativo de la empresa y al impacto que las tasas municipales tienen sobre el precio final de los combustibles. Critic\u00f3 duramente el alto porcentaje de impuestos locales que gravan los precios, al se\u00f1alar que en algunos municipios estas tasas llegan al 25% del valor final del producto. \u201cEs una tasa municipal que no tiene mucho sentido para el precio de los combustibles. Me parece injusto con los consumidores\u201d, expres\u00f3.<\/p>\n\n\n\n<p>Adem\u00e1s de la pol\u00edtica de precios,&nbsp;<strong>el presidente de YPF<\/strong>&nbsp;abord\u00f3 el futuro de&nbsp;<strong>Vaca Muerta<\/strong>&nbsp;y el proyecto con la compa\u00f1\u00eda&nbsp;<strong>Petronas<\/strong>. Aunque algunos rumores indican que la empresa malaya podr\u00eda abandonar el acuerdo, Mar\u00edn fue tajante al aclarar que la decisi\u00f3n final a\u00fan no ha sido tomada. \u201c<strong>Petronas tiene hasta noviembre para decidir si contin\u00faa o no<\/strong>\u201d, explic\u00f3, y enfatiz\u00f3 que la viabilidad del proyecto depender\u00e1 de la obtenci\u00f3n de contratos de compra de gas en Europa y Asia, mercados donde&nbsp;<strong>YPF<\/strong>&nbsp;busca firmar acuerdos en los pr\u00f3ximos meses.<\/p>\n\n\n\n<p>Finalmente,&nbsp;<strong>Mar\u00edn<\/strong>&nbsp;confirm\u00f3 que el gas licuado proveniente de&nbsp;<strong>Vaca Muerta<\/strong>&nbsp;ser\u00e1 exportado desde el puerto de&nbsp;<strong>R\u00edo Negro<\/strong>, una decisi\u00f3n basada en razones econ\u00f3micas y log\u00edsticas. Esta infraestructura permitir\u00e1 incrementar significativamente las exportaciones energ\u00e9ticas de&nbsp;<strong>Argentina<\/strong>, con la expectativa de generar ingresos de hasta 30.000 millones de d\u00f3lares para 2030, contribuyendo al objetivo de reducir la pobreza en el pa\u00eds.<\/p>\n","protected":false},"excerpt":{"rendered":"<p>Lo anunci\u00f3 el presidente de la Empresa, Horacio Mar\u00edn, en declaraciones radiales. Regir\u00e1 desde las 00 horas del martes primero de octubre en las estaciones de servicio de la marca. En octubre YPF bajar\u00e1 los precios de sus combustibles El presidente de YPF, Horacio Mar\u00edn, dijo este lunes que&nbsp;las refiner\u00edas&nbsp;de la empresa vender\u00e1n la&nbsp;nafta&nbsp;con un [&hellip;]<\/p>\n","protected":false},"author":5,"featured_media":416515,"comment_status":"open","ping_status":"open","sticky":false,"template":"","format":"standard","meta":{"_stopmodifiedupdate":false,"_modified_date":"","inline_featured_image":false,"spay_email":"","jetpack_publicize_message":""},"categories":[2,676],"tags":[],"jetpack_featured_media_url":"https:\/\/notinor.com\/jujuy\/wp-content\/uploads\/2024\/09\/NAFTA.jpg","jetpack_publicize_connections":[],"_links":{"self":[{"href":"https:\/\/notinor.com\/jujuy\/wp-json\/wp\/v2\/posts\/416514"}],"collection":[{"href":"https:\/\/notinor.com\/jujuy\/wp-json\/wp\/v2\/posts"}],"about":[{"href":"https:\/\/notinor.com\/jujuy\/wp-json\/wp\/v2\/types\/post"}],"author":[{"embeddable":true,"href":"https:\/\/notinor.com\/jujuy\/wp-json\/wp\/v2\/users\/5"}],"replies":[{"embeddable":true,"href":"https:\/\/notinor.com\/jujuy\/wp-json\/wp\/v2\/comments?post=416514"}],"version-history":[{"count":2,"href":"https:\/\/notinor.com\/jujuy\/wp-json\/wp\/v2\/posts\/416514\/revisions"}],"predecessor-version":[{"id":416517,"href":"https:\/\/notinor.com\/jujuy\/wp-json\/wp\/v2\/posts\/416514\/revisions\/416517"}],"wp:featuredmedia":[{"embeddable":true,"href":"https:\/\/notinor.com\/jujuy\/wp-json\/wp\/v2\/media\/416515"}],"wp:attachment":[{"href":"https:\/\/notinor.com\/jujuy\/wp-json\/wp\/v2\/media?parent=416514"}],"wp:term":[{"taxonomy":"category","embeddable":true,"href":"https:\/\/notinor.com\/jujuy\/wp-json\/wp\/v2\/categories?post=416514"},{"taxonomy":"post_tag","embeddable":true,"href":"https:\/\/notinor.com\/jujuy\/wp-json\/wp\/v2\/tags?post=416514"}],"curies":[{"name":"wp","href":"https:\/\/api.w.org\/{rel}","templated":true}]}}