{"id":416511,"date":"2024-09-30T10:40:27","date_gmt":"2024-09-30T13:40:27","guid":{"rendered":"https:\/\/notinor.com\/jujuy\/?p=416511"},"modified":"2024-09-30T10:40:31","modified_gmt":"2024-09-30T13:40:31","slug":"se-levanto-la-medida-legal-que-le-prohibia-a-los-medios-difundir-informacion-sobre-jorge-lanata","status":"publish","type":"post","link":"https:\/\/notinor.com\/jujuy\/se-levanto-la-medida-legal-que-le-prohibia-a-los-medios-difundir-informacion-sobre-jorge-lanata\/","title":{"rendered":"Se levant\u00f3 la medida legal que le prohib\u00eda a los medios difundir informaci\u00f3n sobre Jorge Lanata"},"content":{"rendered":"\n<p class=\"has-medium-font-size\"><strong><em>La jueza Lucila C\u00f3rdoba revoc\u00f3 su pedido porque el periodista \"no tienen inconveniente que se hable y esa es la voluntad de \u00e9l\".<\/em><\/strong><\/p>\n\n\n<div class=\"wp-block-image\">\n<figure class=\"aligncenter\"><img decoding=\"async\" src=\"https:\/\/fotos.perfil.com\/2024\/09\/29\/trim\/950\/534\/jorge-lanata-1881835.jpg\" alt=\"Jorge Lanata\"\/><figcaption class=\"wp-element-caption\">Jorge Lanata&nbsp;| Captura<\/figcaption><\/figure><\/div>\n\n\n<p><strong>El juzgado civil N\u00b08 de Buenos Aires<\/strong> <strong>hab\u00eda solicitado que no se difundiera informaci\u00f3n relacionada a Jorge Lanata, pero en las \u00faltimas horas se levant\u00f3 la medida.<\/strong><\/p>\n\n\n\n<p>La&nbsp;jueza Lucila C\u00f3rdoba hab\u00eda comunicado en el documento&nbsp;que se prohib\u00eda \"la difusi\u00f3n de cualquier informaci\u00f3n relacionada con Jorge Ernesto Lanata, incluyendo&nbsp;su imagen, su vida privada, su situaci\u00f3n familiar y detalles del proceso judicial en curso\".<\/p>\n\n\n\n<p>Pero horas m\u00e1s tarde, la misma jueza revoc\u00f3 la solicitud y present\u00f3 un escrito detallando la situaci\u00f3n. \"Habiendo sido escuchado el causante de autos, su c\u00f3nyuge y sus hijas, todas ellas presentadas en la causa, por la Se\u00f1ora Defensora de Menores e Incapaces y la Suscripta, presente el Actuario, seg\u00fan lo que resulta del acta labrada en el lugar de internaci\u00f3n en el d\u00eda de la fecha, se encuentra el proceso en condiciones de decidir respecto de las medidas de cautela que se han adoptado en cuanto a las restricciones de informaci\u00f3n de las constancias del expediente de la causa, relativas al estado de salud y familiar del se\u00f1or Jorge E. Lanata\", se expresa en el documento.<\/p>\n\n\n\n<figure class=\"wp-block-image\"><img decoding=\"async\" src=\"https:\/\/fotos.perfil.com\/\/2024\/09\/29\/900\/0\/la-justicia-levanto-la-medida-que-prohibia-hablar-sobre-jorge-lanata-1881840.jpg\" alt=\"La Justicia levant\u00f3 la medida que prohib\u00eda hablar sobre Jorge Lanata\"\/><\/figure>\n\n\n\n<p>\"Del mencionado instrumento resultan expresiones del causante, coincidentes con las de sus familiares antes enunciados.<strong>&nbsp;Refirieron en id\u00e9ntico sentido que sobre la salud del se\u00f1or Lanata no tienen inconveniente que se hable y esa es la voluntad de \u00e9l.&nbsp;<\/strong>Concretamente al sujeto, que es el objeto de protecci\u00f3n de este proceso, le pregunt\u00e9: '\u00bfCu\u00e1l es su voluntad en cuanto a que se brinde informaci\u00f3n respecto a sus circunstancias de salud y familiar?', a lo que contest\u00f3: \u2018Uno siempre puede salir a responder\u2019\", contin\u00faa.<\/p>\n\n\n\n<p>\"<strong>Atento a ello resuelvo dejar sin efecto la restricci\u00f3n de informaci\u00f3n decidida<\/strong>\u00a0mediante autos de fecha 26 y 27 de septiembre del corriente a\u00f1o y a su aclaratoria de fecha 28 de septiembre de 2024, por las que se hab\u00eda dispuesto restringir la difusi\u00f3n de los contenidos de este expediente que pudieren lesionar su dignidad. Notif\u00edquese en forma urgente por Secretar\u00eda habilitando d\u00edas y horas inh\u00e1biles a tales fines\", concluye el escrito.<\/p>\n\n\n\n<p><strong>\u00bfPor qu\u00e9 se le prohibi\u00f3 a los medios hablar sobre Jorge Lanata?<\/strong><\/p>\n\n\n\n<p class=\"has-text-align-center\">Tras el pedido de\u00a0<strong>Elba Marcovecchio<\/strong>, el juzgado civil N\u00b08 de Buenos Aires estableci\u00f3 que \u201cse proh\u00edbe la difusi\u00f3n de cualquier informaci\u00f3n relacionada con <strong>Jorge Ernesto Lanata<\/strong>, incluyendo\u00a0<strong>su imagen, su vida privada, su situaci\u00f3n familiar y detalles del proceso judicial en curso<\/strong>\u201d. Esto se da en medio del esc\u00e1ndalo que se gener\u00f3 tras el reclamo judicial de las hijas del periodista,<strong>\u00a0B\u00e1rbara\u00a0<\/strong>y\u00a0<strong>Lola Lanata.<\/strong><\/p>\n\n\n\n<p><strong>TN&nbsp;<\/strong>difundi\u00f3&nbsp;la medida&nbsp;solicitada por&nbsp;la abogada<strong>&nbsp;Elba Marcovecchio<\/strong>, actual esposa de Jorge Lanata, que fue aceptada por la Justicia para que los medios no difundan informaci\u00f3n relacionada al periodista.<\/p>\n\n\n\n<p>\"<strong>Se ordena la prohibici\u00f3n de la difusi\u00f3n por cualquier medio de prensa y comunicaci\u00f3n (televisi\u00f3n, gr\u00e1fico, radial, medios digitales y\/o publicaci\u00f3n en p\u00e1ginas WEB), de&nbsp;toda informaci\u00f3n que involucre al Sr. Jorge Ernesto Lanata&nbsp;su imagen, intimidad, situaci\u00f3n familiar e informaci\u00f3n relativa al tr\u00e1mite de la presente causa\u201d<\/strong>, reza el oficio que el Juzgado Civil N\u00b08 envi\u00f3 al Ente Nacional de Comunicaciones, para que notifique esa decisi\u00f3n a los medios audiovisuales..<\/p>\n\n\n\n<figure class=\"wp-block-image\"><img decoding=\"async\" src=\"https:\/\/fotos.perfil.com\/\/2024\/09\/26\/900\/0\/elba-marcovecchio-barbara-lola-y-jorge-lanata-1880208.jpg\" alt=\"Elba Marcovecchio, B\u00e1rbara, Lola y Jorge Lanata\"\/><\/figure>\n\n\n\n<p>La resoluci\u00f3n suscit\u00f3 la furia en la redes sociales pero sobre todo&nbsp;<strong>gener\u00f3 el repudio de la Asociaci\u00f3n de Entidades Period\u00edsticas Argentinas (ADEPA)<\/strong>, entre otros,&nbsp;rechazaron la \u201ccensura judicial\u201d y remarcando el valor de la libertad de expresi\u00f3n, algo por lo que el periodista brega.<\/p>\n\n\n\n<p>Se detalla que la jueza, adem\u00e1s, dispuso una medida similar para que tampoco se pueda mencionar a la abogada. \u201cLa&nbsp;<strong>prohibici\u00f3n de la difusi\u00f3n&nbsp;por cualquier medio de prensa y comunicaci\u00f3n (televisi\u00f3n, grafico, radial, medios digitales y\/o publicaci\u00f3n en p\u00e1ginas WEB), de toda informaci\u00f3n que involucre a la Sra. Elba Lorena Marcovecchio.&nbsp;<\/strong>Su imagen, intimidad, situaci\u00f3n familiar e informaci\u00f3n relativa al tr\u00e1mite de la presente causa\u201d.<\/p>\n\n\n\n<p>Las abogadas de Marcovecchio, <strong>Lira Piro<\/strong>\u00a0y<strong>\u00a0Guadalupe\u00a0Guerrero,<\/strong>\u00a0mencionar en el escrito presentado \u201c<strong>la\u00a0gran angustia\u00a0por la que esta pasando su c\u00f3nyuge\u00a0<\/strong>y su delicado estado de salud; as\u00ed como manifiesta encontrarse ella en estado de\u00a0<strong>vulnerabilidad.\u00a0<\/strong>No solo por la condici\u00f3n m\u00e9dica de Lanata, sino tambi\u00e9n por el hecho de que todos los medios de comunicaci\u00f3n est\u00e1n difundiendo <strong>la presentaci\u00f3n efectuada por las hijas<\/strong> respecto de este, exponiendo parte de su contenido y haciendo alusi\u00f3n a las cuestiones relativas al patrimonio de su c\u00f3nyuge y lo denunciado respecto de su persona\u201d, dice el texto.<\/p>\n\n\n\n<figure class=\"wp-block-image\"><img decoding=\"async\" src=\"https:\/\/fotos.perfil.com\/\/2024\/09\/24\/900\/0\/jorge-lanata-1879017.jpg\" alt=\"Jorge Lanata\"\/><\/figure>\n\n\n\n<p><strong>Jorge Lanata&nbsp;<\/strong>se encuentra actualmente en la&nbsp;<strong>Cl\u00ednica Santa Catalina<\/strong>&nbsp;luego de haber estado&nbsp;internado en el Hospital Italiano. Sin embargo, esa no es la \u00fanica preocupaci\u00f3n que hay alrededor del periodista, sino que desde que ingres\u00f3 al hospital en el mes de junio, que&nbsp;<strong>comenz\u00f3 una guerra entre la esposa&nbsp;Elba Marcovecchio&nbsp;y las hijas&nbsp;B\u00e1rbara y Lola Lanata.&nbsp;<\/strong><\/p>\n\n\n\n<p>Por esa raz\u00f3n, las j\u00f3venes se presentaron frente a la Justicia con un documento donde<strong>&nbsp;acusan a la abogada de perjudicar la salud y el patrimonio del conductor<\/strong>, y piden que<strong>&nbsp;\"se designe red de apoyo provisoria porque necesita una supervisi\u00f3n que realmente cuide\"<\/strong>&nbsp;estos dos aspectos.&nbsp;<\/p>\n\n\n\n<p>Esto se mantuvo en privado hasta que <strong>Yanina Latorre brind\u00f3 la informaci\u00f3n inicial en LAM<\/strong>(Am\u00e9rica), lo que sigui\u00f3 fue la exposici\u00f3n del pedido judicial de B\u00e1rbara y Lola Lanata en\u00a0<strong><em>A la Barbarossa<\/em><\/strong>\u00a0(Telefe). De ah\u00ed comenz\u00f3 una escalada de informaci\u00f3n cruzada en distintos programas.<\/p>\n\n\n\n<p>En medio del\u00a0<strong>esc\u00e1ndalo alrededor de la familia de Jorge Lanata<\/strong>,<strong>\u00a0dieron a conocer audios de\u00a0Elba Marcovecchio\u00a0apuntando contra B\u00e1rbara y Lola<\/strong>,\u00a0las hijas del periodista. \"\u00c9l se\u00a0levanta y las cagar\u00eda a trompadas por berretas\", se la escucha decir en un extracto.<\/p>\n","protected":false},"excerpt":{"rendered":"<p>La jueza Lucila C\u00f3rdoba revoc\u00f3 su pedido porque el periodista \"no tienen inconveniente que se hable y esa es la voluntad de \u00e9l\". El juzgado civil N\u00b08 de Buenos Aires hab\u00eda solicitado que no se difundiera informaci\u00f3n relacionada a Jorge Lanata, pero en las \u00faltimas horas se levant\u00f3 la medida. La&nbsp;jueza Lucila C\u00f3rdoba hab\u00eda comunicado [&hellip;]<\/p>\n","protected":false},"author":5,"featured_media":416512,"comment_status":"open","ping_status":"open","sticky":false,"template":"","format":"standard","meta":{"_stopmodifiedupdate":false,"_modified_date":"","inline_featured_image":false,"spay_email":"","jetpack_publicize_message":""},"categories":[21],"tags":[],"jetpack_featured_media_url":"https:\/\/notinor.com\/jujuy\/wp-content\/uploads\/2024\/09\/LANATA.jpg","jetpack_publicize_connections":[],"_links":{"self":[{"href":"https:\/\/notinor.com\/jujuy\/wp-json\/wp\/v2\/posts\/416511"}],"collection":[{"href":"https:\/\/notinor.com\/jujuy\/wp-json\/wp\/v2\/posts"}],"about":[{"href":"https:\/\/notinor.com\/jujuy\/wp-json\/wp\/v2\/types\/post"}],"author":[{"embeddable":true,"href":"https:\/\/notinor.com\/jujuy\/wp-json\/wp\/v2\/users\/5"}],"replies":[{"embeddable":true,"href":"https:\/\/notinor.com\/jujuy\/wp-json\/wp\/v2\/comments?post=416511"}],"version-history":[{"count":1,"href":"https:\/\/notinor.com\/jujuy\/wp-json\/wp\/v2\/posts\/416511\/revisions"}],"predecessor-version":[{"id":416513,"href":"https:\/\/notinor.com\/jujuy\/wp-json\/wp\/v2\/posts\/416511\/revisions\/416513"}],"wp:featuredmedia":[{"embeddable":true,"href":"https:\/\/notinor.com\/jujuy\/wp-json\/wp\/v2\/media\/416512"}],"wp:attachment":[{"href":"https:\/\/notinor.com\/jujuy\/wp-json\/wp\/v2\/media?parent=416511"}],"wp:term":[{"taxonomy":"category","embeddable":true,"href":"https:\/\/notinor.com\/jujuy\/wp-json\/wp\/v2\/categories?post=416511"},{"taxonomy":"post_tag","embeddable":true,"href":"https:\/\/notinor.com\/jujuy\/wp-json\/wp\/v2\/tags?post=416511"}],"curies":[{"name":"wp","href":"https:\/\/api.w.org\/{rel}","templated":true}]}}