{"id":416504,"date":"2024-09-30T09:44:30","date_gmt":"2024-09-30T12:44:30","guid":{"rendered":"https:\/\/notinor.com\/jujuy\/?p=416504"},"modified":"2024-09-30T09:44:39","modified_gmt":"2024-09-30T12:44:39","slug":"la-dramatica-confesion-de-la-mama-de-sofia-herrera-a-16-anos-de-su-desaparicion-me-la-robo-gente-de-poder","status":"publish","type":"post","link":"https:\/\/notinor.com\/jujuy\/la-dramatica-confesion-de-la-mama-de-sofia-herrera-a-16-anos-de-su-desaparicion-me-la-robo-gente-de-poder\/","title":{"rendered":"La dram\u00e1tica confesi\u00f3n de la mam\u00e1 de Sof\u00eda Herrera a 16 a\u00f1os de su desaparici\u00f3n: \u201cMe la rob\u00f3 gente de poder\u201d"},"content":{"rendered":"\n<p class=\"has-medium-font-size\"><strong><em>A 16 a\u00f1os de la desaparici\u00f3n de Sof\u00eda Herrera, los padres realizaron un acto donde siguen pidiendo que siga la b\u00fasqueda.<\/em><\/strong><\/p>\n\n\n<div class=\"wp-block-image\">\n<figure class=\"aligncenter size-large\"><img decoding=\"async\" loading=\"lazy\" width=\"840\" height=\"424\" src=\"https:\/\/notinor.com\/jujuy\/wp-content\/uploads\/2024\/09\/ASESINATO-840x424.jpg\" alt=\"\" class=\"wp-image-416505\" srcset=\"https:\/\/notinor.com\/jujuy\/wp-content\/uploads\/2024\/09\/ASESINATO-840x424.jpg 840w, https:\/\/notinor.com\/jujuy\/wp-content\/uploads\/2024\/09\/ASESINATO-660x333.jpg 660w, https:\/\/notinor.com\/jujuy\/wp-content\/uploads\/2024\/09\/ASESINATO-768x388.jpg 768w, https:\/\/notinor.com\/jujuy\/wp-content\/uploads\/2024\/09\/ASESINATO-750x379.jpg 750w, https:\/\/notinor.com\/jujuy\/wp-content\/uploads\/2024\/09\/ASESINATO.jpg 931w\" sizes=\"(max-width: 840px) 100vw, 840px\" \/><figcaption class=\"wp-element-caption\">La dram\u00e1tica confesi\u00f3n de la mam\u00e1 de Sof\u00eda Herrera a 16 a\u00f1os de su desaparici\u00f3n: \"Me la rob\u00f3 gente de poder\"<\/figcaption><\/figure><\/div>\n\n\n<p><strong>Los padres de Sof\u00eda Herrera<\/strong>, <strong>la nena que ten\u00eda 3 a\u00f1os y desapareci\u00f3 el 28 de septiembre de 2008<\/strong>\u00a0en sector del camping John Goodall, a unos 50 km al sur de R\u00edo Grande, se realiz\u00f3 un acto conmemorativo al cumplirse 16 a\u00f1os de esa triste jornada.<\/p>\n\n\n\n<p><strong>Conmemoran 16 a\u00f1os de la desaparici\u00f3n de Sof\u00eda Herrera con un emotivo acto en R\u00edo Grande<\/strong><\/p>\n\n\n\n<p><strong>Los padres, Mar\u00eda Elena Delgado junto a Fabi\u00e1n Herrera y amigos, llevaron a cabo un acto<\/strong>&nbsp;en la plazoleta ubicada entre las calles Pellegrini, Cambaceres y Cabo de Hornos del barrio de Chacra II de esta ciudad.<strong>&nbsp;\u201cSofi est\u00e1 en alg\u00fan lugar y la seguimos buscando. Te esperamos \u201c<\/strong>, asegur\u00f3 su mam\u00e1.<\/p>\n\n\n\n<p>\u201c<strong>Son 16 a\u00f1os<\/strong>\u00a0de tristeza, frustraci\u00f3n, dolor, angustia, porque en este tiempo que paso y no tenemos ninguna respuestas sobre Sofi. Seguimos con la esperanza. Mucho avance no hay, nada en la investigaci\u00f3n\u201d, indic\u00f3.\u00a0<strong>\u201cPedimos a la justicia de la provincia, que no cesen el compromiso de la b\u00fasqueda de Sofi\u201d<\/strong>, agreg\u00f3 luego la <strong>madre de Sofi<\/strong>.<\/p>\n\n\n\n<p><strong>Los desaf\u00edos de la investigaci\u00f3n en la b\u00fasqueda de sof\u00eda herrera<\/strong><\/p>\n\n\n<div class=\"wp-block-image\">\n<figure class=\"aligncenter size-full\"><img decoding=\"async\" loading=\"lazy\" width=\"625\" height=\"315\" src=\"https:\/\/notinor.com\/jujuy\/wp-content\/uploads\/2024\/09\/ASESINATO-1.jpg\" alt=\"\" class=\"wp-image-416506\" srcset=\"https:\/\/notinor.com\/jujuy\/wp-content\/uploads\/2024\/09\/ASESINATO-1.jpg 625w, https:\/\/notinor.com\/jujuy\/wp-content\/uploads\/2024\/09\/ASESINATO-1-360x180.jpg 360w\" sizes=\"(max-width: 625px) 100vw, 625px\" \/><figcaption class=\"wp-element-caption\">La dram\u00e1tica confesi\u00f3n de la mam\u00e1 de Sof\u00eda Herrera a 16 a\u00f1os de su desaparici\u00f3n: \"Me la rob\u00f3 gente de poder\"<\/figcaption><\/figure><\/div>\n\n\n<p>Por su parte.\u00a0<strong>Fabi\u00e1n Herrera, padre de la ni\u00f1a desaparecida, expres\u00f3 que \u201cveo muchas cosas que pasaron en el caso Loan, que sucedieron en lo de mi hija.<\/strong>\u00a0Dec\u00edan del trabajo de los perros, marcaron una casa en El Relincho en Ushuaia, pero ellos no siguieron el trabajo de los perros. Sigo sosteniendo que me robaron a mi hija y gente de poder\u201d.<\/p>\n\n\n\n<p>\u201cSigo sosteniendo al d\u00eda de hoy, que&nbsp;<strong>a mi hija me la robo gente de poder.<\/strong>&nbsp;Se lo dec\u00eda al juez L\u00f3pez en esas \u00e9pocas no hab\u00eda tanta tecnolog\u00eda como ahora, como en el caso Loan, Guadalupe. Y me metieron preso por entorpecimiento a la causa.<\/p>\n\n\n\n<p><strong>\u201cHace 16 a\u00f1os que estamos buscando a Sofia\u201d<\/strong>&nbsp;expres\u00f3 el padre de Sofia. Cabe destacar que los padres siguen reclamando al juzgado y que se realice la actualizaci\u00f3n del rostro, cuya \u00faltimo trabajo realizado fue hace unos 3 a\u00f1os atr\u00e1s.<\/p>\n","protected":false},"excerpt":{"rendered":"<p>A 16 a\u00f1os de la desaparici\u00f3n de Sof\u00eda Herrera, los padres realizaron un acto donde siguen pidiendo que siga la b\u00fasqueda. Los padres de Sof\u00eda Herrera, la nena que ten\u00eda 3 a\u00f1os y desapareci\u00f3 el 28 de septiembre de 2008\u00a0en sector del camping John Goodall, a unos 50 km al sur de R\u00edo Grande, se [&hellip;]<\/p>\n","protected":false},"author":5,"featured_media":416505,"comment_status":"open","ping_status":"open","sticky":false,"template":"","format":"standard","meta":{"_stopmodifiedupdate":false,"_modified_date":"","inline_featured_image":false,"spay_email":"","jetpack_publicize_message":""},"categories":[3],"tags":[],"jetpack_featured_media_url":"https:\/\/notinor.com\/jujuy\/wp-content\/uploads\/2024\/09\/ASESINATO.jpg","jetpack_publicize_connections":[],"_links":{"self":[{"href":"https:\/\/notinor.com\/jujuy\/wp-json\/wp\/v2\/posts\/416504"}],"collection":[{"href":"https:\/\/notinor.com\/jujuy\/wp-json\/wp\/v2\/posts"}],"about":[{"href":"https:\/\/notinor.com\/jujuy\/wp-json\/wp\/v2\/types\/post"}],"author":[{"embeddable":true,"href":"https:\/\/notinor.com\/jujuy\/wp-json\/wp\/v2\/users\/5"}],"replies":[{"embeddable":true,"href":"https:\/\/notinor.com\/jujuy\/wp-json\/wp\/v2\/comments?post=416504"}],"version-history":[{"count":1,"href":"https:\/\/notinor.com\/jujuy\/wp-json\/wp\/v2\/posts\/416504\/revisions"}],"predecessor-version":[{"id":416507,"href":"https:\/\/notinor.com\/jujuy\/wp-json\/wp\/v2\/posts\/416504\/revisions\/416507"}],"wp:featuredmedia":[{"embeddable":true,"href":"https:\/\/notinor.com\/jujuy\/wp-json\/wp\/v2\/media\/416505"}],"wp:attachment":[{"href":"https:\/\/notinor.com\/jujuy\/wp-json\/wp\/v2\/media?parent=416504"}],"wp:term":[{"taxonomy":"category","embeddable":true,"href":"https:\/\/notinor.com\/jujuy\/wp-json\/wp\/v2\/categories?post=416504"},{"taxonomy":"post_tag","embeddable":true,"href":"https:\/\/notinor.com\/jujuy\/wp-json\/wp\/v2\/tags?post=416504"}],"curies":[{"name":"wp","href":"https:\/\/api.w.org\/{rel}","templated":true}]}}