{"id":416493,"date":"2024-09-30T08:55:12","date_gmt":"2024-09-30T11:55:12","guid":{"rendered":"https:\/\/notinor.com\/jujuy\/?p=416493"},"modified":"2024-09-30T08:55:14","modified_gmt":"2024-09-30T11:55:14","slug":"el-tren-solar-de-la-quebrada-distinguido-como-la-atraccion-turistica-novedosa-del-2024","status":"publish","type":"post","link":"https:\/\/notinor.com\/jujuy\/el-tren-solar-de-la-quebrada-distinguido-como-la-atraccion-turistica-novedosa-del-2024\/","title":{"rendered":"El Tren Solar de la Quebrada distinguido como la atracci\u00f3n tur\u00edstica novedosa del 2024"},"content":{"rendered":"\n<p class=\"has-medium-font-size\"><strong><em>En el marco de la segunda edici\u00f3n de los premios Federales de la Industria Tur\u00edstica (FED), el Tren Solar de la Quebrada recibi\u00f3 el reconocimiento como la atracci\u00f3n tur\u00edstica novedosa del 2024; mientras que la regi\u00f3n del Norte fue premiada por el trabajo en equipo.<\/em><\/strong><\/p>\n\n\n\n<figure class=\"wp-block-image\"><img decoding=\"async\" src=\"https:\/\/media.prensa.jujuy.gob.ar\/p\/42ffa278658e27db705dda791ff89b89\/adjuntos\/301\/imagenes\/000\/402\/0000402064\/1200x0\/smart\/premio-nortejpg.jpg\" alt=\"El Tren Solar de la Quebrada distinguido como la atracci\u00f3n tur\u00edstica novedosa del 2024\" title=\"El Tren Solar de la Quebrada distinguido como la atracci\u00f3n tur\u00edstica novedosa del 2024\"\/><\/figure>\n\n\n\n<p>Posterior al desarrollo del primer d\u00eda de la Feria Internacional del Turismo, el pabell\u00f3n 5 del Centro Costa Salguero de la ciudad de Buenos Aires, fue el escenario para la entrega de los premios FED 2024 a distintos actores que hacen a la industria tur\u00edstica de nuestro pa\u00eds.<a href=\"https:\/\/media.prensa.jujuy.gob.ar\/p\/42ffa278658e27db705dda791ff89b89\/adjuntos\/301\/imagenes\/000\/402\/0000402064\/1200x0\/smart\/premio-nortejpg.jpg\"><\/a><\/p>\n\n\n\n<figure class=\"wp-block-image\"><img decoding=\"async\" src=\"https:\/\/media.prensa.jujuy.gob.ar\/p\/af2428b62b2f1cf78802335786b7d56f\/adjuntos\/301\/imagenes\/000\/402\/0000402065\/1200x0\/smart\/premio-trenjpeg.jpeg\" alt=\"El Tren Solar de la Quebrada distinguido como la atracci\u00f3n tur\u00edstica novedosa del 2024\" title=\"El Tren Solar de la Quebrada distinguido como la atracci\u00f3n tur\u00edstica novedosa del 2024\"\/><\/figure>\n\n\n\n<p>En este sentido, la provincia de Jujuy fue galardonada en dos oportunidades, siendo el Tren Solar de la Quebrada quien se lleve todas las miradas al ser elegido como la atracci\u00f3n tur\u00edstica novedosa de este a\u00f1o; y Jujuy, junto con las provincias que componen la regi\u00f3n del Norte recibieron el premio \u201cHay equipo\u201d en virtud del trabajo mancomunado que vienen realizando.<\/p>\n\n\n\n<p>Al recibir el premio, el ministro de cultura y turismo de Jujuy Federico Posadas, junto a la Vicepresidenta del Ente de Turismo de Tucum\u00e1n, In\u00e9s Fr\u00edas Silva; expres\u00f3 que \u201cno es casualidad que el Norte de la provincia reciba esta distinci\u00f3n ya que venimos trabajando de forma conjunta hace tiempo, posicionando la regi\u00f3n, aprovechando la cercan\u00eda geogr\u00e1fica que tenemos entre las seis provincias y trabajamos fuertemente promocionando el destino a nivel nacional e internacional\u201d.<\/p>\n\n\n\n<p>Por su parte, Juan Cabrera, Pte. del Ente del Tren Solar de la Quebrada, luego de recibir el reconocimiento se mostr\u00f3 emocionado y afirm\u00f3 que \u201ces un placer representar a un \u00edcono en la provincia de Jujuy que tiene el coraz\u00f3n de metal pero todo el amor de las personas que viven en la Quebrada de Humahuaca y d\u00eda a d\u00eda preparan experiencias culturales y tur\u00edsticas para todos los que recorren Jujuy en este nuevo atractivo\u201d.&nbsp;<\/p>\n\n\n\n<p>\u201cCumplimos el primer objetivo que era unir la estaci\u00f3n de Volc\u00e1n con Tilcara, y a partir de ahora pensamos en incorporar viajes nocturnos para la vista de estrellas en el marco del astroturismo, es un producto muy demandado y estamos trabajando para poder concretarlo muy pronto\u201d.&nbsp;<\/p>\n\n\n\n<p>Los premios FED son un merecido reconocimiento a las personas, empresas, destinos e instituciones del sector tur\u00edstico; donde por su liderazgo y esfuerzo en adaptarse a los nuevos paradigmas tur\u00edsticos del mundo, inspiran y transforman las nuevas formas de pensar a la actividad tur\u00edstica en nuestro pa\u00eds.<\/p>\n","protected":false},"excerpt":{"rendered":"<p>En el marco de la segunda edici\u00f3n de los premios Federales de la Industria Tur\u00edstica (FED), el Tren Solar de la Quebrada recibi\u00f3 el reconocimiento como la atracci\u00f3n tur\u00edstica novedosa del 2024; mientras que la regi\u00f3n del Norte fue premiada por el trabajo en equipo. Posterior al desarrollo del primer d\u00eda de la Feria Internacional [&hellip;]<\/p>\n","protected":false},"author":5,"featured_media":416494,"comment_status":"open","ping_status":"open","sticky":false,"template":"","format":"standard","meta":{"_stopmodifiedupdate":false,"_modified_date":"","inline_featured_image":false,"spay_email":"","jetpack_publicize_message":""},"categories":[2,4],"tags":[],"jetpack_featured_media_url":"https:\/\/notinor.com\/jujuy\/wp-content\/uploads\/2024\/09\/FED.jpg","jetpack_publicize_connections":[],"_links":{"self":[{"href":"https:\/\/notinor.com\/jujuy\/wp-json\/wp\/v2\/posts\/416493"}],"collection":[{"href":"https:\/\/notinor.com\/jujuy\/wp-json\/wp\/v2\/posts"}],"about":[{"href":"https:\/\/notinor.com\/jujuy\/wp-json\/wp\/v2\/types\/post"}],"author":[{"embeddable":true,"href":"https:\/\/notinor.com\/jujuy\/wp-json\/wp\/v2\/users\/5"}],"replies":[{"embeddable":true,"href":"https:\/\/notinor.com\/jujuy\/wp-json\/wp\/v2\/comments?post=416493"}],"version-history":[{"count":1,"href":"https:\/\/notinor.com\/jujuy\/wp-json\/wp\/v2\/posts\/416493\/revisions"}],"predecessor-version":[{"id":416495,"href":"https:\/\/notinor.com\/jujuy\/wp-json\/wp\/v2\/posts\/416493\/revisions\/416495"}],"wp:featuredmedia":[{"embeddable":true,"href":"https:\/\/notinor.com\/jujuy\/wp-json\/wp\/v2\/media\/416494"}],"wp:attachment":[{"href":"https:\/\/notinor.com\/jujuy\/wp-json\/wp\/v2\/media?parent=416493"}],"wp:term":[{"taxonomy":"category","embeddable":true,"href":"https:\/\/notinor.com\/jujuy\/wp-json\/wp\/v2\/categories?post=416493"},{"taxonomy":"post_tag","embeddable":true,"href":"https:\/\/notinor.com\/jujuy\/wp-json\/wp\/v2\/tags?post=416493"}],"curies":[{"name":"wp","href":"https:\/\/api.w.org\/{rel}","templated":true}]}}