{"id":416368,"date":"2024-09-26T12:41:09","date_gmt":"2024-09-26T15:41:09","guid":{"rendered":"https:\/\/notinor.com\/jujuy\/?p=416368"},"modified":"2024-09-26T12:41:10","modified_gmt":"2024-09-26T15:41:10","slug":"la-justicia-avalo-un-reclamo-de-los-pilotos-y-suspendio-los-decretos-de-milei-que-fijaban-el-servicio-como-esencial","status":"publish","type":"post","link":"https:\/\/notinor.com\/jujuy\/la-justicia-avalo-un-reclamo-de-los-pilotos-y-suspendio-los-decretos-de-milei-que-fijaban-el-servicio-como-esencial\/","title":{"rendered":"La Justicia aval\u00f3 un reclamo de los pilotos y suspendi\u00f3 los decretos de Milei que fijaban el servicio como esencial"},"content":{"rendered":"\n<p class=\"has-medium-font-size\"><strong><em>El gremio APLA, comandado por Pablo Bir\u00f3, hab\u00eda presentado una acci\u00f3n de amparo contra las normativas del Gobierno que buscaban controlar los impactos de las medidas de fuerza sindicales<\/em><\/strong>.<\/p>\n\n\n<div class=\"wp-block-image\">\n<figure class=\"aligncenter size-large\"><img decoding=\"async\" loading=\"lazy\" width=\"766\" height=\"480\" src=\"https:\/\/notinor.com\/jujuy\/wp-content\/uploads\/2024\/09\/BIRO-1-766x480.jpg\" alt=\"\" class=\"wp-image-416369\" srcset=\"https:\/\/notinor.com\/jujuy\/wp-content\/uploads\/2024\/09\/BIRO-1-766x480.jpg 766w, https:\/\/notinor.com\/jujuy\/wp-content\/uploads\/2024\/09\/BIRO-1-582x365.jpg 582w, https:\/\/notinor.com\/jujuy\/wp-content\/uploads\/2024\/09\/BIRO-1-768x481.jpg 768w, https:\/\/notinor.com\/jujuy\/wp-content\/uploads\/2024\/09\/BIRO-1-750x470.jpg 750w, https:\/\/notinor.com\/jujuy\/wp-content\/uploads\/2024\/09\/BIRO-1.jpg 788w\" sizes=\"(max-width: 766px) 100vw, 766px\" \/><figcaption class=\"wp-element-caption\">El titular de APLA, Pablo Bir\u00f3<\/figcaption><\/figure><\/div>\n\n\n<p>La Justicia fue contra el Gobierno este jueves y acept\u00f3 una\u00a0<strong>acci\u00f3n de amparo<\/strong>\u00a0presentada por el\u00a0<strong>gremio de los pilotos<\/strong> <strong>sobre los decretos del gobierno de Javier Milei que fijaban la esencialidad del servicio<\/strong>.\u00a0La disposici\u00f3n correr\u00e1 por\u00a0<strong>tres meses<\/strong>\u00a0y ser\u00e1\u00a0<strong>exclusiva para los trabajadores nucleados en la Asociaci\u00f3n de Pilotos de L\u00edneas A\u00e9reas (APLA)<\/strong>, conducida por\u00a0<strong>Pablo Bir\u00f3.<\/strong><\/p>\n\n\n\n<p>Este es el segundo rev\u00e9s para la Casa Rosada en 48 horas, debido a que ayer el fiscal&nbsp;<strong>Franco Picardi<\/strong>&nbsp;desestim\u00f3 la denuncia de la ministra de Seguridad,&nbsp;<strong>Patricia Bullrich<\/strong>, contra Bir\u00f3 por \u201cincitaci\u00f3n a la violencia\u201d.<\/p>\n\n\n\n<p>La resoluci\u00f3n de este jueves fue del&nbsp;<strong>Juzgado de Trabajo N\u00b0 42<\/strong>, a cargo de&nbsp;<strong>Ricardo Hierrezuelo<\/strong>. Desde el gremio denunciaban que Aerol\u00edneas Argentinas quer\u00eda, a trav\u00e9s de estos decretos, limitar el ejercicio del derecho de huelga.<strong>&nbsp;\u201cUna vez m\u00e1s, la raz\u00f3n y la ley est\u00e1n de nuestro lado\u201d<\/strong>, celebraron desde APLA en un comunicado que publicaron en sus redes sociales.&nbsp;<strong>LA NACION pudo averiguar que el Gobierno ya prepara la apelaci\u00f3n de la medida.<\/strong><\/p>\n\n\n\n<p>De momento la Justicia no se expidi\u00f3 sobre la cuesti\u00f3n de fondo, sino que el juez determin\u00f3 una acci\u00f3n urgente para que<strong>\u00a0se suspendan los efectos de los decretos hasta la sentencia definitiva.\u00a0<\/strong>Lo hizo a trav\u00e9s de esta resoluci\u00f3n en la que aval\u00f3 la cautelar innovativa solicitada por los pilotos y orden\u00f3 \u201c<strong>suspender los efectos de los decretos 825\/2024 y 831\/2024 respecto de APLA y de los trabajadores comprendidos dentro del \u00e1mbito de representaci\u00f3n personal de dicha asociaci\u00f3n sindical por el plazo de tres meses<\/strong>\u201d.<\/p>\n\n\n\n<p>Entre sus justificativos, el magistrado se\u00f1al\u00f3 que APLA acredit\u00f3&nbsp;<strong>\u201cdebidamente\u201d la verosimilitud del derecho de huelga<\/strong>, que adem\u00e1s se encuentra \u201cexpresamente reconocido\u201d en la Argentina, tanto en la Constituci\u00f3n como en los pactos internacionales a los que suscribi\u00f3.<\/p>\n\n\n\n<p>\u201cNuestro pa\u00eds no contiene una regulaci\u00f3n espec\u00edfica sobre la\u00a0<strong>huelga en los servicios esenciales<\/strong>, por lo que la reglamentaci\u00f3n que se intente sobre los mismos, que \u00ednsitamente trae aparejada una limitaci\u00f3n y restricci\u00f3n al ejercicio de dicho derecho, debe analizarse con extrema<strong> prudencia y excepcionalidad<\/strong>, para no convertir en letra muerta el ejercicio de un derecho constitucional\u201d, se\u00f1al\u00f3 Hierrezuelo, quien adem\u00e1s se ampar\u00f3 -al igual que la fiscal\u00eda- en que el Comit\u00e9 de Libertad Sindical de la Organizaci\u00f3n Internacional del Trabajo (OIT) destac\u00f3 enf\u00e1ticamente que el derecho de huelga<strong>\u00a0\u201ces uno de los elementos esenciales del derecho sindical\u201d\u00a0<\/strong>y que \u201cen la mayor parte de los pa\u00edses constituye un derecho\u00a0<strong>leg\u00edtimo<\/strong>\u00a0al que pueden recurrir los sindicatos para\u00a0<strong>defender los intereses de sus miembros<\/strong>\u201d. Tambi\u00e9n cit\u00f3 a ese comit\u00e9 de la OIT al respecto de que no constituyen servicios esenciales los pilotos de l\u00edneas a\u00e9reas.<\/p>\n\n\n\n<p>Asimismo, el juez consider\u00f3 que el peligro en la demora \u201ces evidente\u201d y que, por lo tanto, la medida pedida por el gremio es \u201cla \u00fanica eficaz\u201d para no limitarles la posibilidad de protesta, en medio del&nbsp;<strong>conflicto salarial&nbsp;<\/strong>que hay en&nbsp;<strong>Aerol\u00edneas Argentinas<\/strong>, que tiene como CEO a&nbsp;<strong>Fabi\u00e1n Lombardo.<\/strong><\/p>\n\n\n\n<p>Entonces, el juez admiti\u00f3 la cautelar, pero aclar\u00f3 que eso no implicaba<strong>&nbsp;\u201cadelantar opini\u00f3n\u201d acerca de la \u201csuerte final\u201d del litigio y \u201cmenos a\u00fan\u201d de la discusi\u00f3n jur\u00eddica subyacente,&nbsp;<\/strong>en la que APLA considera que los decretos del gobierno de Milei deber\u00edan ser directamente declarados nulos o inconstitucionales.<\/p>\n\n\n\n<p><strong>La denuncia contra Bir\u00f3<\/strong><\/p>\n\n\n\n<p>El mi\u00e9rcoles el sindicato tambi\u00e9n celebr\u00f3 que Picardi decidiera no iniciar acciones contra Bir\u00f3, uno de los l\u00edderes aeron\u00e1uticos m\u00e1s cuestionados por la Casa Rosada, a quien consideran art\u00edfice de los paros que provocan caos en los aeropuertos. El secretario general de los pilotos dijo luego que se empezaba a caer la \u201ccampa\u00f1a de demonizaci\u00f3n\u201d que la gesti\u00f3n libertaria hab\u00eda montado en su contra.&nbsp;<strong>\u201cSi \u00e9l deja de parar el pa\u00eds, nadie lo va a demonizar. Si \u00e9l amenaza, seguiremos por el camino de la denuncia\u201d,&nbsp;<\/strong>le advirti\u00f3 ante&nbsp;<strong>LA NACION<\/strong>&nbsp;Bullrich, quien lo hab\u00eda llevado a la Justicia sin suerte.<\/p>\n\n\n\n<p>Con un&nbsp;<strong>conflicto&nbsp;<\/strong>que recrudece d\u00eda a d\u00eda, m\u00e1s all\u00e1 del plano salarial transcurre la intenci\u00f3n oficialista de&nbsp;<strong>privatizar&nbsp;<\/strong>la compa\u00f1\u00eda. Ayer, mientras en APLA celebraban la medida judicial a favor de Bir\u00f3, en las comisiones de Transportes y Presupuesto de Diputados iniciaba la discusi\u00f3n para que el Estado quede desafectado de la compa\u00f1\u00eda.<\/p>\n\n\n\n<p>En eso, el secretario de Transporte,&nbsp;<strong>Franco Mogetta<\/strong>, subi\u00f3 la apuesta cuando desliz\u00f3 que la empresa estatal podr\u00eda ir hacia el&nbsp;<strong>cierre&nbsp;<\/strong>si no consiguen reemplazo para el gerente operacional que, seg\u00fan su visi\u00f3n, renunci\u00f3 por presi\u00f3n sindical. Desde los gremios, en tanto, denuncian que el Gobierno busca un<em>&nbsp;lock out&nbsp;<\/em>patronal para desligarse de Aerol\u00edneas.<\/p>\n","protected":false},"excerpt":{"rendered":"<p>El gremio APLA, comandado por Pablo Bir\u00f3, hab\u00eda presentado una acci\u00f3n de amparo contra las normativas del Gobierno que buscaban controlar los impactos de las medidas de fuerza sindicales. La Justicia fue contra el Gobierno este jueves y acept\u00f3 una\u00a0acci\u00f3n de amparo\u00a0presentada por el\u00a0gremio de los pilotos sobre los decretos del gobierno de Javier Milei [&hellip;]<\/p>\n","protected":false},"author":5,"featured_media":416369,"comment_status":"open","ping_status":"open","sticky":false,"template":"","format":"standard","meta":{"_stopmodifiedupdate":false,"_modified_date":"","inline_featured_image":false,"spay_email":"","jetpack_publicize_message":""},"categories":[2],"tags":[],"jetpack_featured_media_url":"https:\/\/notinor.com\/jujuy\/wp-content\/uploads\/2024\/09\/BIRO-1.jpg","jetpack_publicize_connections":[],"_links":{"self":[{"href":"https:\/\/notinor.com\/jujuy\/wp-json\/wp\/v2\/posts\/416368"}],"collection":[{"href":"https:\/\/notinor.com\/jujuy\/wp-json\/wp\/v2\/posts"}],"about":[{"href":"https:\/\/notinor.com\/jujuy\/wp-json\/wp\/v2\/types\/post"}],"author":[{"embeddable":true,"href":"https:\/\/notinor.com\/jujuy\/wp-json\/wp\/v2\/users\/5"}],"replies":[{"embeddable":true,"href":"https:\/\/notinor.com\/jujuy\/wp-json\/wp\/v2\/comments?post=416368"}],"version-history":[{"count":1,"href":"https:\/\/notinor.com\/jujuy\/wp-json\/wp\/v2\/posts\/416368\/revisions"}],"predecessor-version":[{"id":416370,"href":"https:\/\/notinor.com\/jujuy\/wp-json\/wp\/v2\/posts\/416368\/revisions\/416370"}],"wp:featuredmedia":[{"embeddable":true,"href":"https:\/\/notinor.com\/jujuy\/wp-json\/wp\/v2\/media\/416369"}],"wp:attachment":[{"href":"https:\/\/notinor.com\/jujuy\/wp-json\/wp\/v2\/media?parent=416368"}],"wp:term":[{"taxonomy":"category","embeddable":true,"href":"https:\/\/notinor.com\/jujuy\/wp-json\/wp\/v2\/categories?post=416368"},{"taxonomy":"post_tag","embeddable":true,"href":"https:\/\/notinor.com\/jujuy\/wp-json\/wp\/v2\/tags?post=416368"}],"curies":[{"name":"wp","href":"https:\/\/api.w.org\/{rel}","templated":true}]}}