{"id":416361,"date":"2024-09-26T12:34:02","date_gmt":"2024-09-26T15:34:02","guid":{"rendered":"https:\/\/notinor.com\/jujuy\/?p=416361"},"modified":"2024-09-26T12:34:04","modified_gmt":"2024-09-26T15:34:04","slug":"se-realizo-la-actividad-hablemos-de-todo-junto-a-carroceros-y-estudiantes","status":"publish","type":"post","link":"https:\/\/notinor.com\/jujuy\/se-realizo-la-actividad-hablemos-de-todo-junto-a-carroceros-y-estudiantes\/","title":{"rendered":"Se realiz\u00f3 la actividad \"Hablemos de Todo\" junto a carroceros y estudiantes"},"content":{"rendered":"\n<p class=\"has-medium-font-size\"><strong><em>Los concejales Lisandro Aguiar y Melisa Silva protagonizaron juntos a los estudiantes y carroceros, de la actividad \"Hablemos de Todo\", en el marco de la Fiesta Nacional de los Estudiantes. Esta actividad, organizada por el Concejo Deliberante de San Salvador de Jujuy, se realiza por tercer a\u00f1o consecutivo.<\/em><\/strong><\/p>\n\n\n<div class=\"wp-block-image\">\n<figure class=\"aligncenter size-large\"><img decoding=\"async\" loading=\"lazy\" width=\"662\" height=\"480\" src=\"https:\/\/notinor.com\/jujuy\/wp-content\/uploads\/2024\/09\/Hablemos-1-662x480.jpg\" alt=\"\" class=\"wp-image-416363\" srcset=\"https:\/\/notinor.com\/jujuy\/wp-content\/uploads\/2024\/09\/Hablemos-1-662x480.jpg 662w, https:\/\/notinor.com\/jujuy\/wp-content\/uploads\/2024\/09\/Hablemos-1-503x365.jpg 503w, https:\/\/notinor.com\/jujuy\/wp-content\/uploads\/2024\/09\/Hablemos-1-768x557.jpg 768w, https:\/\/notinor.com\/jujuy\/wp-content\/uploads\/2024\/09\/Hablemos-1-1536x1114.jpg 1536w, https:\/\/notinor.com\/jujuy\/wp-content\/uploads\/2024\/09\/Hablemos-1-2048x1485.jpg 2048w, https:\/\/notinor.com\/jujuy\/wp-content\/uploads\/2024\/09\/Hablemos-1-120x86.jpg 120w, https:\/\/notinor.com\/jujuy\/wp-content\/uploads\/2024\/09\/Hablemos-1-750x544.jpg 750w, https:\/\/notinor.com\/jujuy\/wp-content\/uploads\/2024\/09\/Hablemos-1-1140x827.jpg 1140w\" sizes=\"(max-width: 662px) 100vw, 662px\" \/><\/figure><\/div>\n\n\n<p>\"Hablemos de Todo\" es un proyecto que pretende lograr la intervenci\u00f3n y cercan\u00eda entre el Concejo Deliberante de San Salvador de Jujuy y el estudiantado juje\u00f1o, con el objetivo de abordar problem\u00e1ticas que hoy preocupan a nuestros j\u00f3venes, como en Uso Responsable de las Redes Sociales y en Cyberbullying. Este a\u00f1o agregaron la Ludopat\u00eda.<\/p>\n\n\n<div class=\"wp-block-image\">\n<figure class=\"aligncenter size-large\"><img decoding=\"async\" loading=\"lazy\" width=\"672\" height=\"480\" src=\"https:\/\/notinor.com\/jujuy\/wp-content\/uploads\/2024\/09\/Hablemos-2-672x480.jpg\" alt=\"\" class=\"wp-image-416364\" srcset=\"https:\/\/notinor.com\/jujuy\/wp-content\/uploads\/2024\/09\/Hablemos-2-672x480.jpg 672w, https:\/\/notinor.com\/jujuy\/wp-content\/uploads\/2024\/09\/Hablemos-2-511x365.jpg 511w, https:\/\/notinor.com\/jujuy\/wp-content\/uploads\/2024\/09\/Hablemos-2-768x548.jpg 768w, https:\/\/notinor.com\/jujuy\/wp-content\/uploads\/2024\/09\/Hablemos-2-1536x1097.jpg 1536w, https:\/\/notinor.com\/jujuy\/wp-content\/uploads\/2024\/09\/Hablemos-2-2048x1462.jpg 2048w, https:\/\/notinor.com\/jujuy\/wp-content\/uploads\/2024\/09\/Hablemos-2-120x86.jpg 120w, https:\/\/notinor.com\/jujuy\/wp-content\/uploads\/2024\/09\/Hablemos-2-350x250.jpg 350w, https:\/\/notinor.com\/jujuy\/wp-content\/uploads\/2024\/09\/Hablemos-2-750x535.jpg 750w, https:\/\/notinor.com\/jujuy\/wp-content\/uploads\/2024\/09\/Hablemos-2-1140x814.jpg 1140w\" sizes=\"(max-width: 672px) 100vw, 672px\" \/><\/figure><\/div>\n\n\n<p>La ejecuci\u00f3n del proyecto fue mediante el formato de \"El Juego de la Oca\", con un circuito adaptado con preguntas y respuestas referidas a la tem\u00e1tica planteada, que tuvo una importante respuesta de los alumnos y carroceros de los diferentes establecimientos educativos. Los ganadores recibieron premios consistentes en gaseosas, comestibles dulces y salados, entre otros.<\/p>\n\n\n<div class=\"wp-block-image\">\n<figure class=\"aligncenter size-large\"><img decoding=\"async\" loading=\"lazy\" width=\"720\" height=\"480\" src=\"https:\/\/notinor.com\/jujuy\/wp-content\/uploads\/2024\/09\/Hablemos-3-720x480.jpg\" alt=\"\" class=\"wp-image-416365\" srcset=\"https:\/\/notinor.com\/jujuy\/wp-content\/uploads\/2024\/09\/Hablemos-3-720x480.jpg 720w, https:\/\/notinor.com\/jujuy\/wp-content\/uploads\/2024\/09\/Hablemos-3-548x365.jpg 548w, https:\/\/notinor.com\/jujuy\/wp-content\/uploads\/2024\/09\/Hablemos-3-768x512.jpg 768w, https:\/\/notinor.com\/jujuy\/wp-content\/uploads\/2024\/09\/Hablemos-3-1536x1024.jpg 1536w, https:\/\/notinor.com\/jujuy\/wp-content\/uploads\/2024\/09\/Hablemos-3-2048x1365.jpg 2048w, https:\/\/notinor.com\/jujuy\/wp-content\/uploads\/2024\/09\/Hablemos-3-750x500.jpg 750w, https:\/\/notinor.com\/jujuy\/wp-content\/uploads\/2024\/09\/Hablemos-3-1140x760.jpg 1140w\" sizes=\"(max-width: 720px) 100vw, 720px\" \/><\/figure><\/div>\n\n\n<p>Al respecto, el presidente del Concejo Deliberante, <strong>Lisandro Aguiar<\/strong>, afirm\u00f3: \"es un gusto poder estar en parque cerrado de este hermoso predio de Ciudad Cultural, donde por la celebraci\u00f3n de la nueva edici\u00f3n de la Fiesta Nacional de los Estudiantes se observa a j\u00f3venes de diferentes establecimientos escolares de nuestra Ciudad y tambi\u00e9n de otras ciudades del interior de la provincia, compartiendo, pasando un buen momento, porque la fiesta da esa posibilidad de confraternizar, compartir valores, esforzarse mutuamente en pos de un proyecto, de una iniciativa\".<\/p>\n\n\n<div class=\"wp-block-image\">\n<figure class=\"aligncenter size-large\"><img decoding=\"async\" loading=\"lazy\" width=\"658\" height=\"480\" src=\"https:\/\/notinor.com\/jujuy\/wp-content\/uploads\/2024\/09\/Hablemos-4-658x480.jpg\" alt=\"\" class=\"wp-image-416366\" srcset=\"https:\/\/notinor.com\/jujuy\/wp-content\/uploads\/2024\/09\/Hablemos-4-658x480.jpg 658w, https:\/\/notinor.com\/jujuy\/wp-content\/uploads\/2024\/09\/Hablemos-4-500x365.jpg 500w, https:\/\/notinor.com\/jujuy\/wp-content\/uploads\/2024\/09\/Hablemos-4-768x560.jpg 768w, https:\/\/notinor.com\/jujuy\/wp-content\/uploads\/2024\/09\/Hablemos-4-1536x1121.jpg 1536w, https:\/\/notinor.com\/jujuy\/wp-content\/uploads\/2024\/09\/Hablemos-4-2048x1494.jpg 2048w, https:\/\/notinor.com\/jujuy\/wp-content\/uploads\/2024\/09\/Hablemos-4-750x547.jpg 750w, https:\/\/notinor.com\/jujuy\/wp-content\/uploads\/2024\/09\/Hablemos-4-1140x832.jpg 1140w\" sizes=\"(max-width: 658px) 100vw, 658px\" \/><\/figure><\/div>\n\n\n<p>\"En este sentido, estamos trabajando en cuestiones que nos parecen importantes \u2013continu\u00f3 Aguiar- c\u00f3mo generar conciencia en todo lo que tiene que ver con el&nbsp;bullying, con el ciberacoso, con la posibilidad de defenderse y tener herramientas al respecto. El trabajo que viene desarrollando tanto el Ministerio de Desarrollo Humano de la provincia, como la Secretar\u00eda de Desarrollo Humano del municipio es muy importante y el Concejo Deliberante sum\u00e1ndose, acompa\u00f1ando a los chicos,&nbsp; haciendo de esto un juego, una actividad l\u00fadica, que nos permita ense\u00f1ar, a los chicos formarse y recibir premios para los canchones\".<\/p>\n\n\n\n<p>Por \u00faltimo, Lisandro Aguiar destac\u00f3: \"Es fundamental buscar herramientas, cada herramienta sirve en un determinado contexto, en este sentido estamos con los j\u00f3venes en el marco de la Fiesta Nacional de los Estudiantes, y creo que esta es una buena herramienta para dejar conceptos, valores, que luego tienen que ser reforzados en los establecimientos escolares, a trav\u00e9s de la educaci\u00f3n formal\".<\/p>\n\n\n\n<p>Por su parte, la concejala impulsora de la iniciativa, <strong>Melisa Silva<\/strong>, remarc\u00f3: \"Estamos nuevamente en Ciudad Cultural con un juego que se llama Hablemos de Todo, hay mucha participaci\u00f3n de los chicos, es el tercer a\u00f1o que lo hacemos, da buenos resultados, los chicos se prenden, se divierten mucho y nos da la posibilidad de entregarles premios\".<\/p>\n\n\n\n<p>\"Hablemos de Todo es un juego de preguntas y respuestas para los carroceros, para la edad de los chicos, que trata sobre temas de actualidad como el ciberbullying, cuestiones de seguridad en redes, ahora incorporamos tambi\u00e9n cuestiones de ludopat\u00eda infantil, el tema de las apuestas en l\u00ednea y las cuestiones de seguridad que esto conlleva\", culmin\u00f3 Melisa Silva. &nbsp;<\/p>\n","protected":false},"excerpt":{"rendered":"<p>Los concejales Lisandro Aguiar y Melisa Silva protagonizaron juntos a los estudiantes y carroceros, de la actividad \"Hablemos de Todo\", en el marco de la Fiesta Nacional de los Estudiantes. Esta actividad, organizada por el Concejo Deliberante de San Salvador de Jujuy, se realiza por tercer a\u00f1o consecutivo. \"Hablemos de Todo\" es un proyecto que [&hellip;]<\/p>\n","protected":false},"author":5,"featured_media":416362,"comment_status":"open","ping_status":"open","sticky":false,"template":"","format":"standard","meta":{"_stopmodifiedupdate":false,"_modified_date":"","inline_featured_image":false,"spay_email":"","jetpack_publicize_message":""},"categories":[594],"tags":[],"jetpack_featured_media_url":"https:\/\/notinor.com\/jujuy\/wp-content\/uploads\/2024\/09\/Hablemos-scaled.jpg","jetpack_publicize_connections":[],"_links":{"self":[{"href":"https:\/\/notinor.com\/jujuy\/wp-json\/wp\/v2\/posts\/416361"}],"collection":[{"href":"https:\/\/notinor.com\/jujuy\/wp-json\/wp\/v2\/posts"}],"about":[{"href":"https:\/\/notinor.com\/jujuy\/wp-json\/wp\/v2\/types\/post"}],"author":[{"embeddable":true,"href":"https:\/\/notinor.com\/jujuy\/wp-json\/wp\/v2\/users\/5"}],"replies":[{"embeddable":true,"href":"https:\/\/notinor.com\/jujuy\/wp-json\/wp\/v2\/comments?post=416361"}],"version-history":[{"count":1,"href":"https:\/\/notinor.com\/jujuy\/wp-json\/wp\/v2\/posts\/416361\/revisions"}],"predecessor-version":[{"id":416367,"href":"https:\/\/notinor.com\/jujuy\/wp-json\/wp\/v2\/posts\/416361\/revisions\/416367"}],"wp:featuredmedia":[{"embeddable":true,"href":"https:\/\/notinor.com\/jujuy\/wp-json\/wp\/v2\/media\/416362"}],"wp:attachment":[{"href":"https:\/\/notinor.com\/jujuy\/wp-json\/wp\/v2\/media?parent=416361"}],"wp:term":[{"taxonomy":"category","embeddable":true,"href":"https:\/\/notinor.com\/jujuy\/wp-json\/wp\/v2\/categories?post=416361"},{"taxonomy":"post_tag","embeddable":true,"href":"https:\/\/notinor.com\/jujuy\/wp-json\/wp\/v2\/tags?post=416361"}],"curies":[{"name":"wp","href":"https:\/\/api.w.org\/{rel}","templated":true}]}}