{"id":416297,"date":"2024-09-25T13:18:11","date_gmt":"2024-09-25T16:18:11","guid":{"rendered":"https:\/\/notinor.com\/jujuy\/?p=416297"},"modified":"2024-09-25T13:18:15","modified_gmt":"2024-09-25T16:18:15","slug":"textuales-mogetta-aerolineas-argentinas","status":"publish","type":"post","link":"https:\/\/notinor.com\/jujuy\/textuales-mogetta-aerolineas-argentinas\/","title":{"rendered":"Textuales Mogetta \u2013 Aerol\u00edneas Argentinas"},"content":{"rendered":"\n<p class=\"has-medium-font-size\"><strong><em>\u201cEl proyecto que hoy se est\u00e1 presentando es en un contexto distinto, del mundo y de la Argentina. Hicimos un trabajo de desregulaci\u00f3n de la normativa. No puede ser un lujo volar porque es una necesidad conectarse en nuestro pa\u00eds. Queremos que operen m\u00e1s empresas y as\u00ed bajar los costos de los pasajes a trav\u00e9s de la competitividad\u201d<\/em><\/strong><\/p>\n\n\n<div class=\"wp-block-image\">\n<figure class=\"aligncenter size-large\"><img decoding=\"async\" loading=\"lazy\" width=\"667\" height=\"480\" src=\"https:\/\/notinor.com\/jujuy\/wp-content\/uploads\/2024\/09\/MOGUETA-667x480.jpg\" alt=\"\" class=\"wp-image-416298\" srcset=\"https:\/\/notinor.com\/jujuy\/wp-content\/uploads\/2024\/09\/MOGUETA-667x480.jpg 667w, https:\/\/notinor.com\/jujuy\/wp-content\/uploads\/2024\/09\/MOGUETA-507x365.jpg 507w, https:\/\/notinor.com\/jujuy\/wp-content\/uploads\/2024\/09\/MOGUETA-120x86.jpg 120w, https:\/\/notinor.com\/jujuy\/wp-content\/uploads\/2024\/09\/MOGUETA.jpg 713w\" sizes=\"(max-width: 667px) 100vw, 667px\" \/><figcaption class=\"wp-element-caption\">Franco Moguetta<\/figcaption><\/figure><\/div>\n\n\n<p>\u201cCon la desregulaci\u00f3n a\u00e9rea, que ya empez\u00f3 a tener sus frutos, los argentinos estamos teniendo m\u00e1s alternativas para volar por el pa\u00eds y a trav\u00e9s de toda la regi\u00f3n\u201d<\/p>\n\n\n\n<p>\u201cYa eliminamos las bandas tarifarias que imped\u00eda que se puedan ofrecer tarifas m\u00e1s bajas, quitamos el sistema de audiencias p\u00fablicas para nuevas rutas, agilizamos la operaci\u00f3n de nuevas aerol\u00edneas, reglamentamos la cooperaci\u00f3n entre empresas y la operaci\u00f3n de aeronaves de menor porte, facilitamos el uso de espacios en aeropuertos que antes copaba Aerol\u00edneas Argentinas. Desregulamos todo el sector para que los argentinos tengamos mayor conectividad\u201d.<\/p>\n\n\n\n<p>\u201cNo es un ataque a Aerol\u00edneas Argentinas. Nosotros queremos que Aerol\u00edneas Argentinas compita y con las mismas reglas que funciona para otras aerol\u00edneas. Hoy es una compa\u00f1\u00eda que tuvo que ser asistida en 8 mil millones de d\u00f3lares por el Estado Argentina. Es mucho dinero que no estamos en condiciones de entregar\u201d<\/p>\n\n\n\n<p>\u201cLos sindicalistas que dicen defender Aerol\u00edneas Argentinas son los que m\u00e1s la perjudican. Van 9 medidas de paro, por cada medida de fuerza Aerol\u00edneas Argentinas pierde aproximadamente 1 mill\u00f3n y medio de d\u00f3lares\u201d.<\/p>\n","protected":false},"excerpt":{"rendered":"<p>\u201cEl proyecto que hoy se est\u00e1 presentando es en un contexto distinto, del mundo y de la Argentina. Hicimos un trabajo de desregulaci\u00f3n de la normativa. No puede ser un lujo volar porque es una necesidad conectarse en nuestro pa\u00eds. Queremos que operen m\u00e1s empresas y as\u00ed bajar los costos de los pasajes a trav\u00e9s [&hellip;]<\/p>\n","protected":false},"author":5,"featured_media":416298,"comment_status":"open","ping_status":"open","sticky":false,"template":"","format":"standard","meta":{"_stopmodifiedupdate":false,"_modified_date":"","inline_featured_image":false,"spay_email":"","jetpack_publicize_message":""},"categories":[501],"tags":[],"jetpack_featured_media_url":"https:\/\/notinor.com\/jujuy\/wp-content\/uploads\/2024\/09\/MOGUETA.jpg","jetpack_publicize_connections":[],"_links":{"self":[{"href":"https:\/\/notinor.com\/jujuy\/wp-json\/wp\/v2\/posts\/416297"}],"collection":[{"href":"https:\/\/notinor.com\/jujuy\/wp-json\/wp\/v2\/posts"}],"about":[{"href":"https:\/\/notinor.com\/jujuy\/wp-json\/wp\/v2\/types\/post"}],"author":[{"embeddable":true,"href":"https:\/\/notinor.com\/jujuy\/wp-json\/wp\/v2\/users\/5"}],"replies":[{"embeddable":true,"href":"https:\/\/notinor.com\/jujuy\/wp-json\/wp\/v2\/comments?post=416297"}],"version-history":[{"count":1,"href":"https:\/\/notinor.com\/jujuy\/wp-json\/wp\/v2\/posts\/416297\/revisions"}],"predecessor-version":[{"id":416299,"href":"https:\/\/notinor.com\/jujuy\/wp-json\/wp\/v2\/posts\/416297\/revisions\/416299"}],"wp:featuredmedia":[{"embeddable":true,"href":"https:\/\/notinor.com\/jujuy\/wp-json\/wp\/v2\/media\/416298"}],"wp:attachment":[{"href":"https:\/\/notinor.com\/jujuy\/wp-json\/wp\/v2\/media?parent=416297"}],"wp:term":[{"taxonomy":"category","embeddable":true,"href":"https:\/\/notinor.com\/jujuy\/wp-json\/wp\/v2\/categories?post=416297"},{"taxonomy":"post_tag","embeddable":true,"href":"https:\/\/notinor.com\/jujuy\/wp-json\/wp\/v2\/tags?post=416297"}],"curies":[{"name":"wp","href":"https:\/\/api.w.org\/{rel}","templated":true}]}}