{"id":416279,"date":"2024-09-25T10:59:25","date_gmt":"2024-09-25T13:59:25","guid":{"rendered":"https:\/\/notinor.com\/jujuy\/?p=416279"},"modified":"2024-09-25T10:59:27","modified_gmt":"2024-09-25T13:59:27","slug":"despidieron-a-tres-empleados-de-intercargo-que-habian-sido-detenidos-por-robar-equipajes-en-ezeiza","status":"publish","type":"post","link":"https:\/\/notinor.com\/jujuy\/despidieron-a-tres-empleados-de-intercargo-que-habian-sido-detenidos-por-robar-equipajes-en-ezeiza\/","title":{"rendered":"Despidieron a tres empleados de Intercargo que habi\u00e1n sido detenidos por robar equipajes en Ezeiza"},"content":{"rendered":"\n<p class=\"has-medium-font-size\"><strong><em>La empresa estatal resolvi\u00f3 que el delito cometido por los operarios constituye una falta \u201cinexcusable\u201d. La causa llev\u00f3 tres meses de investigaci\u00f3n, luego de que la PSA advirtiera a trav\u00e9s de las c\u00e1maras de seguridad manejos inadecuados del equipaje por parte de los imputados<\/em><\/strong><\/p>\n\n\n\n<p class=\"has-text-align-center\"><img decoding=\"async\" loading=\"lazy\" alt=\"Los investigadores hallaron diversos candados de valijas en la casa de uno de los detenidos\n\" height=\"1433\" width=\"1911\" class=\"\" src=\"https:\/\/www.infobae.com\/new-resizer\/DsEGoe7cprgrjH9_PPIC_2HndOU=\/420x315\/filters:format(webp):quality(85)\/cloudfront-us-east-1.images.arcpublishing.com\/infobae\/ZYHSJM6HTFFMZGYG5EHGTBWWGY.jpg%20420w\" srcset=\"https:\/\/www.infobae.com\/new-resizer\/DsEGoe7cprgrjH9_PPIC_2HndOU=\/420x315\/filters:format(webp):quality(85)\/cloudfront-us-east-1.images.arcpublishing.com\/infobae\/ZYHSJM6HTFFMZGYG5EHGTBWWGY.jpg 420w,https:\/\/www.infobae.com\/new-resizer\/AJfbRjSkLokRz7LS4LkPDT1OLlY=\/768x576\/filters:format(webp):quality(85)\/cloudfront-us-east-1.images.arcpublishing.com\/infobae\/ZYHSJM6HTFFMZGYG5EHGTBWWGY.jpg 768w,https:\/\/www.infobae.com\/new-resizer\/qeO3UQ2E8KGXGeFCJBHE4JALHqI=\/992x744\/filters:format(webp):quality(85)\/cloudfront-us-east-1.images.arcpublishing.com\/infobae\/ZYHSJM6HTFFMZGYG5EHGTBWWGY.jpg 992w,https:\/\/www.infobae.com\/new-resizer\/ucgMvlBu5xYM6bMrSagMFWWlQ9E=\/1200x900\/filters:format(webp):quality(85)\/cloudfront-us-east-1.images.arcpublishing.com\/infobae\/ZYHSJM6HTFFMZGYG5EHGTBWWGY.jpg 1200w,https:\/\/www.infobae.com\/new-resizer\/ERwEzR0SXGpDOvID09w_OCp7AaI=\/1440x1080\/filters:format(webp):quality(85)\/cloudfront-us-east-1.images.arcpublishing.com\/infobae\/ZYHSJM6HTFFMZGYG5EHGTBWWGY.jpg 1440w\">Los investigadores hallaron diversos candados de valijas en la casa de uno de los detenidos<\/p>\n\n\n\n<p><strong>Intercargo, la empresa\u00a0<\/strong>estatal de asistencia en tierra que presta servicios a las principales l\u00edneas a\u00e9reas, despidi\u00f3 en las \u00faltimas horas a los tres empleados que <strong>hab\u00edan sido detenidos<\/strong> tras un allanamiento realizado en el\u00a0<strong>Aeropuerto Internacional Ministro Pistarini de Ezeiza<\/strong>.<\/p>\n\n\n\n<p>La&nbsp;<strong>Polic\u00eda de Seguridad Aeroportuaria (PSA)<\/strong>&nbsp;detuvo a los trabajadores, quienes fueron imputados por hurto y se les retuvo su credencial aeroportuaria. La medida se tom\u00f3 luego de una inspecci\u00f3n ordenada por el juez federal de Lomas de Zamora,&nbsp;<strong>Federico Villena<\/strong>, en una causa en la que interviene el fiscal&nbsp;<strong>Sergio Mola<\/strong>, de la&nbsp;<strong>Fiscal\u00eda Federal N\u00b0 1 de Lomas de Zamora<\/strong>.<\/p>\n\n\n\n<p>La investigaci\u00f3n, que se extendi\u00f3 durante tres meses, comenz\u00f3 cuando la PSA detect\u00f3 movimientos inadecuados del equipaje a trav\u00e9s de las c\u00e1maras de seguridad del aeropuerto. Tras recabar pruebas suficientes, se imput\u00f3 a los empleados por&nbsp;<strong>asociaci\u00f3n il\u00edcita y robo agravado<\/strong>. La fiscal\u00eda, a cargo del doctor&nbsp;<strong>Gerardo Fern\u00e1ndez<\/strong>, lider\u00f3 la investigaci\u00f3n que culmin\u00f3 con el despido inmediato de los implicados.<\/p>\n\n\n\n<p><strong>Intercargo<\/strong>, la principal empresa argentina de asistencia en tierra, desvincul\u00f3 de inmediato a los operarios. La empresa destac\u00f3 que el comportamiento de los empleados constituye&nbsp;<strong>una falta \u201cinexcusable\u201d<\/strong>&nbsp;que atenta contra sus principios y valores. En un comunicado, la compa\u00f1\u00eda reafirm\u00f3 su compromiso de brindar un servicio de asistencia en tierra con profesionalismo y excelencia, asegurando que no permitir\u00e1 ni avalar\u00e1 conductas que comprometan la calidad del servicio.<\/p>\n\n\n\n<p class=\"has-text-align-center\"><img decoding=\"async\" loading=\"lazy\" alt=\"Un reloj importado que fue secuestrado en los allanamientos\n\" height=\"1329\" width=\"1771\" class=\"\" src=\"https:\/\/www.infobae.com\/new-resizer\/MzsqWNKWmRV-3NLXBbRdikM3Eak=\/420x315\/filters:format(webp):quality(85)\/cloudfront-us-east-1.images.arcpublishing.com\/infobae\/DPKQPONYDVDWVLOANVGNCXSGD4.jpg%20420w\" srcset=\"https:\/\/www.infobae.com\/new-resizer\/MzsqWNKWmRV-3NLXBbRdikM3Eak=\/420x315\/filters:format(webp):quality(85)\/cloudfront-us-east-1.images.arcpublishing.com\/infobae\/DPKQPONYDVDWVLOANVGNCXSGD4.jpg 420w,https:\/\/www.infobae.com\/new-resizer\/R1EfXXl3J-hRKcno13dwvrfdIc8=\/768x576\/filters:format(webp):quality(85)\/cloudfront-us-east-1.images.arcpublishing.com\/infobae\/DPKQPONYDVDWVLOANVGNCXSGD4.jpg 768w,https:\/\/www.infobae.com\/new-resizer\/b8aflNaA0ysIJjA-pPLI93rcjlU=\/992x744\/filters:format(webp):quality(85)\/cloudfront-us-east-1.images.arcpublishing.com\/infobae\/DPKQPONYDVDWVLOANVGNCXSGD4.jpg 992w,https:\/\/www.infobae.com\/new-resizer\/ZPDJSgzw8RrURb6hVb4DerhdQD4=\/1200x900\/filters:format(webp):quality(85)\/cloudfront-us-east-1.images.arcpublishing.com\/infobae\/DPKQPONYDVDWVLOANVGNCXSGD4.jpg 1200w,https:\/\/www.infobae.com\/new-resizer\/j-NUamQhXrak63Yk1d-3j93JXP0=\/1440x1080\/filters:format(webp):quality(85)\/cloudfront-us-east-1.images.arcpublishing.com\/infobae\/DPKQPONYDVDWVLOANVGNCXSGD4.jpg 1440w\">Un reloj importado que fue secuestrado en los allanamientos<\/p>\n\n\n\n<p>Los acusados, tres empleados y dos ex trabajadores de Intercargo, fueron acusados por los delitos de&nbsp;<strong>asociaci\u00f3n il\u00edcita<\/strong>,&nbsp;<strong>hurto&nbsp;<\/strong>agravado y&nbsp;<strong>encubrimiento<\/strong>, explicaron fuentes del caso a&nbsp;<strong>Infobae<\/strong>. Ser\u00e1n indagados este mi\u00e9rcoles y permanecen incomunicados.<\/p>\n\n\n\n<p>La investigaci\u00f3n que culmin\u00f3 con los arrestos y las imputaciones comenz\u00f3 a en junio pasado, cuando la PSA se puso en contacto con el fiscal federal de Lomas de Zamora&nbsp;<strong>Sergio Mola&nbsp;<\/strong>para avisarle que en su poder ten\u00edan&nbsp;<strong>videos&nbsp;<\/strong>que&nbsp;<strong>incriminaban a empleados de Intercago<\/strong>.<\/p>\n\n\n\n<p>\u201cVieron&nbsp;<strong>actitudes sospechosas<\/strong>&nbsp;de cinco trabajadores, quienes&nbsp;<strong>manipulaban el equipaje<\/strong>&nbsp;cuando sal\u00edan de los carritos e iban a la cinta de arribos\u201d, detallaron las fuentes consultadas por este medio.<\/p>\n\n\n\n<p>Ante esto, se inici\u00f3 la investigaci\u00f3n que culmin\u00f3 con la&nbsp;<strong>identificaci\u00f3n de los sospechosos<\/strong>, de los cuales dos hab\u00edan sido ya despedidos por la empresa en julio pasado.<\/p>\n\n\n\n<p>Con esta informaci\u00f3n, en las \u00faltimas horas el juez Villena dispuso&nbsp;<strong>cinco allanamientos<\/strong>&nbsp;en el aeropuerto de Ezeiza \u2018Ministro Pistarini\u2019, donde se revisaron los&nbsp;<em>lockers&nbsp;<\/em>de los empleados de Intercargo que a\u00fan trabajan en la firma (dos estaban en sus puestos y uno de franco), y en sus domicilios.<\/p>\n\n\n\n<p>Tambi\u00e9n se hicieron procedimientos en las casas de los dos ex empleados de Intercargo que fueron echados previamente. All\u00ed no encontraron elementos que los comprometan en la causa, por lo que<strong>&nbsp;no fueron detenidos<\/strong>. Sin embargo, s\u00ed est\u00e1n imputados por el juez Villena&nbsp;<strong>por lo que se observ\u00f3 en los videos que aport\u00f3 la PSA<\/strong>, ampliaron las fuentes del caso.<\/p>\n\n\n\n<p class=\"has-text-align-center\"><img decoding=\"async\" loading=\"lazy\" alt=\"Las municiones halladas a uno de los sospechosos\" height=\"2754\" width=\"1920\" class=\"\" src=\"https:\/\/www.infobae.com\/new-resizer\/qoaoNqOvBT_txh2julOrn1RdWr0=\/420x630\/filters:format(webp):quality(85)\/cloudfront-us-east-1.images.arcpublishing.com\/infobae\/XLHAGXQUUJD5RKRKTRRREC77MU.jpg%20420w\" srcset=\"https:\/\/www.infobae.com\/new-resizer\/qoaoNqOvBT_txh2julOrn1RdWr0=\/420x630\/filters:format(webp):quality(85)\/cloudfront-us-east-1.images.arcpublishing.com\/infobae\/XLHAGXQUUJD5RKRKTRRREC77MU.jpg 420w,https:\/\/www.infobae.com\/new-resizer\/1M6CVqz9XlvauxtH7xjDi2upoGk=\/768x1152\/filters:format(webp):quality(85)\/cloudfront-us-east-1.images.arcpublishing.com\/infobae\/XLHAGXQUUJD5RKRKTRRREC77MU.jpg 768w,https:\/\/www.infobae.com\/new-resizer\/wlnXE9MXXceHXDz9Ti5g2L6TDlY=\/992x1488\/filters:format(webp):quality(85)\/cloudfront-us-east-1.images.arcpublishing.com\/infobae\/XLHAGXQUUJD5RKRKTRRREC77MU.jpg 992w,https:\/\/www.infobae.com\/new-resizer\/MI4AsNCNGZHBj0BKsJTs5h9xf_I=\/1200x1800\/filters:format(webp):quality(85)\/cloudfront-us-east-1.images.arcpublishing.com\/infobae\/XLHAGXQUUJD5RKRKTRRREC77MU.jpg 1200w\">Las municiones halladas a uno de los sospechosos<\/p>\n\n\n\n<p>En los tres&nbsp;<em>lockers&nbsp;<\/em>de los sospechosos que a\u00fan son parte de la empresa no encontraron material sustancioso, pero s\u00ed en sus domicilios. Los procedimientos en el aeropuerto se hicieron de madrugada y en los casilleros descubrieron&nbsp;<strong>\u201cun par de aros de mujer, un cuchillo y un parlante bluetooth\u201d<\/strong>, contaron.<\/p>\n\n\n\n<p>En cambio, en la casa del detenido N\u00b01, que no fue identificado por las fuentes, hallaron&nbsp;<strong>m\u00e1s de diez de candados de valijas<\/strong>&nbsp;y una cantidad no especificada de&nbsp;<strong>cremalleras de equipajes<\/strong>, dos billetes de&nbsp;<strong>dinero vietnamita<\/strong>, 100 mil pesos,&nbsp;<em>marbetes&nbsp;<\/em>(etiquetas identificatorias con el origen y el destino que se pone en la maleta durante en el check-in), municiones, anteojos con estuche y un reloj importado.<\/p>\n\n\n\n<p>En la casa del empleado de Intercargo detenido que estaba de franco al momento de los procedimientos secuestraron \u201cuna caja con indumentaria de la&nbsp;<strong>selecci\u00f3n de f\u00fatbol de Venezuela<\/strong>, diez bolsitas tipo botineros tambi\u00e9n de ese pa\u00eds, varios anteojos con estuche y<strong>&nbsp;ropa y dos pares de zapatillas de la delegaci\u00f3n argentina paral\u00edmpica<\/strong>&nbsp;(un buzo, un su\u00e9ter, una gorra sin estrenar y una mochila).<\/p>\n\n\n\n<p>Las fuentes recordaron entonces el caso de la deportista paral\u00edmpica&nbsp;<strong>Milagros del Valle Gonz\u00e1lez<\/strong>, quien denunci\u00f3 a su regreso de los JJOO de Par\u00eds 2024 que le hab\u00edan robado el equipaje. La atleta descubri\u00f3 que de su valija le hab\u00edan sacado las zapatillas de entrenamiento, prendas de vestir y los clavos que usa en las carreras.&nbsp;<strong>\u201cNo se sabe si la ropa que se secuestr\u00f3 es de ella\u201d<\/strong>, manifestaron.<\/p>\n\n\n\n<p class=\"has-text-align-center\"><img decoding=\"async\" loading=\"lazy\" alt=\"En la casa de uno de los detenidos hab\u00eda indumentaria de la delegaci\u00f3n argentina paral\u00edmpica\n\" height=\"1080\" width=\"1920\" class=\"\" src=\"https:\/\/www.infobae.com\/new-resizer\/bWR4BSRgyH0Gc54hSqw9a58VTZY=\/420x236\/filters:format(webp):quality(85)\/cloudfront-us-east-1.images.arcpublishing.com\/infobae\/3LILOKFMG5CS3LBXOTB5JNNYOA.jpg%20420w\" srcset=\"https:\/\/www.infobae.com\/new-resizer\/bWR4BSRgyH0Gc54hSqw9a58VTZY=\/420x236\/filters:format(webp):quality(85)\/cloudfront-us-east-1.images.arcpublishing.com\/infobae\/3LILOKFMG5CS3LBXOTB5JNNYOA.jpg 420w,https:\/\/www.infobae.com\/new-resizer\/adaIWRMgpL9abn8GY-5D-dwfepY=\/768x432\/filters:format(webp):quality(85)\/cloudfront-us-east-1.images.arcpublishing.com\/infobae\/3LILOKFMG5CS3LBXOTB5JNNYOA.jpg 768w,https:\/\/www.infobae.com\/new-resizer\/31pQl57LZGiyMdwwXwhR65YLTCM=\/992x558\/filters:format(webp):quality(85)\/cloudfront-us-east-1.images.arcpublishing.com\/infobae\/3LILOKFMG5CS3LBXOTB5JNNYOA.jpg 992w,https:\/\/www.infobae.com\/new-resizer\/vBe-K2wXYDWK5V2wP2IiHisvvwE=\/1200x675\/filters:format(webp):quality(85)\/cloudfront-us-east-1.images.arcpublishing.com\/infobae\/3LILOKFMG5CS3LBXOTB5JNNYOA.jpg 1200w,https:\/\/www.infobae.com\/new-resizer\/8898R2OOkDrAvRfgdG3nwwsUF_I=\/1440x810\/filters:format(webp):quality(85)\/cloudfront-us-east-1.images.arcpublishing.com\/infobae\/3LILOKFMG5CS3LBXOTB5JNNYOA.jpg 1440w\">En la casa de uno de los detenidos hab\u00eda indumentaria de la delegaci\u00f3n argentina paral\u00edmpica<\/p>\n\n\n\n<p>En la casa del tercer detenido, en tanto, hallaron dinero:&nbsp;<strong>\u201cLibras egipcias, d\u00f3lares, reales y euros\u201d.<\/strong><\/p>\n\n\n\n<p>El caso se conoce horas despu\u00e9s de que <strong>se viralizara el video de los ahora ex empleados de Intercargo<\/strong> que fueron grabados realizando su trabajo \u201cde manera negligente\u201d en Aeroparque, generando demoras en la recogida de equipaje.<\/p>\n","protected":false},"excerpt":{"rendered":"<p>La empresa estatal resolvi\u00f3 que el delito cometido por los operarios constituye una falta \u201cinexcusable\u201d. La causa llev\u00f3 tres meses de investigaci\u00f3n, luego de que la PSA advirtiera a trav\u00e9s de las c\u00e1maras de seguridad manejos inadecuados del equipaje por parte de los imputados Los investigadores hallaron diversos candados de valijas en la casa de [&hellip;]<\/p>\n","protected":false},"author":5,"featured_media":416280,"comment_status":"open","ping_status":"open","sticky":false,"template":"","format":"standard","meta":{"_stopmodifiedupdate":false,"_modified_date":"","inline_featured_image":false,"spay_email":"","jetpack_publicize_message":""},"categories":[2],"tags":[],"jetpack_featured_media_url":"https:\/\/notinor.com\/jujuy\/wp-content\/uploads\/2024\/09\/INTERCARGO.jpg","jetpack_publicize_connections":[],"_links":{"self":[{"href":"https:\/\/notinor.com\/jujuy\/wp-json\/wp\/v2\/posts\/416279"}],"collection":[{"href":"https:\/\/notinor.com\/jujuy\/wp-json\/wp\/v2\/posts"}],"about":[{"href":"https:\/\/notinor.com\/jujuy\/wp-json\/wp\/v2\/types\/post"}],"author":[{"embeddable":true,"href":"https:\/\/notinor.com\/jujuy\/wp-json\/wp\/v2\/users\/5"}],"replies":[{"embeddable":true,"href":"https:\/\/notinor.com\/jujuy\/wp-json\/wp\/v2\/comments?post=416279"}],"version-history":[{"count":1,"href":"https:\/\/notinor.com\/jujuy\/wp-json\/wp\/v2\/posts\/416279\/revisions"}],"predecessor-version":[{"id":416281,"href":"https:\/\/notinor.com\/jujuy\/wp-json\/wp\/v2\/posts\/416279\/revisions\/416281"}],"wp:featuredmedia":[{"embeddable":true,"href":"https:\/\/notinor.com\/jujuy\/wp-json\/wp\/v2\/media\/416280"}],"wp:attachment":[{"href":"https:\/\/notinor.com\/jujuy\/wp-json\/wp\/v2\/media?parent=416279"}],"wp:term":[{"taxonomy":"category","embeddable":true,"href":"https:\/\/notinor.com\/jujuy\/wp-json\/wp\/v2\/categories?post=416279"},{"taxonomy":"post_tag","embeddable":true,"href":"https:\/\/notinor.com\/jujuy\/wp-json\/wp\/v2\/tags?post=416279"}],"curies":[{"name":"wp","href":"https:\/\/api.w.org\/{rel}","templated":true}]}}