{"id":416276,"date":"2024-09-25T10:37:58","date_gmt":"2024-09-25T13:37:58","guid":{"rendered":"https:\/\/notinor.com\/jujuy\/?p=416276"},"modified":"2024-09-25T10:38:28","modified_gmt":"2024-09-25T13:38:28","slug":"arranca-la-puja-por-la-privatizacion-de-aerolineas-argentina-en-diputados-con-los-gremios-en-la-calle","status":"publish","type":"post","link":"https:\/\/notinor.com\/jujuy\/arranca-la-puja-por-la-privatizacion-de-aerolineas-argentina-en-diputados-con-los-gremios-en-la-calle\/","title":{"rendered":"Arranca la puja por la privatizaci\u00f3n de Aerol\u00edneas Argentina en Diputados con los gremios en la calle"},"content":{"rendered":"\n<p class=\"has-medium-font-size\"><strong><em>El gobierno busca conseguir dictamen para llevar el debate al recinto la semana pr\u00f3xima. Busca consensuar los dos proyectos en danza, el macrista y de la coalici\u00f3n c\u00edvica. La estrategia del peronismo y la izquierda. La preocupaci\u00f3n libertaria por el Senado y la protesta en la calle.<\/em><\/strong><\/p>\n\n\n\n<figure class=\"wp-block-image\"><img decoding=\"async\" src=\"https:\/\/images.pagina12.com.ar\/styles\/focal_3_2_960x640\/public\/2024-09\/875984-4-a-na-5.jpg?h=c6980913&amp;itok=3omnnZy9\" alt=\" (Fuente: NA)\"\/><\/figure>\n\n\n\n<p>El Gobierno libertario y los bloques aliados en la C\u00e1mara de Diputados arrancar\u00e1n hoy en un plenario de comisiones el debate para privatizar Aerol\u00edneas Argentinas. Lo har\u00e1n sobre la base de dos proyectos del macrismo y la Coalici\u00f3n C\u00edvica que buscan que el Estado se desprenda de su l\u00ednea de bandera. La Casa Rosada conf\u00eda en que ya tiene el respaldo y los votos necesarios en la C\u00e1mara baja y apura una discusi\u00f3n para la que solo fueron convocados los funcionarios nacionales dispuestos a avalar el desguace de AA y pretende llevarlo al recinto la semana pr\u00f3xima. Mientras, azuza el conflicto en la compa\u00f1\u00eda estatal como estrategia de sumar voluntades para entregar nuevamente a Aerol\u00edneas a manos privadas. Desde Uni\u00f3n por la Patria y la izquierda quieren que la discusi\u00f3n tambi\u00e9n incluya a los gremios aeron\u00e1uticos, que hoy se movilizar\u00e1n frente al Congreso para manifestarse en contra de las propuestas privatizadoras. Las dudas del oficialismo est\u00e1n puestas en el Senado, donde la resistencia de muchas provincias logr\u00f3 frenar su privatizaci\u00f3n durante el debate de la Ley Bases.<\/p>\n\n\n\n<p><strong>S\u00f3lo para privatizadores<\/strong><\/p>\n\n\n\n<p>Para hoy a las 11 horas est\u00e1 citado el plenario de las comisiones de Transporte y de Presupuesto de Diputados \u2013que preside la radical Pamela Verasay y el libertario Jos\u00e9 Luis Espert, respectivamente-- donde oficialismo y aliados intentar\u00e1n avanzar con la agenda privatista de la aerol\u00ednea de bandera. Los proyectos que se pondr\u00e1n a discusi\u00f3n fueron presentados por el macrista Hern\u00e1n Lombardi (Pro) y por Juan Manuel L\u00f3pez, de la Coalici\u00f3n C\u00edvica.<\/p>\n\n\n\n<p>El texto macrista presentado por Lombardi el 9 de septiembre pasado tiene apenas tres art\u00edculos: el primero declara \u201csujeta a privatizaci\u00f3n a la empresa Aerol\u00edneas Argentinas SA\u201d; el segundo autoriza al Poder Ejecutivo a \u201cestablecer el marco legal y llevar adelante el procedimiento para instrumentar el proceso de privatizaci\u00f3n\u201d y tercero es de forma.<\/p>\n\n\n\n<p>El propuesto por el lilito L\u00f3pez tambi\u00e9n tiene solo tres art\u00edculos pero en el segundo \u2013a diferencia de Lombardi-- contempla precisiones para llevar adelante el proceso privatizador: que se contemple la Ley 23.696 (de Reforma del Estado de Carlos Menem) y sus modificatorias, \u201cdebiendo cumplir, a tales efectos, con las prescripciones que surgen de dicha norma y las establecidas por los art\u00edculos 11 a 14 de la Ley 27.742\u201d (aprobada este a\u00f1o y que declara la emergencia p\u00fablica en materia administrativa, econ\u00f3mica, financiera y energ\u00e9tica por el plazo de un a\u00f1o para la administraci\u00f3n de Javier Milei).<\/p>\n\n\n\n<p>De todas maneras, el oficialismo conf\u00eda que se podr\u00e1n consensuar ambos proyectos para apurar el desguace de AA. Tampoco descarta conseguir un dictamen de consenso para llevarlo al recinto en una sesi\u00f3n para la semana pr\u00f3xima. All\u00ed cosechar\u00edan el respaldo de LLA, PRO, parte de la UCR y de Encuentro Federal y algunas expresiones provinciales. Al debate solo fueron invitados funcionarios que respaldar\u00e1n la propuesta: el vicejefe de Gabinete Jos\u00e9 Rolandi, el presidente de Aerol\u00edneas Argentinas Fabi\u00e1n Lombardo y el secretario de Transporte Franco Mogetta.<\/p>\n\n\n\n<p class=\"has-text-align-center\"><strong>La resistencia<\/strong><\/p>\n\n\n\n<p>Desde Uni\u00f3n por la Patria insistir\u00e1n que tambi\u00e9n sean escuchados los trabajadores de AA. Una idea en la que ven\u00edan trabajando antes de la embestida del Gobierno contra los gremios. UxP present\u00f3 un proyecto de resoluci\u00f3n donde reclama \u201ccitar a las distintas partes involucradas en el conflicto del sector aeron\u00e1utico a la Comisi\u00f3n de Transportes a los fines de encontrar una pronta soluci\u00f3n\u201d.&nbsp;<\/p>\n\n\n\n<p>Los trabajadores no ser\u00e1n \u2013por ahora-- parte del debate pero igual estar\u00e1n hoy en las puertas del Congreso para expresar su rechazo. La movilizaci\u00f3n fue convocada por Asociaci\u00f3n del Personal Aeron\u00e1utico (APA), Asociaci\u00f3n de Pilotos de L\u00edneas A\u00e9reas (APLA), Uni\u00f3n del Personal Superior y Profesional de Empresas Aerocomerciales (UPSA), Aeronavegantes y ATE ANAC. En un comunicado, APLA sostuvo que marchar\u00e1n contra \u201cel tratamiento del proyecto de privatizaci\u00f3n de Aerol\u00edneas Argentinas. Concentraremos directamente en la Plaza frente al Congreso a las 10 para decirle NO a la privatizaci\u00f3n de nuestra l\u00ednea a\u00e9rea de bandera\u201d.<\/p>\n\n\n\n<p>La resistencia a la privatizaci\u00f3n en la C\u00e1mara baja, adem\u00e1s de UP y el FIT, s\u00f3lo ser\u00eda acompa\u00f1ada por un pu\u00f1ado de radicales referenciados con Facundo Manes y una parte de EF, como sucedi\u00f3 durante el debate de las Bases. El otro antecedente a tener en cuenta fue cuando el Gobierno quiso volver a incorporar a la compa\u00f1\u00eda a\u00e9rea en la lista de las empresas a privatizar, luego que el Senado la quitara: en aquella oportunidad el bloque de UCR vot\u00f3 en contra para respetar los acuerdos logrados en la C\u00e1mara alta, aunque eso no volver\u00eda a repetirse ahora.<\/p>\n\n\n\n<p>Por eso, desde la Casa Rosada miran con recelo al Senado para intentar evitar otra frustraci\u00f3n en su intenci\u00f3n de deshacerse de la l\u00ednea a\u00e9rea de bandera. All\u00ed, UxP cuenta con 33 senadores propios y necesita sumar 4 votos para obtener la mayor\u00eda por el rechazo. Especialmente si persiste la resistencia de los senadores patag\u00f3nicos a que sus provincias queden aisladas sin los vuelos de AA y sujetos al arbitrio de la rentabilidad que pregonan los privados que tomar\u00edan en sus manos la compa\u00f1\u00eda.&nbsp;<\/p>\n","protected":false},"excerpt":{"rendered":"<p>El gobierno busca conseguir dictamen para llevar el debate al recinto la semana pr\u00f3xima. Busca consensuar los dos proyectos en danza, el macrista y de la coalici\u00f3n c\u00edvica. La estrategia del peronismo y la izquierda. La preocupaci\u00f3n libertaria por el Senado y la protesta en la calle. El Gobierno libertario y los bloques aliados en [&hellip;]<\/p>\n","protected":false},"author":5,"featured_media":416277,"comment_status":"open","ping_status":"open","sticky":false,"template":"","format":"standard","meta":{"_stopmodifiedupdate":false,"_modified_date":"","inline_featured_image":false,"spay_email":"","jetpack_publicize_message":""},"categories":[2,501],"tags":[],"jetpack_featured_media_url":"https:\/\/notinor.com\/jujuy\/wp-content\/uploads\/2024\/09\/AEROLINEAS-4.jpg","jetpack_publicize_connections":[],"_links":{"self":[{"href":"https:\/\/notinor.com\/jujuy\/wp-json\/wp\/v2\/posts\/416276"}],"collection":[{"href":"https:\/\/notinor.com\/jujuy\/wp-json\/wp\/v2\/posts"}],"about":[{"href":"https:\/\/notinor.com\/jujuy\/wp-json\/wp\/v2\/types\/post"}],"author":[{"embeddable":true,"href":"https:\/\/notinor.com\/jujuy\/wp-json\/wp\/v2\/users\/5"}],"replies":[{"embeddable":true,"href":"https:\/\/notinor.com\/jujuy\/wp-json\/wp\/v2\/comments?post=416276"}],"version-history":[{"count":1,"href":"https:\/\/notinor.com\/jujuy\/wp-json\/wp\/v2\/posts\/416276\/revisions"}],"predecessor-version":[{"id":416278,"href":"https:\/\/notinor.com\/jujuy\/wp-json\/wp\/v2\/posts\/416276\/revisions\/416278"}],"wp:featuredmedia":[{"embeddable":true,"href":"https:\/\/notinor.com\/jujuy\/wp-json\/wp\/v2\/media\/416277"}],"wp:attachment":[{"href":"https:\/\/notinor.com\/jujuy\/wp-json\/wp\/v2\/media?parent=416276"}],"wp:term":[{"taxonomy":"category","embeddable":true,"href":"https:\/\/notinor.com\/jujuy\/wp-json\/wp\/v2\/categories?post=416276"},{"taxonomy":"post_tag","embeddable":true,"href":"https:\/\/notinor.com\/jujuy\/wp-json\/wp\/v2\/tags?post=416276"}],"curies":[{"name":"wp","href":"https:\/\/api.w.org\/{rel}","templated":true}]}}