{"id":416273,"date":"2024-09-25T10:13:18","date_gmt":"2024-09-25T13:13:18","guid":{"rendered":"https:\/\/notinor.com\/jujuy\/?p=416273"},"modified":"2024-09-25T10:13:20","modified_gmt":"2024-09-25T13:13:20","slug":"javier-milei-visitara-cordoba-en-medio-de-los-incendios-que-afectan-a-la-provincia","status":"publish","type":"post","link":"https:\/\/notinor.com\/jujuy\/javier-milei-visitara-cordoba-en-medio-de-los-incendios-que-afectan-a-la-provincia\/","title":{"rendered":"Javier Milei visitar\u00e1 C\u00f3rdoba en medio de los incendios que afectan a la provincia"},"content":{"rendered":"\n<p class=\"has-medium-font-size\"><strong><em>Tras su gira por Estados Unidos, el Presidente visitar\u00e1 la provincia junto a su hermana Karina y el jefe de Gabinete, Guillermo Francos.<\/em><\/strong><\/p>\n\n\n<div class=\"wp-block-image\">\n<figure class=\"aligncenter\"><img decoding=\"async\" src=\"https:\/\/tn.com.ar\/resizer\/v2\/milei-visitara-cordoba-tras-los-incendios-que-estan-afectando-la-provincia-foto-reuters-CTPVMEIQAVERPFHAKPRMHLX6JA.jpg?auth=e1ac178830ae7dcb4d00161998fb80c2d4b7f306e642a36d95d7d221861e7ffb&amp;width=767\" alt=\"Milei visitar\u00e1 C\u00f3rdoba tras los incendios que est\u00e1n afectando la provincia. (Foto: Reuters)\"\/><figcaption class=\"wp-element-caption\">Milei visitar\u00e1 C\u00f3rdoba tras los incendios que est\u00e1n afectando la provincia<\/figcaption><\/figure><\/div>\n\n\n<p>Este mi\u00e9rcoles, a las 12, <strong>Javier Milei visitar\u00e1 la provincia de C\u00f3rdoba<\/strong>\u00a0junto a la secretaria General de la Presidencia, Karina Milei, y el Jefe de Gabinete, Guillermo Francos. La decisi\u00f3n se da en medio de los feroces <strong>incendios<a rel=\"noreferrer noopener\" href=\"https:\/\/tn.com.ar\/sociedad\/2024\/09\/23\/este-bosque-es-unico-y-se-esta-quemando-un-guardafauna-rompio-en-llanto-por-los-incendios-en-cordoba\/\" target=\"_blank\">\u00a0<\/a><\/strong>que est\u00e1 viviendo la provincia.<\/p>\n\n\n\n<p>Hace casi una semana que el fuego es incontrolable en C\u00f3rdoba. Hay cuatro focos activos y se declar\u00f3 a&nbsp;<strong>Punilla como zona de desastre<\/strong>. En ese contexto, el Presidente arribar\u00e1 a Buenos Aires, tras su gira por Estados Unidos, y se dirigir\u00e1 a las zonas afectadas.<\/p>\n\n\n\n<p>De la situaci\u00f3n se encarga el Gobierno provincial, pero en las \u00faltimas horas&nbsp;<strong>se<\/strong>&nbsp;<strong>sumaron recursos enviados por Naci\u00f3n.&nbsp;<\/strong>\u201cQueremos agradecer al gobernador, Mart\u00edn Llaryora, por el&nbsp;<strong>trabajo conjunto&nbsp;<\/strong>que estamos haciendo para mitigar la situaci\u00f3n que se vive en su provincia\u201d, dijo Manuel Adorni, vocero presidencial, este martes en conferencia de prensa.<\/p>\n\n\n\n<p>\u201cHay un Gobierno nacional y otro provincial que est\u00e1n comprometidos en&nbsp;<strong>dar una soluci\u00f3n<\/strong>&nbsp;ante semejante panorama\u201d, agreg\u00f3 el funcionario.<\/p>\n\n\n\n<p>El jefe de Gabinete,<strong>&nbsp;Guillermo Francos<\/strong>, tambi\u00e9n se expres\u00f3 por la situaci\u00f3n a trav\u00e9s de X (exTwitter): \u201cSeguimos trabajando con los cordobeses para controlar los incendios\u201d. El funcionario aclar\u00f3 que el&nbsp;<strong>Servicio Nacional de Manejo del Fuego&nbsp;<\/strong>est\u00e1 ayudando a combatir la cat\u00e1strofe en C\u00f3rdoba:&nbsp;<strong>\u201cYa se enviaron tres aviones hidrantes, dos helic\u00f3pteros y m\u00e1s de 40 brigadistas,&nbsp;<\/strong>que est\u00e1n desde la semana pasada asistiendo donde m\u00e1s se los requiere\u201d.<\/p>\n\n\n<div class=\"wp-block-image\">\n<figure class=\"aligncenter is-resized\"><img decoding=\"async\" loading=\"lazy\" src=\"https:\/\/tn.com.ar\/resizer\/v2\/javier-milei-visitara-cordoba-en-medio-de-los-incendios-que-estan-afectando-la-provincia-foto-xgobcordoba-VP362ZZMOJEDBLZ4DO4CEXWJ3E.jpg?auth=d1240e556a7f55ca0285c5fbbb503a182360c702839322fdf9489b8b1c3cb991&amp;width=767\" alt=\"Javier Milei visitar\u00e1 C\u00f3rdoba en medio de los incendios que est\u00e1n afectando la provincia. (Foto: X\/@GobC\u00f3rdoba). \" width=\"767\" height=\"430\"\/><figcaption class=\"wp-element-caption\">Javier Milei visitar\u00e1 C\u00f3rdoba en medio de los incendios que est\u00e1n afectando la provincia<\/figcaption><\/figure><\/div>\n\n\n<p>Francos tambi\u00e9n agreg\u00f3 que convers\u00f3 con Llaryora, que le confirm\u00f3 que est\u00e1n haciendo lo necesario y lo posible para controlar el evento.&nbsp;<strong>\u201cLa evoluci\u00f3n depende de los fuertes vientos<\/strong>, la sequ\u00eda y la falta de lluvia. El Gobierno sigue a disposici\u00f3n de los cordobeses\u201d, afirm\u00f3.<\/p>\n\n\n\n<p>El domingo, los vecinos de las zonas m\u00e1s afectadas por el fuego le reclamaron al Ejecutivo que&nbsp;<strong>declare la emergencia nacional<\/strong>. Luego, tras la declaraci\u00f3n de&nbsp;<strong>\u201czona de desastre\u201d<\/strong>&nbsp;por parte de Llaryora, se habilit\u00f3 el&nbsp;<strong>uso de fondos provinciales:<\/strong>&nbsp;Fuentes del Gobierno provincial le aseguraron a&nbsp;<strong>TN&nbsp;<\/strong>que est\u00e1n los recursos necesarios para resolver el tema de las casas vulneradas hasta el momento. Adem\u00e1s, se\u00f1alaron que le<strong>&nbsp;solicitar\u00e1n a la Justicia ser querellante<\/strong>&nbsp;en la causa.<\/p>\n\n\n\n<p>En este \u00faltimo incendio en C\u00f3rdoba, m\u00e1s de&nbsp;<strong>23 mil hect\u00e1reas fueron arrasadas<\/strong>. Pero, en lo que va del a\u00f1o, m\u00e1s de&nbsp;<strong>40 mil hect\u00e1reas<\/strong>&nbsp;sufrieron las consecuencias del fuego.<\/p>\n","protected":false},"excerpt":{"rendered":"<p>Tras su gira por Estados Unidos, el Presidente visitar\u00e1 la provincia junto a su hermana Karina y el jefe de Gabinete, Guillermo Francos. Este mi\u00e9rcoles, a las 12, Javier Milei visitar\u00e1 la provincia de C\u00f3rdoba\u00a0junto a la secretaria General de la Presidencia, Karina Milei, y el Jefe de Gabinete, Guillermo Francos. La decisi\u00f3n se da [&hellip;]<\/p>\n","protected":false},"author":5,"featured_media":416274,"comment_status":"open","ping_status":"open","sticky":false,"template":"","format":"standard","meta":{"_stopmodifiedupdate":false,"_modified_date":"","inline_featured_image":false,"spay_email":"","jetpack_publicize_message":""},"categories":[5],"tags":[],"jetpack_featured_media_url":"https:\/\/notinor.com\/jujuy\/wp-content\/uploads\/2024\/09\/MILEI-8.jpg","jetpack_publicize_connections":[],"_links":{"self":[{"href":"https:\/\/notinor.com\/jujuy\/wp-json\/wp\/v2\/posts\/416273"}],"collection":[{"href":"https:\/\/notinor.com\/jujuy\/wp-json\/wp\/v2\/posts"}],"about":[{"href":"https:\/\/notinor.com\/jujuy\/wp-json\/wp\/v2\/types\/post"}],"author":[{"embeddable":true,"href":"https:\/\/notinor.com\/jujuy\/wp-json\/wp\/v2\/users\/5"}],"replies":[{"embeddable":true,"href":"https:\/\/notinor.com\/jujuy\/wp-json\/wp\/v2\/comments?post=416273"}],"version-history":[{"count":1,"href":"https:\/\/notinor.com\/jujuy\/wp-json\/wp\/v2\/posts\/416273\/revisions"}],"predecessor-version":[{"id":416275,"href":"https:\/\/notinor.com\/jujuy\/wp-json\/wp\/v2\/posts\/416273\/revisions\/416275"}],"wp:featuredmedia":[{"embeddable":true,"href":"https:\/\/notinor.com\/jujuy\/wp-json\/wp\/v2\/media\/416274"}],"wp:attachment":[{"href":"https:\/\/notinor.com\/jujuy\/wp-json\/wp\/v2\/media?parent=416273"}],"wp:term":[{"taxonomy":"category","embeddable":true,"href":"https:\/\/notinor.com\/jujuy\/wp-json\/wp\/v2\/categories?post=416273"},{"taxonomy":"post_tag","embeddable":true,"href":"https:\/\/notinor.com\/jujuy\/wp-json\/wp\/v2\/tags?post=416273"}],"curies":[{"name":"wp","href":"https:\/\/api.w.org\/{rel}","templated":true}]}}