{"id":416245,"date":"2024-09-25T09:04:42","date_gmt":"2024-09-25T12:04:42","guid":{"rendered":"https:\/\/notinor.com\/jujuy\/?p=416245"},"modified":"2024-09-25T09:04:43","modified_gmt":"2024-09-25T12:04:43","slug":"jornada-de-prevencion-de-la-violencia-por-motivos-de-genero-en-la-mendieta","status":"publish","type":"post","link":"https:\/\/notinor.com\/jujuy\/jornada-de-prevencion-de-la-violencia-por-motivos-de-genero-en-la-mendieta\/","title":{"rendered":"Jornada de prevenci\u00f3n de la violencia por motivos de g\u00e9nero en La Mendieta"},"content":{"rendered":"\n<p class=\"has-medium-font-size\"><strong><em>El Consejo Provincial de Mujeres llev\u00f3 a cabo una jornada de prevenci\u00f3n de la violencia de g\u00e9nero, en diversos lugares de La Mendieta.<\/em><\/strong><\/p>\n\n\n\n<figure class=\"wp-block-image\"><img decoding=\"async\" src=\"https:\/\/media.prensa.jujuy.gob.ar\/p\/6492780659a45e40050876789d1eeeb3\/adjuntos\/301\/imagenes\/000\/401\/0000401850\/1200x0\/smart\/imagenpng.png\" alt=\"Jornada de prevenci\u00f3n de la violencia por motivos de g\u00e9nero en La Mendieta\" title=\"Jornada de prevenci\u00f3n de la violencia por motivos de g\u00e9nero en La Mendieta\"\/><\/figure>\n\n\n\n<p>En visita a diversos lugares e instituciones se entreg\u00f3 en la jornada, folleter\u00eda y se brind\u00f3 informaci\u00f3n sobre los tipos y modalidades que existen de violencia para poder identificarla y buscar ayuda en los lugares especializados en el tema.<a href=\"https:\/\/media.prensa.jujuy.gob.ar\/p\/6492780659a45e40050876789d1eeeb3\/adjuntos\/301\/imagenes\/000\/401\/0000401850\/1200x0\/smart\/imagenpng.png\"><\/a><\/p>\n\n\n<div class=\"wp-block-image\">\n<figure class=\"aligncenter\"><img decoding=\"async\" src=\"https:\/\/media.prensa.jujuy.gob.ar\/p\/90890e8ec9abfc24fb93daa70baea2ab\/adjuntos\/301\/imagenes\/000\/401\/0000401851\/1200x0\/smart\/imagenpng.png\" alt=\"Jornada de prevenci\u00f3n de la violencia por motivos de g\u00e9nero en La Mendieta\" title=\"Jornada de prevenci\u00f3n de la violencia por motivos de g\u00e9nero en La Mendieta\"\/><\/figure><\/div>\n\n\n<p><strong>Jornada de prevenci\u00f3n de la violencia de g\u00e9nero<\/strong><\/p>\n\n\n\n<p>Es importante conocer que en Jujuy existen 19 Centros de Atenci\u00f3n a Mujeres en Situaci\u00f3n de Violencia integrados por profesionales del trabajo social, la abogac\u00eda y la psicolog\u00eda quienes llevan a cabo el acompa\u00f1amiento y asistencia de mujeres y personas de la diversidad en situaci\u00f3n de violencia.<\/p>\n\n\n\n<p>Se promocion\u00f3 en la oportunidad la l\u00ednea provincial gratuita 0 800 888 4363 que cuenta con equipos especializados en la tem\u00e1tica para actuar en urgencias activando el protocolo correspondiente o brindar asesoramiento a personas que conocen casos y desean ayudar. La l\u00ednea funciona las 24 horas todos los d\u00edas del a\u00f1o.<\/p>\n","protected":false},"excerpt":{"rendered":"<p>El Consejo Provincial de Mujeres llev\u00f3 a cabo una jornada de prevenci\u00f3n de la violencia de g\u00e9nero, en diversos lugares de La Mendieta. En visita a diversos lugares e instituciones se entreg\u00f3 en la jornada, folleter\u00eda y se brind\u00f3 informaci\u00f3n sobre los tipos y modalidades que existen de violencia para poder identificarla y buscar ayuda [&hellip;]<\/p>\n","protected":false},"author":5,"featured_media":416246,"comment_status":"open","ping_status":"open","sticky":false,"template":"","format":"standard","meta":{"_stopmodifiedupdate":false,"_modified_date":"","inline_featured_image":false,"spay_email":"","jetpack_publicize_message":""},"categories":[4],"tags":[],"jetpack_featured_media_url":"https:\/\/notinor.com\/jujuy\/wp-content\/uploads\/2024\/09\/ACOMPANAMIENTO.png","jetpack_publicize_connections":[],"_links":{"self":[{"href":"https:\/\/notinor.com\/jujuy\/wp-json\/wp\/v2\/posts\/416245"}],"collection":[{"href":"https:\/\/notinor.com\/jujuy\/wp-json\/wp\/v2\/posts"}],"about":[{"href":"https:\/\/notinor.com\/jujuy\/wp-json\/wp\/v2\/types\/post"}],"author":[{"embeddable":true,"href":"https:\/\/notinor.com\/jujuy\/wp-json\/wp\/v2\/users\/5"}],"replies":[{"embeddable":true,"href":"https:\/\/notinor.com\/jujuy\/wp-json\/wp\/v2\/comments?post=416245"}],"version-history":[{"count":1,"href":"https:\/\/notinor.com\/jujuy\/wp-json\/wp\/v2\/posts\/416245\/revisions"}],"predecessor-version":[{"id":416247,"href":"https:\/\/notinor.com\/jujuy\/wp-json\/wp\/v2\/posts\/416245\/revisions\/416247"}],"wp:featuredmedia":[{"embeddable":true,"href":"https:\/\/notinor.com\/jujuy\/wp-json\/wp\/v2\/media\/416246"}],"wp:attachment":[{"href":"https:\/\/notinor.com\/jujuy\/wp-json\/wp\/v2\/media?parent=416245"}],"wp:term":[{"taxonomy":"category","embeddable":true,"href":"https:\/\/notinor.com\/jujuy\/wp-json\/wp\/v2\/categories?post=416245"},{"taxonomy":"post_tag","embeddable":true,"href":"https:\/\/notinor.com\/jujuy\/wp-json\/wp\/v2\/tags?post=416245"}],"curies":[{"name":"wp","href":"https:\/\/api.w.org\/{rel}","templated":true}]}}