{"id":415678,"date":"2024-09-15T21:16:00","date_gmt":"2024-09-16T00:16:00","guid":{"rendered":"https:\/\/notinor.com\/jujuy\/?p=415678"},"modified":"2024-09-15T09:16:23","modified_gmt":"2024-09-15T09:16:23","slug":"el-gobierno-y-ledesma-impulsan-capacitacion-en-oficios-tecnologicos-y-tradicionales","status":"publish","type":"post","link":"https:\/\/notinor.com\/jujuy\/el-gobierno-y-ledesma-impulsan-capacitacion-en-oficios-tecnologicos-y-tradicionales\/","title":{"rendered":"El Gobierno y Ledesma impulsan capacitaci\u00f3n en oficios tecnol\u00f3gicos y tradicionales"},"content":{"rendered":"\n<p class=\"has-medium-font-size\"><strong><em>Este convenio, tiene como objetivo responder a las necesidades de la empresa y la comunidad, promoviendo capacitaciones en \u00e1reas claves tanto tradicionales como tecnol\u00f3gicas para las zonas del ramal.<\/em><\/strong><\/p>\n\n\n\n<figure class=\"wp-block-image\"><img decoding=\"async\" src=\"https:\/\/media.prensa.jujuy.gob.ar\/p\/2a65af1152602a7fdb52cd169da4fc5b\/adjuntos\/301\/imagenes\/000\/401\/0000401317\/1200x0\/smart\/chiquigattijpg.jpg\" alt=\"El Gobierno y Ledesma impulsan capacitaci\u00f3n en oficios tecnol\u00f3gicos y tradicionales\" title=\"El Gobierno y Ledesma impulsan capacitaci\u00f3n en oficios tecnol\u00f3gicos y tradicionales\"\/><\/figure>\n\n\n\n<p>El Ministro de Gobierno, Justicia, Derechos Humanos y Trabajo, <strong>Normando \u00c1lvarez Garcia<\/strong>, acompa\u00f1ado por el Secretario de Trabajo, <strong>Andres Lazarte<\/strong> y el Director de Delegaciones Regionales <strong>Marcelo Robles<\/strong>, mantuvo un encuentro con <strong>Federico Gatti<\/strong>, Administrador General de la empresa Ledesma para descentralizar cursos y talleres de formaci\u00f3n en oficios en toda la regi\u00f3n.<\/p>\n\n\n\n<p>Al t\u00e9rmino de la reuni\u00f3n, el Director de Formaci\u00f3n Laboral, <strong>Nicol\u00e1s Ruiz<\/strong>, destac\u00f3 la importancia de desarrollar talleres en nuevas tecnolog\u00edas, como el manejo de drones e inteligencia artificial, adem\u00e1s de continuar con los oficios tradicionales como reparaci\u00f3n de aire acondicionados, electricidad y mec\u00e1nica ligera.<\/p>\n\n\n\n<p>\"Estamos evaluando las necesidades que tienen tanto la empresa como la regi\u00f3n para desarrollar un plan de formaci\u00f3n, que no solo cubra esas demandas, sino que tambi\u00e9n impulse un proceso de crecimiento\", explic\u00f3 Ruiz. Se espera que el primer lanzamiento de estos cursos ocurra en el primer semestre del pr\u00f3ximo a\u00f1o.<\/p>\n\n\n\n<p>Adem\u00e1s, el convenio busca priorizar la inserci\u00f3n laboral de los j\u00f3venes que terminan el secundario. Ruiz subray\u00f3 que cada vez m\u00e1s j\u00f3venes se inscriben en los talleres que la Secretar\u00eda organiza de manera gratuita en la zona del ramal. \"No solo se inscriben, sino que completan los cursos y luego siguen pidiendo m\u00e1s formaci\u00f3n\", coment\u00f3.&nbsp;<\/p>\n\n\n\n<p>Estos talleres est\u00e1n orientados a generar salidas laborales directas, y se trabajar\u00e1 en darles un marco legal para que los j\u00f3venes puedan formalizar sus trabajos, por ejemplo, inscribi\u00e9ndose como monotributistas.&nbsp;<\/p>\n\n\n\n<p>En paralelo, el administrador general de la empresa Ledesma, Federico Gatti, resalt\u00f3 la colaboraci\u00f3n entre profesionales de Ledesma y la Secretar\u00eda de Trabajo, para mejorar programas de capacitaci\u00f3n.&nbsp;<\/p>\n\n\n\n<p>Gatti subray\u00f3 que esta colaboraci\u00f3n permitir\u00e1 avanzar en \u00e1reas relacionadas con la econom\u00eda del conocimiento, como la tecnolog\u00eda y el manejo de maquinaria pesada. \u201cEste trabajo conjunto entre el sector p\u00fablico y privado ser\u00e1 clave para el crecimiento de la provincia\u201d, afirm\u00f3 Gatti.&nbsp;<\/p>\n\n\n\n<p>Este convenio refuerza el compromiso de la Secretar\u00eda de Trabajo, Ledesma y la Uni\u00f3n Industrial de Jujuy con la formaci\u00f3n laboral y el desarrollo de capacidades en oficios que sean \u00fatiles tanto para las necesidades de las empresas como para la inserci\u00f3n laboral de los j\u00f3venes juje\u00f1os.<\/p>\n","protected":false},"excerpt":{"rendered":"<p>Este convenio, tiene como objetivo responder a las necesidades de la empresa y la comunidad, promoviendo capacitaciones en \u00e1reas claves tanto tradicionales como tecnol\u00f3gicas para las zonas del ramal. El Ministro de Gobierno, Justicia, Derechos Humanos y Trabajo, Normando \u00c1lvarez Garcia, acompa\u00f1ado por el Secretario de Trabajo, Andres Lazarte y el Director de Delegaciones Regionales [&hellip;]<\/p>\n","protected":false},"author":5,"featured_media":415679,"comment_status":"open","ping_status":"open","sticky":false,"template":"","format":"standard","meta":{"_stopmodifiedupdate":false,"_modified_date":"","inline_featured_image":false,"spay_email":"","jetpack_publicize_message":""},"categories":[4],"tags":[],"jetpack_featured_media_url":"https:\/\/notinor.com\/jujuy\/wp-content\/uploads\/2024\/09\/CONVENIO-3.jpg","jetpack_publicize_connections":[],"_links":{"self":[{"href":"https:\/\/notinor.com\/jujuy\/wp-json\/wp\/v2\/posts\/415678"}],"collection":[{"href":"https:\/\/notinor.com\/jujuy\/wp-json\/wp\/v2\/posts"}],"about":[{"href":"https:\/\/notinor.com\/jujuy\/wp-json\/wp\/v2\/types\/post"}],"author":[{"embeddable":true,"href":"https:\/\/notinor.com\/jujuy\/wp-json\/wp\/v2\/users\/5"}],"replies":[{"embeddable":true,"href":"https:\/\/notinor.com\/jujuy\/wp-json\/wp\/v2\/comments?post=415678"}],"version-history":[{"count":1,"href":"https:\/\/notinor.com\/jujuy\/wp-json\/wp\/v2\/posts\/415678\/revisions"}],"predecessor-version":[{"id":415680,"href":"https:\/\/notinor.com\/jujuy\/wp-json\/wp\/v2\/posts\/415678\/revisions\/415680"}],"wp:featuredmedia":[{"embeddable":true,"href":"https:\/\/notinor.com\/jujuy\/wp-json\/wp\/v2\/media\/415679"}],"wp:attachment":[{"href":"https:\/\/notinor.com\/jujuy\/wp-json\/wp\/v2\/media?parent=415678"}],"wp:term":[{"taxonomy":"category","embeddable":true,"href":"https:\/\/notinor.com\/jujuy\/wp-json\/wp\/v2\/categories?post=415678"},{"taxonomy":"post_tag","embeddable":true,"href":"https:\/\/notinor.com\/jujuy\/wp-json\/wp\/v2\/tags?post=415678"}],"curies":[{"name":"wp","href":"https:\/\/api.w.org\/{rel}","templated":true}]}}