{"id":415322,"date":"2024-09-09T22:03:00","date_gmt":"2024-09-10T01:03:00","guid":{"rendered":"https:\/\/notinor.com\/jujuy\/?p=415322"},"modified":"2024-09-09T10:03:49","modified_gmt":"2024-09-09T10:03:49","slug":"la-municipalidad-fortalece-el-compromiso-con-la-prevencion-de-la-violencia-de-genero","status":"publish","type":"post","link":"https:\/\/notinor.com\/jujuy\/la-municipalidad-fortalece-el-compromiso-con-la-prevencion-de-la-violencia-de-genero\/","title":{"rendered":"La Municipalidad fortalece el compromiso con la prevenci\u00f3n de la violencia de g\u00e9nero"},"content":{"rendered":"\n<p class=\"has-medium-font-size\"><strong><em>En un esfuerzo por construir una sociedad m\u00e1s equitativa e inclusiva, la Municipalidad a trav\u00e9s del Departamento de Promoci\u00f3n de Derechos e Igualdad de Oportunidades de la Secretar\u00eda de Desarrollo Humano contin\u00faa llevando a cabo un fuerte acompa\u00f1amiento integral a aquellas personas que puedan ser v\u00edctimas de violencia con el lema \u201cSi sos v\u00edctima, \u00a1no est\u00e1s sola!\u201d<\/em><\/strong><\/p>\n\n\n<div class=\"wp-block-image\">\n<figure class=\"aligncenter size-large is-resized\"><img decoding=\"async\" loading=\"lazy\" src=\"https:\/\/notinor.com\/jujuy\/wp-content\/uploads\/2024\/09\/VIOLENCIA-339x480.jpeg\" alt=\"\" class=\"wp-image-415323\" width=\"386\" height=\"547\" srcset=\"https:\/\/notinor.com\/jujuy\/wp-content\/uploads\/2024\/09\/VIOLENCIA-339x480.jpeg 339w, https:\/\/notinor.com\/jujuy\/wp-content\/uploads\/2024\/09\/VIOLENCIA-258x365.jpeg 258w, https:\/\/notinor.com\/jujuy\/wp-content\/uploads\/2024\/09\/VIOLENCIA.jpeg 724w\" sizes=\"(max-width: 386px) 100vw, 386px\" \/><\/figure><\/div>\n\n\n<p>El Departamento de Promoci\u00f3n de Derechos e Igualdad de Oportunidades est\u00e1 disponible para brindar asistencia y apoyo de lunes a viernes, de 7 a 13 hs. y de 14 a 20 hs., en Calle Freire esquina Wast, detr\u00e1s del edificio Central de la Municipalidad.<\/p>\n\n\n\n<p>Este departamento tiene como misi\u00f3n garantizar la igualdad de oportunidades y derechos a trav\u00e9s de una variedad de iniciativas que incluyen la sensibilizaci\u00f3n, educaci\u00f3n y la implementaci\u00f3n de pol\u00edticas p\u00fablicas. Entre las acciones destacadas se encuentran:<\/p>\n\n\n\n<ul>\n<li><strong>Capacitaci\u00f3n y Talleres Educativos<\/strong>: Se est\u00e1n llevando a cabo capacitaciones y talleres dirigidos tanto a la ciudadan\u00eda como a instituciones. El objetivo es difundir el conocimiento sobre los derechos humanos, promover la igualdad de g\u00e9nero, prevenir violencias y fomentar una cultura de respeto y dignidad para todas las personas.<\/li>\n\n\n\n<li><strong>Difusi\u00f3n del Marco Legal Vigente<\/strong>: Se ofrece capacitaci\u00f3n sobre el marco legal relacionado con g\u00e9nero y violencia, brindando asesoramiento a instituciones p\u00fablicas y privadas. Esto incluye la implementaci\u00f3n de acciones para asegurar la igualdad y la no discriminaci\u00f3n, as\u00ed como la prevenci\u00f3n y sensibilizaci\u00f3n sobre la violencia de g\u00e9nero.<\/li>\n\n\n\n<li><strong>Redes Comunitarias e Institucionales<\/strong>: Se est\u00e1 trabajando en la conformaci\u00f3n de redes comunitarias e institucionales en distintos distritos de la ciudad para combatir la violencia de g\u00e9nero. Adem\u00e1s, se realizan estudios y monitoreos de situaci\u00f3n sobre derechos humanos y g\u00e9nero, con el fin de identificar desaf\u00edos y proponer soluciones en colaboraci\u00f3n con actores locales y pol\u00edticas municipales.<\/li>\n<\/ul>\n","protected":false},"excerpt":{"rendered":"<p>En un esfuerzo por construir una sociedad m\u00e1s equitativa e inclusiva, la Municipalidad a trav\u00e9s del Departamento de Promoci\u00f3n de Derechos e Igualdad de Oportunidades de la Secretar\u00eda de Desarrollo Humano contin\u00faa llevando a cabo un fuerte acompa\u00f1amiento integral a aquellas personas que puedan ser v\u00edctimas de violencia con el lema \u201cSi sos v\u00edctima, \u00a1no [&hellip;]<\/p>\n","protected":false},"author":5,"featured_media":415324,"comment_status":"open","ping_status":"open","sticky":false,"template":"","format":"standard","meta":{"_stopmodifiedupdate":false,"_modified_date":"","inline_featured_image":false,"spay_email":"","jetpack_publicize_message":""},"categories":[13],"tags":[],"jetpack_featured_media_url":"https:\/\/notinor.com\/jujuy\/wp-content\/uploads\/2024\/09\/VIOLENCIA-DE-GENERO.jpg","jetpack_publicize_connections":[],"_links":{"self":[{"href":"https:\/\/notinor.com\/jujuy\/wp-json\/wp\/v2\/posts\/415322"}],"collection":[{"href":"https:\/\/notinor.com\/jujuy\/wp-json\/wp\/v2\/posts"}],"about":[{"href":"https:\/\/notinor.com\/jujuy\/wp-json\/wp\/v2\/types\/post"}],"author":[{"embeddable":true,"href":"https:\/\/notinor.com\/jujuy\/wp-json\/wp\/v2\/users\/5"}],"replies":[{"embeddable":true,"href":"https:\/\/notinor.com\/jujuy\/wp-json\/wp\/v2\/comments?post=415322"}],"version-history":[{"count":1,"href":"https:\/\/notinor.com\/jujuy\/wp-json\/wp\/v2\/posts\/415322\/revisions"}],"predecessor-version":[{"id":415325,"href":"https:\/\/notinor.com\/jujuy\/wp-json\/wp\/v2\/posts\/415322\/revisions\/415325"}],"wp:featuredmedia":[{"embeddable":true,"href":"https:\/\/notinor.com\/jujuy\/wp-json\/wp\/v2\/media\/415324"}],"wp:attachment":[{"href":"https:\/\/notinor.com\/jujuy\/wp-json\/wp\/v2\/media?parent=415322"}],"wp:term":[{"taxonomy":"category","embeddable":true,"href":"https:\/\/notinor.com\/jujuy\/wp-json\/wp\/v2\/categories?post=415322"},{"taxonomy":"post_tag","embeddable":true,"href":"https:\/\/notinor.com\/jujuy\/wp-json\/wp\/v2\/tags?post=415322"}],"curies":[{"name":"wp","href":"https:\/\/api.w.org\/{rel}","templated":true}]}}