{"id":415305,"date":"2024-09-10T00:02:43","date_gmt":"2024-09-10T03:02:43","guid":{"rendered":"https:\/\/notinor.com\/jujuy\/?p=415305"},"modified":"2024-09-10T00:02:47","modified_gmt":"2024-09-10T03:02:47","slug":"sadir-recibio-a-representantes-de-la-universidad-estadounidense-de-yale","status":"publish","type":"post","link":"https:\/\/notinor.com\/jujuy\/sadir-recibio-a-representantes-de-la-universidad-estadounidense-de-yale\/","title":{"rendered":"Sadir recibi\u00f3 a representantes de la Universidad Estadounidense de Yale"},"content":{"rendered":"\n<p class=\"has-medium-font-size\"><strong><em>El Gobernador de la Provincia, Carlos Sadir, recibi\u00f3 a representantes de la Universidad de Yale de Estados Unidos en el Sal\u00f3n Blanco de Casa de Gobierno.<\/em><\/strong><\/p>\n\n\n\n<p><\/p>\n\n\n<div class=\"wp-block-image\">\n<figure class=\"aligncenter size-full\"><img decoding=\"async\" loading=\"lazy\" width=\"800\" height=\"450\" src=\"https:\/\/notinor.com\/jujuy\/wp-content\/uploads\/2024\/09\/el-gobernador-sadir-junto-representantes-la-universidad-yale.jpg\" alt=\"\" class=\"wp-image-415306\" srcset=\"https:\/\/notinor.com\/jujuy\/wp-content\/uploads\/2024\/09\/el-gobernador-sadir-junto-representantes-la-universidad-yale.jpg 800w, https:\/\/notinor.com\/jujuy\/wp-content\/uploads\/2024\/09\/el-gobernador-sadir-junto-representantes-la-universidad-yale-649x365.jpg 649w, https:\/\/notinor.com\/jujuy\/wp-content\/uploads\/2024\/09\/el-gobernador-sadir-junto-representantes-la-universidad-yale-500x280.jpg 500w, https:\/\/notinor.com\/jujuy\/wp-content\/uploads\/2024\/09\/el-gobernador-sadir-junto-representantes-la-universidad-yale-768x432.jpg 768w, https:\/\/notinor.com\/jujuy\/wp-content\/uploads\/2024\/09\/el-gobernador-sadir-junto-representantes-la-universidad-yale-750x422.jpg 750w\" sizes=\"(max-width: 800px) 100vw, 800px\" \/><\/figure><\/div>\n\n\n<p><\/p>\n\n\n\n<p>Junto al mandatario provincial estuvieron el ministro de Desarrollo Econ\u00f3mico y Producci\u00f3n, Juan Carlos Abud; la ministra de Educaci\u00f3n, Miriam Serrano; la Gobernadora de la Asociaci\u00f3n de exalumnos de la Universidad de Yale, Arikha Moses; y el funcionario de esa casa de estudios a cargo de las relaciones con exalumnos, Joao Aleixo.<\/p>\n\n\n\n<p>La ministra Serrano se\u00f1al\u00f3 que <strong>\u201cla Universidad de Yale propuso un trabajo en conjunto, orientado al uso de la tecnolog\u00eda y el avance que puede significar esto como un valor agregado a todo lo que se est\u00e1 haciendo en educaci\u00f3n\u201d.<\/strong><\/p>\n\n\n\n<p><strong>\u201cLo que valoro de la Universidad de Yale, es que ha puesto la mirada en Jujuy y ponga en valor, no solo las capacidades y el talento de nuestros estudiantes, sino tambi\u00e9n las posibilidades de poder crecer para los juje\u00f1os\u201d,<\/strong> dijo la ministra.<\/p>\n\n\n\n<p>Por otro lado, el Presidente de la Fundaci\u00f3n para el Desarrollo de Inform\u00e1tica de Jujuy, Adri\u00e1n Silisque, manifest\u00f3 que <strong>\u201cla Universidad de Yale, a trav\u00e9s de sus exalumnos, viaja por todo el mundo, y es un programa que se hace una vez al a\u00f1o y podr\u00edan haber elegido \u00c1frica, Asia, India, y sin embargo est\u00e1n en Jujuy. Hay que remarcar la importancia de esto y del trabajo de la fundaci\u00f3n y de los juje\u00f1os que tenemos ganas de mejorar nuestra provincia\u201d. <\/strong><\/p>\n\n\n\n<p>\u201cQuiero agradecerle al gobierno de la provincia, Jujuy est\u00e1 cambiando y esto realmente est\u00e1 pasando, y nosotros simplemente queremos ser impulsores de este cambio, queremos ayudar a aportar nuestro granito de arena por que mejorar nuestra provincia\u201d.<\/p>\n","protected":false},"excerpt":{"rendered":"<p>El Gobernador de la Provincia, Carlos Sadir, recibi\u00f3 a representantes de la Universidad de Yale de Estados Unidos en el Sal\u00f3n Blanco de Casa de Gobierno. Junto al mandatario provincial estuvieron el ministro de Desarrollo Econ\u00f3mico y Producci\u00f3n, Juan Carlos Abud; la ministra de Educaci\u00f3n, Miriam Serrano; la Gobernadora de la Asociaci\u00f3n de exalumnos de [&hellip;]<\/p>\n","protected":false},"author":49,"featured_media":415306,"comment_status":"open","ping_status":"open","sticky":false,"template":"","format":"standard","meta":{"_stopmodifiedupdate":false,"_modified_date":"","inline_featured_image":false,"spay_email":"","jetpack_publicize_message":""},"categories":[2,514],"tags":[],"jetpack_featured_media_url":"https:\/\/notinor.com\/jujuy\/wp-content\/uploads\/2024\/09\/el-gobernador-sadir-junto-representantes-la-universidad-yale.jpg","jetpack_publicize_connections":[],"_links":{"self":[{"href":"https:\/\/notinor.com\/jujuy\/wp-json\/wp\/v2\/posts\/415305"}],"collection":[{"href":"https:\/\/notinor.com\/jujuy\/wp-json\/wp\/v2\/posts"}],"about":[{"href":"https:\/\/notinor.com\/jujuy\/wp-json\/wp\/v2\/types\/post"}],"author":[{"embeddable":true,"href":"https:\/\/notinor.com\/jujuy\/wp-json\/wp\/v2\/users\/49"}],"replies":[{"embeddable":true,"href":"https:\/\/notinor.com\/jujuy\/wp-json\/wp\/v2\/comments?post=415305"}],"version-history":[{"count":1,"href":"https:\/\/notinor.com\/jujuy\/wp-json\/wp\/v2\/posts\/415305\/revisions"}],"predecessor-version":[{"id":415307,"href":"https:\/\/notinor.com\/jujuy\/wp-json\/wp\/v2\/posts\/415305\/revisions\/415307"}],"wp:featuredmedia":[{"embeddable":true,"href":"https:\/\/notinor.com\/jujuy\/wp-json\/wp\/v2\/media\/415306"}],"wp:attachment":[{"href":"https:\/\/notinor.com\/jujuy\/wp-json\/wp\/v2\/media?parent=415305"}],"wp:term":[{"taxonomy":"category","embeddable":true,"href":"https:\/\/notinor.com\/jujuy\/wp-json\/wp\/v2\/categories?post=415305"},{"taxonomy":"post_tag","embeddable":true,"href":"https:\/\/notinor.com\/jujuy\/wp-json\/wp\/v2\/tags?post=415305"}],"curies":[{"name":"wp","href":"https:\/\/api.w.org\/{rel}","templated":true}]}}