{"id":415302,"date":"2024-09-09T22:37:14","date_gmt":"2024-09-10T01:37:14","guid":{"rendered":"https:\/\/notinor.com\/jujuy\/?p=415302"},"modified":"2024-09-09T22:37:19","modified_gmt":"2024-09-10T01:37:19","slug":"con-karina-milei-a-la-cabeza-el-gobierno-recibio-en-la-casa-rosada-a-los-diputados-de-los-sectores-dialoguistas","status":"publish","type":"post","link":"https:\/\/notinor.com\/jujuy\/con-karina-milei-a-la-cabeza-el-gobierno-recibio-en-la-casa-rosada-a-los-diputados-de-los-sectores-dialoguistas\/","title":{"rendered":"Con Karina Milei a la cabeza, el Gobierno recibi\u00f3 en la Casa Rosada a los diputados de los sectores dialoguistas"},"content":{"rendered":"\n<p class=\"has-medium-font-size\"><strong><em>La secretaria General de Presidencia se puso al frente del encuentro con legisladores de La Libertad Avanza, de PRO y del MID. Por el Gobierno tambi\u00e9n participaron el vicejefe de Gabinete, Lisandro Catal\u00e1n, y el ministro de Desregulaci\u00f3n y Transformaci\u00f3n del Estado, Federico Sturzenegger.<\/em><\/strong><\/p>\n\n\n\n<p><\/p>\n\n\n<div class=\"wp-block-image\">\n<figure class=\"aligncenter size-full\"><img decoding=\"async\" loading=\"lazy\" width=\"800\" height=\"450\" src=\"https:\/\/notinor.com\/jujuy\/wp-content\/uploads\/2024\/09\/gobierno-y-diputados-dialoguistas.jpg\" alt=\"\" class=\"wp-image-415303\" srcset=\"https:\/\/notinor.com\/jujuy\/wp-content\/uploads\/2024\/09\/gobierno-y-diputados-dialoguistas.jpg 800w, https:\/\/notinor.com\/jujuy\/wp-content\/uploads\/2024\/09\/gobierno-y-diputados-dialoguistas-649x365.jpg 649w, https:\/\/notinor.com\/jujuy\/wp-content\/uploads\/2024\/09\/gobierno-y-diputados-dialoguistas-500x280.jpg 500w, https:\/\/notinor.com\/jujuy\/wp-content\/uploads\/2024\/09\/gobierno-y-diputados-dialoguistas-768x432.jpg 768w, https:\/\/notinor.com\/jujuy\/wp-content\/uploads\/2024\/09\/gobierno-y-diputados-dialoguistas-750x422.jpg 750w\" sizes=\"(max-width: 800px) 100vw, 800px\" \/><\/figure><\/div>\n\n\n<p><\/p>\n\n\n\n<p><strong>En el arranque de una semana que tendr\u00e1 una intensa agenda legislativa, el Gobierno recibi\u00f3 durante dos horas a diputados propios y de los sectores m\u00e1s afines (de PRO y del MID) a las pol\u00edticas que impulsa el presidente Javier Milei.<\/strong><\/p>\n\n\n\n<p>Finalmente, Karina Milei estuvo a la cabeza del encuentro, acompa\u00f1ada por el vicejefe de Gabinete de Interior, Lisandro Catal\u00e1n (reemplaz\u00f3 a Francos) y el ministro de Desregulaci\u00f3n y Transformaci\u00f3n del Estado, Federico Sturzenegger. <strong>Por razones de salud, no asisti\u00f3 el jefe de Gabinete, Guillermo Francos, quien desde el s\u00e1bado est\u00e1 internado en una cl\u00ednica del barrio de Belgrano afectado por un cuadro gastrointestinal.<\/strong><\/p>\n\n\n\n<p><strong>La presencia de Karina Milei fue un pedido de los sectores del PRO, que reclamaban que ella y Santiago Caputo se involucren m\u00e1s en la \u201crosca\u201d pol\u00edtica diaria.<\/strong> Aunque se especul\u00f3 con que el asesor presidencial pod\u00eda sumarse, no estuvo en la reuni\u00f3n.<\/p>\n\n\n\n<p>El c\u00f3nclave, que se realiz\u00f3 en el Sal\u00f3n de los Escudos, apunt\u00f3 a cerrar acuerdos en el inicio de una semana parlamentaria intensa, en la que se discutir\u00e1n el veto a la reforma jubilatoria que aval\u00f3 el Congreso y otros temas como el presupuesto universitario y la aprobaci\u00f3n de los fondos para el funcionamiento de la Secretar\u00eda de Investigaciones (SIDE).<\/p>\n\n\n\n<p>\u201cTiene que haber una visi\u00f3n de coalici\u00f3n de gobierno\u201d, expres\u00f3 el jefe del bloque de PRO, Cristian Ritondo, quien se mostr\u00f3 como el principal vocero del encuentro. <strong>\u201cSe habl\u00f3 de c\u00f3mo trabajar la relaci\u00f3n entre La Libertad Avanza y nosotros, en una mirada de c\u00f3mo ven\u00edamos trabajando, de c\u00f3mo debemos corregir la relaci\u00f3n y propuestas de futuro, teniendo en cuenta de que el 16 entrar\u00eda el proyecto de Presupuesto\u201d,<\/strong> agreg\u00f3 el legislador.<\/p>\n\n\n\n<p>\u201cLo conversado tiene que ver con pensar las estrategias parlamentarias. Muchos de los temas son decisiones del Ejecutivo pero estamos transitando un camino juntos en lo parlamentario. El gobierno ha puesto predisposici\u00f3n para charlar, modificar, tambi\u00e9n con otros bloques como la UCR y la Coalici\u00f3n C\u00edvica\u201d, explic\u00f3 Ritondo.<\/p>\n\n\n\n<p>Por el lado del PRO, Ritondo, jefe del bloque en Diputados, concurri\u00f3 a Balcarce 50 acompa\u00f1ado por Silvana Gi\u00fadici y Silvia Lospennato, quien al llegar adelant\u00f3 que uno de los temas que se iba a plantear era el de las modificaciones que por decreto se le hicieron a la Ley de Acceso a la Informaci\u00f3n P\u00fablica, sancionada en 2016 durante el mandato de Mauricio Macri.<\/p>\n\n\n\n<p><strong>\u201cHablamos de cuatro proyectos. Hojarascas es uno. Las atribuciones que otorga el art\u00edculo 3 de la Ley Bases es otro. El gobierno nos va a mandar el borrador, y vamos a hacer aportes para mejorar\u201d,<\/strong> dijo el titular de la bancada de PRO aunque sin detallar las propuestas que hab\u00edan escuchado de boca de Sturzenegger. En el art\u00edculo 3 es el que faculta al Gobierno para efectuar cambios significativos en la estructura y funciones de ciertos organismos de la administraci\u00f3n central o en la descentralizada.<\/p>\n\n\n\n<p>Tambi\u00e9n detall\u00f3 que se conformar\u00e1 una mesa de trabajo que mantendr\u00e1 reuniones de manera semanal, aunque por ahora no se concrete formalmente un interbloque de las tres fuerzas.<\/p>\n\n\n\n<p><strong>Por La Libertad Avanza la delegaci\u00f3n la encabez\u00f3 Mart\u00edn Menem, presidente de la C\u00e1mara de Diputados, m\u00e1s el diputado cordob\u00e9s Gabriel Bornoroni, titular de la bancada en la C\u00e1mara Baja y sus pares Carlos Zapata, Santiago Santurio y Nadia M\u00e1rquez.<\/strong><\/p>\n\n\n\n<p>Tambi\u00e9n se hizo presente Oscar Zago, quien era el presidente del bloque oficialista hasta que fue desplazado en el mes de abril; desde ese momento conform\u00f3 un mini bloque del Movimiento de Integraci\u00f3n y Desarrollo, al que sum\u00f3 a los legisladores libertarios Mar\u00eda Cecilia Ib\u00e1\u00f1ez y Eduardo Falcone (asisti\u00f3 a la reuni\u00f3n de hoy), aunque sigue acompa\u00f1ando la mayor\u00eda de las propuestas del oficialismo.<\/p>\n\n\n\n<p><strong>El viernes 30 de agosto, el propio presidente Javier Milei hab\u00eda encabezado una reuni\u00f3n con diputados y senadores del mismo tenor.<\/strong> Los hab\u00eda convocado para explicarles personalmente su decisi\u00f3n de vetar la reforma de la movilidad jubilatoria que hab\u00eda aprobado el Congreso.<\/p>\n\n\n\n<p>Entre los temas que se le plantearon desde el partido que preside Mauricio Macri figur\u00f3 la necesidad de acordar y trabajar juntos para que este tipo de iniciativas no prosperen en el Congreso. \u201cSesiones como estas debilitan al Gobierno, ya que no poseen las mayor\u00edas parlamentarias y la oposici\u00f3n termina poniendo sesiones a gusto y sacando las leyes que ellos quieren\u201d, le dijeron en esa ocasi\u00f3n al l\u00edder libertario.<\/p>\n\n\n\n<p><strong>Ahora el Gobierno buscar\u00e1 blindar el veto del Presidente a los haberes jubilatorios -habr\u00e1 sesi\u00f3n especial el mi\u00e9rcoles a las 11 pedida por sectores de la oposici\u00f3n- e impulsar una agenda propia. Ritondo anticip\u00f3 que el voto en contra de la reforma se mantendr\u00e1 en el PRO.<\/strong><\/p>\n\n\n\n<p><strong>\u201cSabemos que tenemos una oposici\u00f3n firme que sigue defendiendo privilegios y populismo. Estamos tratando de dar este cambio cultural que necesita la Argentina. Si la ley tiene gasto, debe decir de d\u00f3nde salen los recursos.<\/strong> La inflaci\u00f3n se baja con equilibrio fiscal, tiene que ver con de d\u00f3nde se sacan los recursos. Vamos a ratificar el veto del presidente. Detr\u00e1s de los jubilados se sumaron un mont\u00f3n de cajas provinciales\u201d, expres\u00f3.<\/p>\n\n\n\n<p>\u201cEl bono que est\u00e1 poniendo el Ejecutivo es cinco veces m\u00e1s que el 8% que se pretende otorgar como aumento. El Gobierno tiene voluntad, pero si se produce d\u00e9ficit y hay que imprimir eso genera inflaci\u00f3n que se lleva puesto al que menos tiene\u201d, sintetiz\u00f3.<\/p>\n\n\n\n<p><strong>La primera vez que se vot\u00f3 en Diputados esa reforma en las jubilaciones que vet\u00f3 Milei en su totalidad se registraron 160 votos a favor, 72 en contra, ocho abstenciones y 16 ausencias. Desde la LLA necesitan al menos 87 votos para que la C\u00e1mara Baja no llegue a los dos tercios que le permitan insistir con la ley vetada.<\/strong><\/p>\n\n\n\n<p>Para ello trabaja intensamente no solo con los legisladores sino tambi\u00e9n con los gobernadores aliados para conseguir su objetivo. Desde el lado de PRO tambi\u00e9n se pidi\u00f3 que si existen proyectos propios de ese bloque desde el oficialismo se los apoye. <strong>En ese sentido les dijeron que har\u00e1n presentaciones para la privatizaci\u00f3n de Aerol\u00edneas Argentinas -estaba incluida en la Ley Bases pero finalmente result\u00f3 excluida- y para terminar con algunas de las jubilaciones de privilegio existentes.<\/strong><\/p>\n\n\n\n<p>Seg\u00fan se inform\u00f3 desde la Jefatura de Gabinete en este encuentro con los legisladores otros funcionarios nacionales que intervinieron fueron el secretario de Transformaci\u00f3n del Estado y Funci\u00f3n P\u00fablica, Maximiliano Fari\u00f1a; el secretario de Relaciones Parlamentarias, Omar de Marchi (que se retir\u00f3 cuando llevaban una hora de di\u00e1logo), Florencia Zicavo por parte del Ministerio de Justicia y la asesora Eugenia Minolli por parte de la Secretar\u00eda de Educaci\u00f3n.<\/p>\n\n\n\n<p><strong>Sobre la pol\u00e9mica que se instal\u00f3 tras el decreto gubernamental que restringi\u00f3 la Ley de Acceso a la Informaci\u00f3n P\u00fablica, Ritondo comunic\u00f3 que pretenden \u201cno cambiar la voluntad de la Ley\u201d, mientras que Lospennato anticip\u00f3 \u201cque vamos a tener una conversaci\u00f3n profunda sobre el tema, ya que no estaban hoy los equipos t\u00e9cnicos. <\/strong>Esa es una norma emblema del gobierno de Mauricio Macri. Porque hasta que lleg\u00f3 Macri ese acceso a la informaci\u00f3n p\u00fablica no exist\u00eda. Es un derecho adquirido. Hay formas de resolver, si hubo pedidos desmedidos, dentro de la Ley. Es la transparencia activa, que se publiquen los datos. Ser\u00eda esta semana\u201d.<\/p>\n\n\n\n<p>Gi\u00fadici, por su parte, se\u00f1al\u00f3 que desde el Ejecutivo \u201cse comprometieron a la publicaci\u00f3n de datos abiertos en internet y a conversar sobre el tema de las restricciones\u201d. El jefe de Gabinete, Guillermo Francos, ya les hab\u00eda anticipado esa posibilidad ante las quejas que surgieron.<\/p>\n","protected":false},"excerpt":{"rendered":"<p>La secretaria General de Presidencia se puso al frente del encuentro con legisladores de La Libertad Avanza, de PRO y del MID. Por el Gobierno tambi\u00e9n participaron el vicejefe de Gabinete, Lisandro Catal\u00e1n, y el ministro de Desregulaci\u00f3n y Transformaci\u00f3n del Estado, Federico Sturzenegger. En el arranque de una semana que tendr\u00e1 una intensa agenda [&hellip;]<\/p>\n","protected":false},"author":49,"featured_media":415303,"comment_status":"open","ping_status":"open","sticky":false,"template":"","format":"standard","meta":{"_stopmodifiedupdate":false,"_modified_date":"","inline_featured_image":false,"spay_email":"","jetpack_publicize_message":""},"categories":[2,501],"tags":[],"jetpack_featured_media_url":"https:\/\/notinor.com\/jujuy\/wp-content\/uploads\/2024\/09\/gobierno-y-diputados-dialoguistas.jpg","jetpack_publicize_connections":[],"_links":{"self":[{"href":"https:\/\/notinor.com\/jujuy\/wp-json\/wp\/v2\/posts\/415302"}],"collection":[{"href":"https:\/\/notinor.com\/jujuy\/wp-json\/wp\/v2\/posts"}],"about":[{"href":"https:\/\/notinor.com\/jujuy\/wp-json\/wp\/v2\/types\/post"}],"author":[{"embeddable":true,"href":"https:\/\/notinor.com\/jujuy\/wp-json\/wp\/v2\/users\/49"}],"replies":[{"embeddable":true,"href":"https:\/\/notinor.com\/jujuy\/wp-json\/wp\/v2\/comments?post=415302"}],"version-history":[{"count":1,"href":"https:\/\/notinor.com\/jujuy\/wp-json\/wp\/v2\/posts\/415302\/revisions"}],"predecessor-version":[{"id":415304,"href":"https:\/\/notinor.com\/jujuy\/wp-json\/wp\/v2\/posts\/415302\/revisions\/415304"}],"wp:featuredmedia":[{"embeddable":true,"href":"https:\/\/notinor.com\/jujuy\/wp-json\/wp\/v2\/media\/415303"}],"wp:attachment":[{"href":"https:\/\/notinor.com\/jujuy\/wp-json\/wp\/v2\/media?parent=415302"}],"wp:term":[{"taxonomy":"category","embeddable":true,"href":"https:\/\/notinor.com\/jujuy\/wp-json\/wp\/v2\/categories?post=415302"},{"taxonomy":"post_tag","embeddable":true,"href":"https:\/\/notinor.com\/jujuy\/wp-json\/wp\/v2\/tags?post=415302"}],"curies":[{"name":"wp","href":"https:\/\/api.w.org\/{rel}","templated":true}]}}