{"id":415027,"date":"2024-09-04T11:25:17","date_gmt":"2024-09-04T14:25:17","guid":{"rendered":"https:\/\/notinor.com\/jujuy\/?p=415027"},"modified":"2024-09-04T11:25:19","modified_gmt":"2024-09-04T14:25:19","slug":"la-historia-de-amor-entre-selva-aleman-y-arturo-puig-del-flechazo-inicial-que-los-unio-hace-casi-50-anos-a-la-decision-de-no-trabajar-juntos","status":"publish","type":"post","link":"https:\/\/notinor.com\/jujuy\/la-historia-de-amor-entre-selva-aleman-y-arturo-puig-del-flechazo-inicial-que-los-unio-hace-casi-50-anos-a-la-decision-de-no-trabajar-juntos\/","title":{"rendered":"La historia de amor entre Selva Alem\u00e1n y Arturo Puig: del flechazo inicial que los uni\u00f3 hace casi 50 a\u00f1os a la decisi\u00f3n de no trabajar juntos"},"content":{"rendered":"\n<p class=\"has-medium-font-size\"><strong><em>La pareja era una de las m\u00e1s emblem\u00e1ticas del ambiente art\u00edstico, sin\u00f3nimo de \u00e9xito y talento a lo largo de sus respectivas carreras<\/em><\/strong><\/p>\n\n\n<div class=\"wp-block-image\">\n<figure class=\"aligncenter size-full\"><img decoding=\"async\" loading=\"lazy\" width=\"839\" height=\"433\" src=\"https:\/\/notinor.com\/jujuy\/wp-content\/uploads\/2024\/09\/SELVA.jpg\" alt=\"\" class=\"wp-image-415028\" srcset=\"https:\/\/notinor.com\/jujuy\/wp-content\/uploads\/2024\/09\/SELVA.jpg 839w, https:\/\/notinor.com\/jujuy\/wp-content\/uploads\/2024\/09\/SELVA-660x341.jpg 660w, https:\/\/notinor.com\/jujuy\/wp-content\/uploads\/2024\/09\/SELVA-768x396.jpg 768w, https:\/\/notinor.com\/jujuy\/wp-content\/uploads\/2024\/09\/SELVA-750x387.jpg 750w\" sizes=\"(max-width: 839px) 100vw, 839px\" \/><figcaption class=\"wp-element-caption\">Durante la pandemia Puig y alem\u00e1n protagonizaron la obra \"Cartas de Amor\" juntos<\/figcaption><\/figure><\/div>\n\n\n<p>Este martes, <strong>la muerte de la reconocida actriz Selva Alem\u00e1n<\/strong> sacudi\u00f3 al mundo del espect\u00e1culo. La noticia fue confirmada a\u00a0<strong>Teleshow\u00a0<\/strong>por el productor\u00a0<strong>Carlos Rottemberg<\/strong>, quien sostuvo que su partida fue totalmente \u201crepentina\u201d. \u201cSe sinti\u00f3 mal, la trasladaron a la Cl\u00ednica Zabala, donde muri\u00f3 de un infarto. No ten\u00eda ning\u00fan antecedente\u201d, lament\u00f3 el productor teatral. La actriz de 80 a\u00f1os estaba en pareja con\u00a0<strong>Arturo Puig<\/strong>, con quien se cas\u00f3 en 2001 y juntos conformaron una de las parejas m\u00e1s queridas del espect\u00e1culo. El amor los uni\u00f3 en un momento sensible de sus vidas y los mantuvo unidos a lo largo de cinco d\u00e9cadas.<\/p>\n\n\n\n<p>El flechazo entre ambos ocurri\u00f3 en 1974, durante la primera lectura de los guiones de la telenovela&nbsp;<em>Fernanda, Mart\u00edn y nadie m\u00e1s<\/em>. Y si bien aquella producci\u00f3n no tuvo un \u00e9xito rotundo, la misma result\u00f3 trascendental para ambos actores.<\/p>\n\n\n\n<p>Con cincuenta a\u00f1os de relaci\u00f3n, Alem\u00e1n y Puig soportaron los embates de un v\u00ednculo que inici\u00f3 mientras ambos estaban casados con otras personas. En aquel momento, \u00e9l ten\u00eda dos hijos peque\u00f1os, lo que complic\u00f3 en un inicio el deseo de oficializar su romance. Como si fuera poco, ella tambi\u00e9n pose\u00eda un matrimonio anterior, lo que presentaba una situaci\u00f3n complicada, ya que en aquella \u00e9poca el divorcio era complejo en Argentina. Esto hizo que pospusieran su decisi\u00f3n de formalizar la relaci\u00f3n.<\/p>\n\n\n\n<p>Aun as\u00ed, despu\u00e9s de disimular por meses, la pareja decidi\u00f3 darle rienda suelta a sus sentimientos con un caf\u00e9 de por medio. Finalmente, despu\u00e9s de m\u00e1s de dos d\u00e9cadas de ese encuentro inicial, se casaron el 30 de abril de 2001, el d\u00eda del cumplea\u00f1os de Selva, en una ceremonia sencilla con familiares cercanos y amigos \u00edntimos.<\/p>\n\n\n\n<p class=\"has-text-align-center\"><img decoding=\"async\" loading=\"lazy\" alt=\"Selva Alem\u00e1n y Arturo Puig prefirieron trabajar por separado para mantener la armon\u00eda en su vida personal\" height=\"1080\" width=\"1920\" class=\"\" src=\"https:\/\/www.infobae.com\/new-resizer\/f1aPMrg2XyG2PvzHP8CgHXBgmiU=\/420x236\/filters:format(webp):quality(85)\/cloudfront-us-east-1.images.arcpublishing.com\/infobae\/K7ARYU5NVBDPBAEE7HGEJNDIV4.jpg%20420w\" srcset=\"https:\/\/www.infobae.com\/new-resizer\/f1aPMrg2XyG2PvzHP8CgHXBgmiU=\/420x236\/filters:format(webp):quality(85)\/cloudfront-us-east-1.images.arcpublishing.com\/infobae\/K7ARYU5NVBDPBAEE7HGEJNDIV4.jpg 420w,https:\/\/www.infobae.com\/new-resizer\/3lIkTkh3W6hU9B-_aaX71l7Eroo=\/768x432\/filters:format(webp):quality(85)\/cloudfront-us-east-1.images.arcpublishing.com\/infobae\/K7ARYU5NVBDPBAEE7HGEJNDIV4.jpg 768w,https:\/\/www.infobae.com\/new-resizer\/B5PQJ9Hm0Nzlbd7MrOfG23sJFpw=\/992x558\/filters:format(webp):quality(85)\/cloudfront-us-east-1.images.arcpublishing.com\/infobae\/K7ARYU5NVBDPBAEE7HGEJNDIV4.jpg 992w,https:\/\/www.infobae.com\/new-resizer\/fvAl4urgEeLaLowc9BUTZdMmGTI=\/1200x675\/filters:format(webp):quality(85)\/cloudfront-us-east-1.images.arcpublishing.com\/infobae\/K7ARYU5NVBDPBAEE7HGEJNDIV4.jpg 1200w,https:\/\/www.infobae.com\/new-resizer\/AN4ve2VjDMH99yu2ie_zjoqceYc=\/1440x810\/filters:format(webp):quality(85)\/cloudfront-us-east-1.images.arcpublishing.com\/infobae\/K7ARYU5NVBDPBAEE7HGEJNDIV4.jpg 1440w\">Selva Alem\u00e1n y Arturo Puig prefirieron trabajar por separado para mantener la armon\u00eda en su vida personal<\/p>\n\n\n\n<p>\u201c<strong>No hay receta. Es quererse, respetarse. Aparte de eso, los dos tenemos mucho humor en la cotidianidad y eso es importante. Los dos teniendo la misma profesi\u00f3n nos potenciamos\u201d<\/strong>&nbsp;dijo&nbsp;<strong>Arturo<\/strong>&nbsp;hablando sobre la relaci\u00f3n que los un\u00eda durante su \u00faltima participaci\u00f3n&nbsp;<em>Cort\u00e1 por Lozano<\/em>&nbsp;(Telefe) en el a\u00f1o 2023.<\/p>\n\n\n\n<p>A lo largo de los a\u00f1os, Puig y Alem\u00e1n&nbsp;<strong>compartieron escenario en numerosas producciones<\/strong>, aunque prefirieron mantener sus vidas laborales separadas para evitar tensiones. Si bien el amor flu\u00eda, la qu\u00edmica no era la misma en el trabajo, por eso decidieron no hacerlo m\u00e1s por un tiempo. Esta separaci\u00f3n laboral permiti\u00f3 que la pareja mantuviera la armon\u00eda en su vida personal.<\/p>\n\n\n\n<p class=\"has-text-align-center\"><img decoding=\"async\" loading=\"lazy\" alt=\"Se casaron el 30 de abril de 2001, en el cumplea\u00f1os de Selva, en una ceremonia familiar\" height=\"658\" width=\"1170\" class=\"\" src=\"https:\/\/www.infobae.com\/new-resizer\/ESIMClXFhKxi4vWMFK_HxSVtl2g=\/420x236\/filters:format(webp):quality(85)\/arc-anglerfish-arc2-prod-infobae.s3.amazonaws.com\/public\/E5OSNFSKLBBSLO7VIWVX3ZDBZ4%20420w\" srcset=\"https:\/\/www.infobae.com\/new-resizer\/ESIMClXFhKxi4vWMFK_HxSVtl2g=\/420x236\/filters:format(webp):quality(85)\/arc-anglerfish-arc2-prod-infobae.s3.amazonaws.com\/public\/E5OSNFSKLBBSLO7VIWVX3ZDBZ4 420w,https:\/\/www.infobae.com\/new-resizer\/V41mKw8c09hlne_V5PxSdrR79fM=\/768x432\/filters:format(webp):quality(85)\/arc-anglerfish-arc2-prod-infobae.s3.amazonaws.com\/public\/E5OSNFSKLBBSLO7VIWVX3ZDBZ4 768w,https:\/\/www.infobae.com\/new-resizer\/ytSVp6BCNQfFVwUDBquffsFbCk4=\/992x558\/filters:format(webp):quality(85)\/arc-anglerfish-arc2-prod-infobae.s3.amazonaws.com\/public\/E5OSNFSKLBBSLO7VIWVX3ZDBZ4 992w,https:\/\/www.infobae.com\/new-resizer\/XBWYSopHix3C9ldEy2z-SDI9gBA=\/1200x675\/filters:format(webp):quality(85)\/arc-anglerfish-arc2-prod-infobae.s3.amazonaws.com\/public\/E5OSNFSKLBBSLO7VIWVX3ZDBZ4 1200w,https:\/\/www.infobae.com\/new-resizer\/df6_gJQinDGnNhw272xKY4v-sA0=\/1440x810\/filters:format(webp):quality(85)\/arc-anglerfish-arc2-prod-infobae.s3.amazonaws.com\/public\/E5OSNFSKLBBSLO7VIWVX3ZDBZ4 1440w\">Se casaron el 30 de abril de 2001, en el cumplea\u00f1os de Selva, en una ceremonia familiar<\/p>\n\n\n\n<p>El no haber tenido hijos en com\u00fan fue una decisi\u00f3n motivada, en parte, por las limitaciones legales de la \u00e9poca y por cuestiones personales. Si bien Alem\u00e1n reconoci\u00f3 que tuvieron la oportunidad de adoptar durante la dictadura militar, las restricciones legales y la situaci\u00f3n pol\u00edtica los llevaron a desistir. Como si fuera poco, el deseo de ser madre se vio frustrado para la actriz debido a operaciones tempranas que impidieron esa posibilidad.<\/p>\n\n\n\n<p>Arturo Puig, por otro lado, siempre resalt\u00f3 la importancia de Selva en la crianza de sus hijos Ximena y Juan, a quienes conoci\u00f3 desde que eran peque\u00f1os. El actor destac\u00f3 en numerosas oportunidades la buena relaci\u00f3n que sus hijos y nietos manten\u00edan con ella y el tiempo que compart\u00eda con Nikolay, Elizabeta y Santos.<\/p>\n\n\n\n<p>\u201cSelva nunca quiso ocupar el lugar de la madre. Pero los chicos la adoran porque, adem\u00e1s, desde muy chicos vinieron a vivir con nosotros durante unos a\u00f1os. Tengo una relaci\u00f3n muy fuerte con mis hijos, nos hablamos todos los d\u00edas, nos vemos seguido. Y con los nietos estamos como locos los dos. La llegada de Nikolay (12), Elizabeta (10) y Santos (2) nos moviliz\u00f3 mucho. Los vemos pr\u00e1cticamente todos los d\u00edas, y ayudamos a Ximena en lo que podemos\u201d, contaron en la misma charla con Ver\u00f3nica Lozano el a\u00f1o pasado.<\/p>\n\n\n\n<p>A pesar de su decisi\u00f3n de no trabajar juntos, durante la pandemia de COVID-19 dieron marcha atr\u00e1s. En ese tiempo la pareja se adapt\u00f3 a nuevas formas de trabajo y encarn\u00f3 la obra&nbsp;<em>Cartas de Amor<\/em>, dirigida y protagonizada por ambos, lo que demostr\u00f3 su capacidad de reinvenci\u00f3n y adaptaci\u00f3n a nuevos desaf\u00edos. Entre risas y an\u00e9cdotas, los dos actores enfatizaron que la clave de su relaci\u00f3n siempre fue el respeto y el humor. \u201c<strong>Nos llev\u00e1bamos b\u00e1rbaro. Amo trabajar con Selva, una actriz maravillosa, mi compa\u00f1era de la vida<\/strong>. Hace muchos a\u00f1os que estamos juntos. Ella dice que cuando me conoci\u00f3 sinti\u00f3 que yo era de la familia, pas\u00f3 un tiempo y ah\u00ed estamos juntos\u201d, coment\u00f3 Puig hace un mes, al recibir un mensaje de Alem\u00e1n en su visita a&nbsp;<em>Entre Nos<\/em>&nbsp;(Net Tv).<\/p>\n","protected":false},"excerpt":{"rendered":"<p>La pareja era una de las m\u00e1s emblem\u00e1ticas del ambiente art\u00edstico, sin\u00f3nimo de \u00e9xito y talento a lo largo de sus respectivas carreras Este martes, la muerte de la reconocida actriz Selva Alem\u00e1n sacudi\u00f3 al mundo del espect\u00e1culo. La noticia fue confirmada a\u00a0Teleshow\u00a0por el productor\u00a0Carlos Rottemberg, quien sostuvo que su partida fue totalmente \u201crepentina\u201d. \u201cSe [&hellip;]<\/p>\n","protected":false},"author":5,"featured_media":415028,"comment_status":"open","ping_status":"open","sticky":false,"template":"","format":"standard","meta":{"_stopmodifiedupdate":false,"_modified_date":"","inline_featured_image":false,"spay_email":"","jetpack_publicize_message":""},"categories":[21],"tags":[],"jetpack_featured_media_url":"https:\/\/notinor.com\/jujuy\/wp-content\/uploads\/2024\/09\/SELVA.jpg","jetpack_publicize_connections":[],"_links":{"self":[{"href":"https:\/\/notinor.com\/jujuy\/wp-json\/wp\/v2\/posts\/415027"}],"collection":[{"href":"https:\/\/notinor.com\/jujuy\/wp-json\/wp\/v2\/posts"}],"about":[{"href":"https:\/\/notinor.com\/jujuy\/wp-json\/wp\/v2\/types\/post"}],"author":[{"embeddable":true,"href":"https:\/\/notinor.com\/jujuy\/wp-json\/wp\/v2\/users\/5"}],"replies":[{"embeddable":true,"href":"https:\/\/notinor.com\/jujuy\/wp-json\/wp\/v2\/comments?post=415027"}],"version-history":[{"count":1,"href":"https:\/\/notinor.com\/jujuy\/wp-json\/wp\/v2\/posts\/415027\/revisions"}],"predecessor-version":[{"id":415029,"href":"https:\/\/notinor.com\/jujuy\/wp-json\/wp\/v2\/posts\/415027\/revisions\/415029"}],"wp:featuredmedia":[{"embeddable":true,"href":"https:\/\/notinor.com\/jujuy\/wp-json\/wp\/v2\/media\/415028"}],"wp:attachment":[{"href":"https:\/\/notinor.com\/jujuy\/wp-json\/wp\/v2\/media?parent=415027"}],"wp:term":[{"taxonomy":"category","embeddable":true,"href":"https:\/\/notinor.com\/jujuy\/wp-json\/wp\/v2\/categories?post=415027"},{"taxonomy":"post_tag","embeddable":true,"href":"https:\/\/notinor.com\/jujuy\/wp-json\/wp\/v2\/tags?post=415027"}],"curies":[{"name":"wp","href":"https:\/\/api.w.org\/{rel}","templated":true}]}}