{"id":415003,"date":"2024-09-04T10:14:27","date_gmt":"2024-09-04T13:14:27","guid":{"rendered":"https:\/\/notinor.com\/jujuy\/?p=415003"},"modified":"2024-09-04T10:14:52","modified_gmt":"2024-09-04T13:14:52","slug":"sadir-se-interiorizo-sobre-el-proyecto-de-refaccion-de-logistica-de-la-policia-de-la-provincia","status":"publish","type":"post","link":"https:\/\/notinor.com\/jujuy\/sadir-se-interiorizo-sobre-el-proyecto-de-refaccion-de-logistica-de-la-policia-de-la-provincia\/","title":{"rendered":"Sadir se interioriz\u00f3 sobre el proyecto de refacci\u00f3n de Log\u00edstica de la Polic\u00eda de la Provincia"},"content":{"rendered":"\n<p class=\"has-medium-font-size\"><strong><em>El Gobernador Carlos Sadir recorri\u00f3 e inspeccion\u00f3 los trabajos de acondicionamiento en el Departamento de Log\u00edstica de la Polic\u00eda de la Provincia. Proyecto implementado por los Ministerios de Seguridad y de Hacienda y Finanzas.<\/em><\/strong><\/p>\n\n\n<div class=\"wp-block-image\">\n<figure class=\"aligncenter\"><img decoding=\"async\" src=\"https:\/\/media.prensa.jujuy.gob.ar\/p\/d87ef6bcf24279eef2eb95f05992699c\/adjuntos\/301\/imagenes\/000\/400\/0000400924\/1200x0\/smart\/030924-recorrido-logistica-la-policia-11jpg.jpg\" alt=\"Sadir se interioriz\u00f3 sobre el proyecto de refacci\u00f3n de Log\u00edstica de la Polic\u00eda de la Provincia\" title=\"Sadir se interioriz\u00f3 sobre el proyecto de refacci\u00f3n de Log\u00edstica de la Polic\u00eda de la Provincia\"\/><figcaption class=\"wp-element-caption\">Gobernador Carlos Sadir en el Departamento de Log\u00edstica de la Polic\u00eda de la Provincia<\/figcaption><\/figure><\/div>\n\n\n<p>Con el fin de mejorar los espacios, optimizar el servicio que se brinda en el taller mec\u00e1nico automotriz y garantizar las condiciones de seguridad, el ejecutivo provincial a trav\u00e9s de una mesa interministerial avanza con la primera etapa del Proyecto Departamento Log\u00edstico de la Polic\u00eda de la Provincia.<a href=\"https:\/\/media.prensa.jujuy.gob.ar\/p\/d87ef6bcf24279eef2eb95f05992699c\/adjuntos\/301\/imagenes\/000\/400\/0000400924\/1200x0\/smart\/030924-recorrido-logistica-la-policia-11jpg.jpg\"><\/a><\/p>\n\n\n\n<p>Durante su visita, el gobernador hizo entrega de rodados 0 KM; computadoras; equipos de trabajo (guantes, cascos, indumentaria y botines); caja de herramientas, compresor de aire entre otros elementos.<a href=\"https:\/\/media.prensa.jujuy.gob.ar\/p\/a7f411ce679c0ecec11085d0cbf27967\/adjuntos\/301\/imagenes\/000\/400\/0000400923\/1200x0\/smart\/030924-recorrido-logistica-la-policia-10jpg.jpg\"><\/a><\/p>\n\n\n\n<p>Sadir indic\u00f3 que mediante la articulaci\u00f3n entre las carteras de Seguridad y Hacienda se concretaron en la jornada varias acciones. \u201cPrimero hemos entregado camionetas cero kil\u00f3metro, unidades que el ministerio de Seguridad va a destinar a las distintas \u00e1reas, seguramente algunas vayan al interior. Luego hemos comprado herramientas para el taller, que fue todo remodelado tanto en sus fosas, se ha cambiado el sistema de iluminaci\u00f3n y circulaci\u00f3n. Por otro lado, se ha hecho una selecci\u00f3n de muchos veh\u00edculos desechados, donde la idea es hacer un remate y terminar con esa cantidad en mal estado en esta zona, venderlo y recuperar algunos recursos y volcarnos al mismo sector de log\u00edstica\u201d, afirm\u00f3.\u00a0<a href=\"https:\/\/media.prensa.jujuy.gob.ar\/p\/7f57910934a0c3ea7d78078fa0338f1f\/adjuntos\/301\/imagenes\/000\/400\/0000400920\/1200x0\/smart\/030924-recorrido-logistica-la-policia-3jpg.jpg\"><\/a><\/p>\n\n\n\n<p>Acompa\u00f1aron los ministros de seguridad, Guillermo Corro; de Hacienda y Finanzas, Federico Cardozo; funcionarios provinciales y autoridades de la Polic\u00eda de la Provincia.<a href=\"https:\/\/media.prensa.jujuy.gob.ar\/p\/7f57910934a0c3ea7d78078fa0338f1f\/adjuntos\/301\/imagenes\/000\/400\/0000400920\/1200x0\/smart\/030924-recorrido-logistica-la-policia-3jpg.jpg\"><\/a><\/p>\n\n\n<div class=\"wp-block-image\">\n<figure class=\"aligncenter\"><img decoding=\"async\" src=\"https:\/\/media.prensa.jujuy.gob.ar\/p\/35d5dde11aada449281b4a06ae853dd9\/adjuntos\/301\/imagenes\/000\/400\/0000400921\/1200x0\/smart\/030924-recorrido-logistica-la-policia-7jpg.jpg\" alt=\"Sadir se interioriz\u00f3 sobre el proyecto de refacci\u00f3n de Log\u00edstica de la Polic\u00eda de la Provincia\" title=\"Sadir se interioriz\u00f3 sobre el proyecto de refacci\u00f3n de Log\u00edstica de la Polic\u00eda de la Provincia\"\/><figcaption class=\"wp-element-caption\">Ministro Guillermo Corro <\/figcaption><\/figure><\/div>\n\n\n<p>Finalmente, el mandatario sostuvo que se tiene planeado la compra de algunas motos para reforzar el parque automotor de la Polic\u00eda de la Provincia. \u201cA trav\u00e9s de una tarea de conjunci\u00f3n de estos dos ministerios estamos viendo un resultado positivo\u201d.\u00a0<a href=\"https:\/\/media.prensa.jujuy.gob.ar\/p\/35d5dde11aada449281b4a06ae853dd9\/adjuntos\/301\/imagenes\/000\/400\/0000400921\/1200x0\/smart\/030924-recorrido-logistica-la-policia-7jpg.jpg\"><\/a><\/p>\n\n\n\n<p>En tanto, el Ministro Corro expres\u00f3 que \u201cel gobernador pudo apreciar en su recorrido el reacondicionamiento del \u00e1rea log\u00edstica, los talleres donde hab\u00eda un c\u00famulo de veh\u00edculos y como junto al ministerio de Hacienda se hizo un trabajo integral para el desecho de fluidos\u201d.\u00a0<a href=\"https:\/\/media.prensa.jujuy.gob.ar\/p\/35d5dde11aada449281b4a06ae853dd9\/adjuntos\/301\/imagenes\/000\/400\/0000400921\/1200x0\/smart\/030924-recorrido-logistica-la-policia-7jpg.jpg\"><\/a><\/p>\n\n\n<div class=\"wp-block-image\">\n<figure class=\"aligncenter\"><img decoding=\"async\" src=\"https:\/\/media.prensa.jujuy.gob.ar\/p\/bac372b3e9b1447c7ad05e13a97896ef\/adjuntos\/301\/imagenes\/000\/400\/0000400922\/1200x0\/smart\/030924-recorrido-logistica-la-policia-8jpg.jpg\" alt=\"Sadir se interioriz\u00f3 sobre el proyecto de refacci\u00f3n de Log\u00edstica de la Polic\u00eda de la Provincia\" title=\"Sadir se interioriz\u00f3 sobre el proyecto de refacci\u00f3n de Log\u00edstica de la Polic\u00eda de la Provincia\"\/><figcaption class=\"wp-element-caption\">Comisario General Javier Tejerina<\/figcaption><\/figure><\/div>\n\n\n<p>A su vez, el titular de Seguridad mencion\u00f3 que pronto habr\u00e1 un remate de veh\u00edculos en desuso.&nbsp;<\/p>\n\n\n\n<p>\u201cTambi\u00e9n se hizo entrega de herramientas para todo el personal que trabaja en el \u00e1rea de talleres, donde el objetivo final es brindar el mejor servicio de prevenci\u00f3n a la comunidad, lo cual implica tener una log\u00edstica ordenada, veh\u00edculos en condiciones o bicicletas en buen estado entre otros\u201d, acot\u00f3 Corro.&nbsp;<\/p>\n\n\n\n<p>Por su parte, el Jefe de la Polic\u00eda de la Provincia, Comisario General Javier Tejerina, hizo hincapi\u00e9 en la gran labor del ministerio de Hacienda y Seguridad para poder reorganizar y restablecer el taller para acondicionar los m\u00f3viles, recursos necesarios para reforzar la prevenci\u00f3n en las calles y barrios.&nbsp;<\/p>\n\n\n\n<p>Por \u00faltimo, el funcionario indic\u00f3 que el personal de log\u00edstica est\u00e1 capacitado en varios oficios y con la nueva estructura en el taller se podr\u00e1 dar eficiencia para dar respuesta inmediata en la prevenci\u00f3n y seguridad de la comunidad.<\/p>\n\n\n<div class=\"wp-block-image\">\n<figure class=\"aligncenter size-full\"><img decoding=\"async\" loading=\"lazy\" width=\"837\" height=\"479\" src=\"https:\/\/notinor.com\/jujuy\/wp-content\/uploads\/2024\/09\/MOVIL.jpg\" alt=\"\" class=\"wp-image-415004\" srcset=\"https:\/\/notinor.com\/jujuy\/wp-content\/uploads\/2024\/09\/MOVIL.jpg 837w, https:\/\/notinor.com\/jujuy\/wp-content\/uploads\/2024\/09\/MOVIL-638x365.jpg 638w, https:\/\/notinor.com\/jujuy\/wp-content\/uploads\/2024\/09\/MOVIL-768x440.jpg 768w, https:\/\/notinor.com\/jujuy\/wp-content\/uploads\/2024\/09\/MOVIL-750x429.jpg 750w\" sizes=\"(max-width: 837px) 100vw, 837px\" \/><\/figure><\/div>","protected":false},"excerpt":{"rendered":"<p>El Gobernador Carlos Sadir recorri\u00f3 e inspeccion\u00f3 los trabajos de acondicionamiento en el Departamento de Log\u00edstica de la Polic\u00eda de la Provincia. Proyecto implementado por los Ministerios de Seguridad y de Hacienda y Finanzas. Con el fin de mejorar los espacios, optimizar el servicio que se brinda en el taller mec\u00e1nico automotriz y garantizar las [&hellip;]<\/p>\n","protected":false},"author":5,"featured_media":415005,"comment_status":"open","ping_status":"open","sticky":false,"template":"","format":"standard","meta":{"_stopmodifiedupdate":false,"_modified_date":"","inline_featured_image":false,"spay_email":"","jetpack_publicize_message":""},"categories":[2],"tags":[],"jetpack_featured_media_url":"https:\/\/notinor.com\/jujuy\/wp-content\/uploads\/2024\/09\/MOVIL-1.jpg","jetpack_publicize_connections":[],"_links":{"self":[{"href":"https:\/\/notinor.com\/jujuy\/wp-json\/wp\/v2\/posts\/415003"}],"collection":[{"href":"https:\/\/notinor.com\/jujuy\/wp-json\/wp\/v2\/posts"}],"about":[{"href":"https:\/\/notinor.com\/jujuy\/wp-json\/wp\/v2\/types\/post"}],"author":[{"embeddable":true,"href":"https:\/\/notinor.com\/jujuy\/wp-json\/wp\/v2\/users\/5"}],"replies":[{"embeddable":true,"href":"https:\/\/notinor.com\/jujuy\/wp-json\/wp\/v2\/comments?post=415003"}],"version-history":[{"count":1,"href":"https:\/\/notinor.com\/jujuy\/wp-json\/wp\/v2\/posts\/415003\/revisions"}],"predecessor-version":[{"id":415006,"href":"https:\/\/notinor.com\/jujuy\/wp-json\/wp\/v2\/posts\/415003\/revisions\/415006"}],"wp:featuredmedia":[{"embeddable":true,"href":"https:\/\/notinor.com\/jujuy\/wp-json\/wp\/v2\/media\/415005"}],"wp:attachment":[{"href":"https:\/\/notinor.com\/jujuy\/wp-json\/wp\/v2\/media?parent=415003"}],"wp:term":[{"taxonomy":"category","embeddable":true,"href":"https:\/\/notinor.com\/jujuy\/wp-json\/wp\/v2\/categories?post=415003"},{"taxonomy":"post_tag","embeddable":true,"href":"https:\/\/notinor.com\/jujuy\/wp-json\/wp\/v2\/tags?post=415003"}],"curies":[{"name":"wp","href":"https:\/\/api.w.org\/{rel}","templated":true}]}}