{"id":414946,"date":"2024-09-02T21:40:00","date_gmt":"2024-09-03T00:40:00","guid":{"rendered":"https:\/\/notinor.com\/jujuy\/?p=414946"},"modified":"2024-09-02T09:40:11","modified_gmt":"2024-09-02T09:40:11","slug":"invitan-a-comerciantes-de-la-economia-popular-a-inscribirse-para-la-fiesta-nacional-de-los-estudiantes","status":"publish","type":"post","link":"https:\/\/notinor.com\/jujuy\/invitan-a-comerciantes-de-la-economia-popular-a-inscribirse-para-la-fiesta-nacional-de-los-estudiantes\/","title":{"rendered":"Invitan a comerciantes de la econom\u00eda popular a inscribirse para la Fiesta Nacional de los Estudiantes"},"content":{"rendered":"\n<p class=\"has-medium-font-size\"><strong><em>La Municipalidad de San Salvador de Jujuy, a trav\u00e9s de la Direcci\u00f3n de Espacios P\u00fablicos de la Secretar\u00eda de Gobierno, informa que abrir\u00e1n la inscripci\u00f3n para los comerciantes de la econom\u00eda popular interesados en participar en la venta de productos durante la nueva edici\u00f3n de la Fiesta Nacional de los Estudiantes, que se llevar\u00e1 a cabo en Ciudad Cultural.<\/em><\/strong><\/p>\n\n\n<div class=\"wp-block-image\">\n<figure class=\"aligncenter size-large\"><img decoding=\"async\" loading=\"lazy\" width=\"840\" height=\"480\" src=\"https:\/\/notinor.com\/jujuy\/wp-content\/uploads\/2024\/09\/ECONOMIA-840x480.jpeg\" alt=\"\" class=\"wp-image-414947\" srcset=\"https:\/\/notinor.com\/jujuy\/wp-content\/uploads\/2024\/09\/ECONOMIA-840x480.jpeg 840w, https:\/\/notinor.com\/jujuy\/wp-content\/uploads\/2024\/09\/ECONOMIA-640x365.jpeg 640w, https:\/\/notinor.com\/jujuy\/wp-content\/uploads\/2024\/09\/ECONOMIA-768x438.jpeg 768w, https:\/\/notinor.com\/jujuy\/wp-content\/uploads\/2024\/09\/ECONOMIA-750x428.jpeg 750w, https:\/\/notinor.com\/jujuy\/wp-content\/uploads\/2024\/09\/ECONOMIA.jpeg 1024w\" sizes=\"(max-width: 840px) 100vw, 840px\" \/><\/figure><\/div>\n\n\n<p>La inscripci\u00f3n se realizar\u00e1 el mi\u00e9rcoles 4 de septiembre, de 8 a 12 horas, en las oficinas de Espacios P\u00fablicos, ubicadas en la esquina de las calles Dorrego e Iguaz\u00fa. Se recuerda que la inscripci\u00f3n estar\u00e1 disponible hasta completar el cupo.<\/p>\n\n\n\n<p><strong>Requisitos para la inscripci\u00f3n:<\/strong><\/p>\n\n\n\n<ul>\n<li>Fotocopia de DNI<\/li>\n\n\n\n<li>Fotocopia de carnet sanitario vigente<\/li>\n\n\n\n<li>Fotocopia de carnet de manipulaci\u00f3n de alimentos vigente<\/li>\n\n\n\n<li>Certificado de Residencia en San Salvador de Jujuy<\/li>\n\n\n\n<li>Certificado de Negatividad<\/li>\n\n\n\n<li>Certificado de libre infracci\u00f3n municipal<\/li>\n<\/ul>\n\n\n\n<p>Se solicita a los interesados que presenten la documentaci\u00f3n completa, ya que no se aceptar\u00e1n inscripciones con documentaci\u00f3n incompleta.<\/p>\n\n\n\n<p>Para m\u00e1s informaci\u00f3n, los interesados pueden acercarse a las oficinas mencionadas o comunicarse con la Direcci\u00f3n de Espacios P\u00fablicos.<\/p>\n","protected":false},"excerpt":{"rendered":"<p>La Municipalidad de San Salvador de Jujuy, a trav\u00e9s de la Direcci\u00f3n de Espacios P\u00fablicos de la Secretar\u00eda de Gobierno, informa que abrir\u00e1n la inscripci\u00f3n para los comerciantes de la econom\u00eda popular interesados en participar en la venta de productos durante la nueva edici\u00f3n de la Fiesta Nacional de los Estudiantes, que se llevar\u00e1 a [&hellip;]<\/p>\n","protected":false},"author":5,"featured_media":414947,"comment_status":"open","ping_status":"open","sticky":false,"template":"","format":"standard","meta":{"_stopmodifiedupdate":false,"_modified_date":"","inline_featured_image":false,"spay_email":"","jetpack_publicize_message":""},"categories":[514],"tags":[],"jetpack_featured_media_url":"https:\/\/notinor.com\/jujuy\/wp-content\/uploads\/2024\/09\/ECONOMIA.jpeg","jetpack_publicize_connections":[],"_links":{"self":[{"href":"https:\/\/notinor.com\/jujuy\/wp-json\/wp\/v2\/posts\/414946"}],"collection":[{"href":"https:\/\/notinor.com\/jujuy\/wp-json\/wp\/v2\/posts"}],"about":[{"href":"https:\/\/notinor.com\/jujuy\/wp-json\/wp\/v2\/types\/post"}],"author":[{"embeddable":true,"href":"https:\/\/notinor.com\/jujuy\/wp-json\/wp\/v2\/users\/5"}],"replies":[{"embeddable":true,"href":"https:\/\/notinor.com\/jujuy\/wp-json\/wp\/v2\/comments?post=414946"}],"version-history":[{"count":1,"href":"https:\/\/notinor.com\/jujuy\/wp-json\/wp\/v2\/posts\/414946\/revisions"}],"predecessor-version":[{"id":414948,"href":"https:\/\/notinor.com\/jujuy\/wp-json\/wp\/v2\/posts\/414946\/revisions\/414948"}],"wp:featuredmedia":[{"embeddable":true,"href":"https:\/\/notinor.com\/jujuy\/wp-json\/wp\/v2\/media\/414947"}],"wp:attachment":[{"href":"https:\/\/notinor.com\/jujuy\/wp-json\/wp\/v2\/media?parent=414946"}],"wp:term":[{"taxonomy":"category","embeddable":true,"href":"https:\/\/notinor.com\/jujuy\/wp-json\/wp\/v2\/categories?post=414946"},{"taxonomy":"post_tag","embeddable":true,"href":"https:\/\/notinor.com\/jujuy\/wp-json\/wp\/v2\/tags?post=414946"}],"curies":[{"name":"wp","href":"https:\/\/api.w.org\/{rel}","templated":true}]}}