{"id":414941,"date":"2024-09-02T21:33:00","date_gmt":"2024-09-03T00:33:00","guid":{"rendered":"https:\/\/notinor.com\/jujuy\/?p=414941"},"modified":"2024-09-02T09:33:59","modified_gmt":"2024-09-02T09:33:59","slug":"dos-anos-conteniendo-y-formando-a-jovenes-y-adultos-de-alto-comedero","status":"publish","type":"post","link":"https:\/\/notinor.com\/jujuy\/dos-anos-conteniendo-y-formando-a-jovenes-y-adultos-de-alto-comedero\/","title":{"rendered":"Dos a\u00f1os conteniendo y formando a j\u00f3venes y adultos de Alto Comedero"},"content":{"rendered":"\n<p class=\"has-medium-font-size\"><strong><em>La Municipalidad de San Salvador de Jujuy celebr\u00f3 segundo aniversario del Centro de Formaci\u00f3n Profesional N\u00b0 1, un establecimiento que ha brindado nuevas oportunidades de desarrollo laboral a los vecinos y vecinas de Alto Comedero. Este evento, organizado por la Secretar\u00eda de Desarrollo Humano y la Direcci\u00f3n General de Educaci\u00f3n, cont\u00f3 con la participaci\u00f3n del intendente Ra\u00fal \u201cChuli\u201d Jorge, quien destac\u00f3 la importancia de esta instituci\u00f3n en la formaci\u00f3n de nuevos profesionales.<\/em><\/strong><\/p>\n\n\n<div class=\"wp-block-image\">\n<figure class=\"aligncenter size-large\"><img decoding=\"async\" loading=\"lazy\" width=\"766\" height=\"480\" src=\"https:\/\/notinor.com\/jujuy\/wp-content\/uploads\/2024\/09\/Aniversario-6-766x480.jpg\" alt=\"\" class=\"wp-image-414943\" srcset=\"https:\/\/notinor.com\/jujuy\/wp-content\/uploads\/2024\/09\/Aniversario-6-766x480.jpg 766w, https:\/\/notinor.com\/jujuy\/wp-content\/uploads\/2024\/09\/Aniversario-6-582x365.jpg 582w, https:\/\/notinor.com\/jujuy\/wp-content\/uploads\/2024\/09\/Aniversario-6-768x482.jpg 768w, https:\/\/notinor.com\/jujuy\/wp-content\/uploads\/2024\/09\/Aniversario-6-750x470.jpg 750w, https:\/\/notinor.com\/jujuy\/wp-content\/uploads\/2024\/09\/Aniversario-6.jpg 1024w\" sizes=\"(max-width: 766px) 100vw, 766px\" \/><\/figure><\/div>\n\n\n<p>Durante el acto, el intendente Jorge comparti\u00f3 su satisfacci\u00f3n por los logros alcanzados por el centro educativo en sus dos a\u00f1os de funcionamiento. \u201cNos enorgullece y nos encanta poder acompa\u00f1ar ya el segundo aniversario de la formaci\u00f3n de este centro educativo para generar posibilidades laborales a muchas familias de Alto Comedero\u201d, expres\u00f3. Jorge subray\u00f3 la cercan\u00eda de este centro con la Escuela Primaria y Secundaria Marina Vilte, indicando que \u201cverdaderamente las luces aqu\u00ed no se apagan a las seis de la tarde\u201d.<\/p>\n\n\n<div class=\"wp-block-image\">\n<figure class=\"aligncenter size-large\"><img decoding=\"async\" loading=\"lazy\" width=\"744\" height=\"480\" src=\"https:\/\/notinor.com\/jujuy\/wp-content\/uploads\/2024\/09\/Aniversario-7-744x480.jpg\" alt=\"\" class=\"wp-image-414944\" srcset=\"https:\/\/notinor.com\/jujuy\/wp-content\/uploads\/2024\/09\/Aniversario-7-744x480.jpg 744w, https:\/\/notinor.com\/jujuy\/wp-content\/uploads\/2024\/09\/Aniversario-7-565x365.jpg 565w, https:\/\/notinor.com\/jujuy\/wp-content\/uploads\/2024\/09\/Aniversario-7-768x496.jpg 768w, https:\/\/notinor.com\/jujuy\/wp-content\/uploads\/2024\/09\/Aniversario-7-750x484.jpg 750w, https:\/\/notinor.com\/jujuy\/wp-content\/uploads\/2024\/09\/Aniversario-7.jpg 1024w\" sizes=\"(max-width: 744px) 100vw, 744px\" \/><\/figure><\/div>\n\n\n<p>El intendente destac\u00f3 el papel fundamental que juegan tanto el CEIJA, que permite la terminalidad educativa, como este Centro de Formaci\u00f3n Profesional, en brindar una actividad casi permanente \u201cpara formar sue\u00f1os, para dar salidas y posibilidades a much\u00edsima gente que hoy por hoy, con la situaci\u00f3n que vive el pa\u00eds, conocida por todos, hace falta esta presencia del Estado. Creemos en el Estado presente, por eso esta escuela tambi\u00e9n desparrama estas posibilidades generosas y abiertas a todo el colectivo de Alto Comedero y de la ciudad\u201d.<\/p>\n\n\n\n<p>En estos dos a\u00f1os de funcionamiento, el Centro de Formaci\u00f3n Profesional N\u00b0 1 ha graduado a m\u00e1s de 700 alumnos, brind\u00e1ndoles herramientas laborales que mejoran sus posibilidades de inserci\u00f3n en el mercado laboral. Este logro fue celebrado por la subsecretaria de Desarrollo Humano, Daniela Amerise, quien se\u00f1al\u00f3, \u201cfueron dos j\u00f3venes a\u00f1os de esta nueva instituci\u00f3n que prioriz\u00f3 el intendente \u2018Chuli\u2019 Jorge en su agenda de pol\u00edticas p\u00fablicas educativas, con una mirada especial para la comunidad de Alto Comedero\u201d.<\/p>\n\n\n\n<p>Amerise tambi\u00e9n destac\u00f3 la calidad del plantel docente y la oferta educativa del centro, que incluye cinco capacitaciones y dos certificaciones avaladas por el Ministerio de Educaci\u00f3n de la Provincia. \u201cEn estos dos a\u00f1os ya hay m\u00e1s de 700 egresados, con un plantel profesional muy comprometido que en este caso lidera la profesora Sabrina Depetri\u201d, agreg\u00f3.<\/p>\n\n\n\n<p>Por su parte, la directora general de Educaci\u00f3n, Erica Garc\u00eda, expres\u00f3 su satisfacci\u00f3n con los logros alcanzados, \u201ces un orgullo para la pol\u00edtica del Municipio y el sistema educativo esta Gran Manzana donde se desarrollan actividades para toda la sociedad brindando una respuesta a la comunidad de Alto Comedero\u201d. Garc\u00eda destac\u00f3 que la educaci\u00f3n p\u00fablica, gratuita, laica e igualitaria es un pilar fundamental de la sociedad, y que el compromiso del municipio se refleja en las diversas instituciones educativas que, como el Centro de Formaci\u00f3n Profesional N\u00b0 1, contin\u00faan cumpliendo a\u00f1os de labor incesante en beneficio de la comunidad.<\/p>\n\n\n\n<p><strong>Nota audiovisual<\/strong>:&nbsp;<a href=\"https:\/\/youtu.be\/n0iNZ1Xza1U\" target=\"_blank\" rel=\"noreferrer noopener\">https:\/\/youtu.be\/n0iNZ1Xza1U<\/a><\/p>\n","protected":false},"excerpt":{"rendered":"<p>La Municipalidad de San Salvador de Jujuy celebr\u00f3 segundo aniversario del Centro de Formaci\u00f3n Profesional N\u00b0 1, un establecimiento que ha brindado nuevas oportunidades de desarrollo laboral a los vecinos y vecinas de Alto Comedero. Este evento, organizado por la Secretar\u00eda de Desarrollo Humano y la Direcci\u00f3n General de Educaci\u00f3n, cont\u00f3 con la participaci\u00f3n del [&hellip;]<\/p>\n","protected":false},"author":5,"featured_media":414942,"comment_status":"open","ping_status":"open","sticky":false,"template":"","format":"standard","meta":{"_stopmodifiedupdate":false,"_modified_date":"","inline_featured_image":false,"spay_email":"","jetpack_publicize_message":""},"categories":[13],"tags":[],"jetpack_featured_media_url":"https:\/\/notinor.com\/jujuy\/wp-content\/uploads\/2024\/09\/Aniversario-5.jpg","jetpack_publicize_connections":[],"_links":{"self":[{"href":"https:\/\/notinor.com\/jujuy\/wp-json\/wp\/v2\/posts\/414941"}],"collection":[{"href":"https:\/\/notinor.com\/jujuy\/wp-json\/wp\/v2\/posts"}],"about":[{"href":"https:\/\/notinor.com\/jujuy\/wp-json\/wp\/v2\/types\/post"}],"author":[{"embeddable":true,"href":"https:\/\/notinor.com\/jujuy\/wp-json\/wp\/v2\/users\/5"}],"replies":[{"embeddable":true,"href":"https:\/\/notinor.com\/jujuy\/wp-json\/wp\/v2\/comments?post=414941"}],"version-history":[{"count":1,"href":"https:\/\/notinor.com\/jujuy\/wp-json\/wp\/v2\/posts\/414941\/revisions"}],"predecessor-version":[{"id":414945,"href":"https:\/\/notinor.com\/jujuy\/wp-json\/wp\/v2\/posts\/414941\/revisions\/414945"}],"wp:featuredmedia":[{"embeddable":true,"href":"https:\/\/notinor.com\/jujuy\/wp-json\/wp\/v2\/media\/414942"}],"wp:attachment":[{"href":"https:\/\/notinor.com\/jujuy\/wp-json\/wp\/v2\/media?parent=414941"}],"wp:term":[{"taxonomy":"category","embeddable":true,"href":"https:\/\/notinor.com\/jujuy\/wp-json\/wp\/v2\/categories?post=414941"},{"taxonomy":"post_tag","embeddable":true,"href":"https:\/\/notinor.com\/jujuy\/wp-json\/wp\/v2\/tags?post=414941"}],"curies":[{"name":"wp","href":"https:\/\/api.w.org\/{rel}","templated":true}]}}