{"id":414934,"date":"2024-09-02T21:20:00","date_gmt":"2024-09-03T00:20:00","guid":{"rendered":"https:\/\/notinor.com\/jujuy\/?p=414934"},"modified":"2024-09-02T09:20:49","modified_gmt":"2024-09-02T09:20:49","slug":"el-intendente-jorge-impulsa-con-vigor-el-plan-de-pavimentacion-y-repavimentacion-2024","status":"publish","type":"post","link":"https:\/\/notinor.com\/jujuy\/el-intendente-jorge-impulsa-con-vigor-el-plan-de-pavimentacion-y-repavimentacion-2024\/","title":{"rendered":"El Intendente Jorge impulsa con vigor el plan de pavimentaci\u00f3n y repavimentaci\u00f3n 2024"},"content":{"rendered":"\n<p class=\"has-medium-font-size\"><strong><em>El intendente Ra\u00fal \u201cChuli\u201d Jorge inform\u00f3 que se est\u00e1n llevando a cabo varios proyectos en distintos sectores de la ciudad para atender las necesidades en materia de pavimentaci\u00f3n y repavimentaci\u00f3n. \u201cTrabajamos intensamente en la avenida Espa\u00f1a, \u201c, se\u00f1al\u00f3.<\/em><\/strong><\/p>\n\n\n<div class=\"wp-block-image\">\n<figure class=\"aligncenter size-large\"><img decoding=\"async\" loading=\"lazy\" width=\"682\" height=\"480\" src=\"https:\/\/notinor.com\/jujuy\/wp-content\/uploads\/2024\/09\/plan-1-682x480.jpg\" alt=\"\" class=\"wp-image-414936\" srcset=\"https:\/\/notinor.com\/jujuy\/wp-content\/uploads\/2024\/09\/plan-1-682x480.jpg 682w, https:\/\/notinor.com\/jujuy\/wp-content\/uploads\/2024\/09\/plan-1-518x365.jpg 518w, https:\/\/notinor.com\/jujuy\/wp-content\/uploads\/2024\/09\/plan-1-768x541.jpg 768w, https:\/\/notinor.com\/jujuy\/wp-content\/uploads\/2024\/09\/plan-1-750x528.jpg 750w, https:\/\/notinor.com\/jujuy\/wp-content\/uploads\/2024\/09\/plan-1.jpg 1024w\" sizes=\"(max-width: 682px) 100vw, 682px\" \/><\/figure><\/div>\n\n\n<p>El intendente tambi\u00e9n mencion\u00f3 que \u201cse repavimentaron 590 metros cuadrados de calzada que estaban en mal estado y, adem\u00e1s, se ha intervenido en un tramo significativo de la calle G\u00fcemes en el centro. Ya se liber\u00f3 completamente la calle Patricias Argentinas, y \u201cestamos trabajando con fuerza en otros sectores, como en Jos\u00e9 de la Iglesia\u201d.<\/p>\n\n\n<div class=\"wp-block-image\">\n<figure class=\"aligncenter size-large is-resized\"><img decoding=\"async\" loading=\"lazy\" src=\"https:\/\/notinor.com\/jujuy\/wp-content\/uploads\/2024\/09\/plan-2-760x480.jpg\" alt=\"\" class=\"wp-image-414937\" width=\"679\" height=\"429\" srcset=\"https:\/\/notinor.com\/jujuy\/wp-content\/uploads\/2024\/09\/plan-2-760x480.jpg 760w, https:\/\/notinor.com\/jujuy\/wp-content\/uploads\/2024\/09\/plan-2-578x365.jpg 578w, https:\/\/notinor.com\/jujuy\/wp-content\/uploads\/2024\/09\/plan-2-768x485.jpg 768w, https:\/\/notinor.com\/jujuy\/wp-content\/uploads\/2024\/09\/plan-2-750x474.jpg 750w, https:\/\/notinor.com\/jujuy\/wp-content\/uploads\/2024\/09\/plan-2.jpg 1024w\" sizes=\"(max-width: 679px) 100vw, 679px\" \/><\/figure><\/div>\n\n\n<p><strong>Aldo Montiel,<\/strong> titular de la Secretar\u00eda de Obras P\u00fablicas, explic\u00f3 que \u201ccomo parte del plan de pavimentaci\u00f3n y repavimentaci\u00f3n de 2024, avanzamos sobre la avenida Espa\u00f1a, una arteria troncal de acceso desde el oeste a la ciudad que se encontraba bastante deteriorada. Se coloc\u00f3 una nueva capa de pavimento inflexible en una superficie de m\u00e1s de 4.700 metros cuadrados\u201d.<\/p>\n\n\n<div class=\"wp-block-image\">\n<figure class=\"aligncenter size-large is-resized\"><img decoding=\"async\" loading=\"lazy\" src=\"https:\/\/notinor.com\/jujuy\/wp-content\/uploads\/2024\/09\/plan-3-714x480.jpg\" alt=\"\" class=\"wp-image-414938\" width=\"687\" height=\"462\" srcset=\"https:\/\/notinor.com\/jujuy\/wp-content\/uploads\/2024\/09\/plan-3-714x480.jpg 714w, https:\/\/notinor.com\/jujuy\/wp-content\/uploads\/2024\/09\/plan-3-543x365.jpg 543w, https:\/\/notinor.com\/jujuy\/wp-content\/uploads\/2024\/09\/plan-3-768x516.jpg 768w, https:\/\/notinor.com\/jujuy\/wp-content\/uploads\/2024\/09\/plan-3-750x504.jpg 750w, https:\/\/notinor.com\/jujuy\/wp-content\/uploads\/2024\/09\/plan-3.jpg 1024w\" sizes=\"(max-width: 687px) 100vw, 687px\" \/><\/figure><\/div>\n\n\n<p>Montiel destac\u00f3 el trabajo coordinado con la Secretar\u00eda de Servicios P\u00fablicos para mantener habilitado al menos un carril durante los trabajos, buscando minimizar las molestias al tr\u00e1nsito en la zona.<\/p>\n\n\n\n<p>El funcionario tambi\u00e9n coment\u00f3 que \u201cse incluy\u00f3 en el plan de repavimentaci\u00f3n el tramo de la calle G\u00fcemes entre Necochea y Lamadrid. Esta obra es fundamental, ya que, junto con la peatonal de la calle Belgrano, tanto Independencia como G\u00fcemes son arterias que facilitan el flujo de tr\u00e1fico desde el centro hacia el oeste de la ciudad\u201d.<\/p>\n\n\n<div class=\"wp-block-image\">\n<figure class=\"aligncenter size-large\"><img decoding=\"async\" loading=\"lazy\" width=\"720\" height=\"480\" src=\"https:\/\/notinor.com\/jujuy\/wp-content\/uploads\/2024\/09\/plan-4-720x480.jpg\" alt=\"\" class=\"wp-image-414939\" srcset=\"https:\/\/notinor.com\/jujuy\/wp-content\/uploads\/2024\/09\/plan-4-720x480.jpg 720w, https:\/\/notinor.com\/jujuy\/wp-content\/uploads\/2024\/09\/plan-4-547x365.jpg 547w, https:\/\/notinor.com\/jujuy\/wp-content\/uploads\/2024\/09\/plan-4-768x512.jpg 768w, https:\/\/notinor.com\/jujuy\/wp-content\/uploads\/2024\/09\/plan-4-750x500.jpg 750w, https:\/\/notinor.com\/jujuy\/wp-content\/uploads\/2024\/09\/plan-4.jpg 1024w\" sizes=\"(max-width: 720px) 100vw, 720px\" \/><\/figure><\/div>\n\n\n<p><strong>Lisandro Aguiar<\/strong>, presidente del Concejo Deliberante, destac\u00f3 \u201cel importante esfuerzo del municipio para llevar a cabo diversas obras de mejora en la red vial de la ciudad\u201d. Asimismo, resalt\u00f3 la aprobaci\u00f3n de la \u201cTasa Vial\u201d, que permitir\u00e1 financiar estas obras en San Salvador de Jujuy.<\/p>\n\n\n\n<p>Aguiar a\u00f1adi\u00f3 que \u201cse pavimentaron tramos de las calles Patricias Argentinas y Jos\u00e9 de la Iglesia, arterias clave de la ciudad por donde circula el mayor caudal de colectivos del transporte urbano de pasajeros, beneficiando a miles de personas diariamente\u201d.<\/p>\n\n\n\n<p>El intendente Ra\u00fal \u201cChuli\u201d Jorge, junto con el presidente del Concejo Deliberante, Lisandro Aguiar, y el titular de la Secretar\u00eda de Obras P\u00fablicas, Aldo Montiel, recorrieron las diferentes obras de reparaci\u00f3n de calzada que se est\u00e1n realizando en la ciudad.<\/p>\n","protected":false},"excerpt":{"rendered":"<p>El intendente Ra\u00fal \u201cChuli\u201d Jorge inform\u00f3 que se est\u00e1n llevando a cabo varios proyectos en distintos sectores de la ciudad para atender las necesidades en materia de pavimentaci\u00f3n y repavimentaci\u00f3n. \u201cTrabajamos intensamente en la avenida Espa\u00f1a, \u201c, se\u00f1al\u00f3. El intendente tambi\u00e9n mencion\u00f3 que \u201cse repavimentaron 590 metros cuadrados de calzada que estaban en mal estado [&hellip;]<\/p>\n","protected":false},"author":5,"featured_media":414935,"comment_status":"open","ping_status":"open","sticky":false,"template":"","format":"standard","meta":{"_stopmodifiedupdate":false,"_modified_date":"","inline_featured_image":false,"spay_email":"","jetpack_publicize_message":""},"categories":[514],"tags":[],"jetpack_featured_media_url":"https:\/\/notinor.com\/jujuy\/wp-content\/uploads\/2024\/09\/plan.jpg","jetpack_publicize_connections":[],"_links":{"self":[{"href":"https:\/\/notinor.com\/jujuy\/wp-json\/wp\/v2\/posts\/414934"}],"collection":[{"href":"https:\/\/notinor.com\/jujuy\/wp-json\/wp\/v2\/posts"}],"about":[{"href":"https:\/\/notinor.com\/jujuy\/wp-json\/wp\/v2\/types\/post"}],"author":[{"embeddable":true,"href":"https:\/\/notinor.com\/jujuy\/wp-json\/wp\/v2\/users\/5"}],"replies":[{"embeddable":true,"href":"https:\/\/notinor.com\/jujuy\/wp-json\/wp\/v2\/comments?post=414934"}],"version-history":[{"count":1,"href":"https:\/\/notinor.com\/jujuy\/wp-json\/wp\/v2\/posts\/414934\/revisions"}],"predecessor-version":[{"id":414940,"href":"https:\/\/notinor.com\/jujuy\/wp-json\/wp\/v2\/posts\/414934\/revisions\/414940"}],"wp:featuredmedia":[{"embeddable":true,"href":"https:\/\/notinor.com\/jujuy\/wp-json\/wp\/v2\/media\/414935"}],"wp:attachment":[{"href":"https:\/\/notinor.com\/jujuy\/wp-json\/wp\/v2\/media?parent=414934"}],"wp:term":[{"taxonomy":"category","embeddable":true,"href":"https:\/\/notinor.com\/jujuy\/wp-json\/wp\/v2\/categories?post=414934"},{"taxonomy":"post_tag","embeddable":true,"href":"https:\/\/notinor.com\/jujuy\/wp-json\/wp\/v2\/tags?post=414934"}],"curies":[{"name":"wp","href":"https:\/\/api.w.org\/{rel}","templated":true}]}}