{"id":414928,"date":"2024-09-02T20:32:00","date_gmt":"2024-09-02T23:32:00","guid":{"rendered":"https:\/\/notinor.com\/jujuy\/?p=414928"},"modified":"2024-09-02T08:32:08","modified_gmt":"2024-09-02T08:32:08","slug":"el-vicegobernador-recibio-propuestas-de-capacitacion-del-sindicato-de-trabajadores-de-vialidad-nacional","status":"publish","type":"post","link":"https:\/\/notinor.com\/jujuy\/el-vicegobernador-recibio-propuestas-de-capacitacion-del-sindicato-de-trabajadores-de-vialidad-nacional\/","title":{"rendered":"<strong>El vicegobernador recibi\u00f3 propuestas de capacitaci\u00f3n del sindicato de trabajadores de Vialidad Nacional<\/strong>"},"content":{"rendered":"\n<p class=\"has-medium-font-size\"><strong><em>En despacho de Presidencia, el vicegobernador Alberto Bernis recibi\u00f3 a dirigentes del Sindicato del personal de Vialidad Nacional, encabezados por el secretario general Ariel Nadal, quienes le informaron sobre las propuestas de capacitaci\u00f3n que desarrollar\u00e1n en distintos puntos de Jujuy, en el marco de un convenio suscripto con el gobierno de la provincia. Iniciar\u00e1n con el curso de \"operario de m\u00e1quinas viales pesadas\".<\/em><\/strong><\/p>\n\n\n<div class=\"wp-block-image\">\n<figure class=\"aligncenter size-large\"><img decoding=\"async\" loading=\"lazy\" width=\"721\" height=\"480\" src=\"https:\/\/notinor.com\/jujuy\/wp-content\/uploads\/2024\/09\/reunion-1-721x480.jpeg\" alt=\"\" class=\"wp-image-414930\" srcset=\"https:\/\/notinor.com\/jujuy\/wp-content\/uploads\/2024\/09\/reunion-1-721x480.jpeg 721w, https:\/\/notinor.com\/jujuy\/wp-content\/uploads\/2024\/09\/reunion-1-549x365.jpeg 549w, https:\/\/notinor.com\/jujuy\/wp-content\/uploads\/2024\/09\/reunion-1.jpeg 750w\" sizes=\"(max-width: 721px) 100vw, 721px\" \/><\/figure><\/div>\n\n\n<p>Luego de la reuni\u00f3n, el secretario general del sindicato, <strong>Ariel Nadal<\/strong>, refiri\u00f3 que el objetivo de la reuni\u00f3n fue que el vicegobernador para que tome conocimiento de las intendencias visitadas y el relevamiento sobre las necesidades y qu\u00e9 tipo de capacitaciones brindar\u00e1n. \"Le entregamos un proyecto de capacitaci\u00f3n de operario de m\u00e1quinas pesadas. De ahora en adelante, queda la aprobaci\u00f3n por parte del gobierno para poder efectuar esta capacitaci\u00f3n\", coment\u00f3.<\/p>\n\n\n\n<p>Nadal destac\u00f3 el compromiso del Vicegobernador para llevar adelante un trabajo conjunto en estos temas de formaci\u00f3n no solo con municipios sino tambi\u00e9n con empresas del medio, \"hay una buena predisposici\u00f3n del vicegobernador en todo este proyecto\", acot\u00f3 el dirigente.<\/p>\n","protected":false},"excerpt":{"rendered":"<p>En despacho de Presidencia, el vicegobernador Alberto Bernis recibi\u00f3 a dirigentes del Sindicato del personal de Vialidad Nacional, encabezados por el secretario general Ariel Nadal, quienes le informaron sobre las propuestas de capacitaci\u00f3n que desarrollar\u00e1n en distintos puntos de Jujuy, en el marco de un convenio suscripto con el gobierno de la provincia. Iniciar\u00e1n con [&hellip;]<\/p>\n","protected":false},"author":5,"featured_media":414929,"comment_status":"open","ping_status":"open","sticky":false,"template":"","format":"standard","meta":{"_stopmodifiedupdate":false,"_modified_date":"","inline_featured_image":false,"spay_email":"","jetpack_publicize_message":""},"categories":[514],"tags":[],"jetpack_featured_media_url":"https:\/\/notinor.com\/jujuy\/wp-content\/uploads\/2024\/09\/reunion.jpeg","jetpack_publicize_connections":[],"_links":{"self":[{"href":"https:\/\/notinor.com\/jujuy\/wp-json\/wp\/v2\/posts\/414928"}],"collection":[{"href":"https:\/\/notinor.com\/jujuy\/wp-json\/wp\/v2\/posts"}],"about":[{"href":"https:\/\/notinor.com\/jujuy\/wp-json\/wp\/v2\/types\/post"}],"author":[{"embeddable":true,"href":"https:\/\/notinor.com\/jujuy\/wp-json\/wp\/v2\/users\/5"}],"replies":[{"embeddable":true,"href":"https:\/\/notinor.com\/jujuy\/wp-json\/wp\/v2\/comments?post=414928"}],"version-history":[{"count":1,"href":"https:\/\/notinor.com\/jujuy\/wp-json\/wp\/v2\/posts\/414928\/revisions"}],"predecessor-version":[{"id":414931,"href":"https:\/\/notinor.com\/jujuy\/wp-json\/wp\/v2\/posts\/414928\/revisions\/414931"}],"wp:featuredmedia":[{"embeddable":true,"href":"https:\/\/notinor.com\/jujuy\/wp-json\/wp\/v2\/media\/414929"}],"wp:attachment":[{"href":"https:\/\/notinor.com\/jujuy\/wp-json\/wp\/v2\/media?parent=414928"}],"wp:term":[{"taxonomy":"category","embeddable":true,"href":"https:\/\/notinor.com\/jujuy\/wp-json\/wp\/v2\/categories?post=414928"},{"taxonomy":"post_tag","embeddable":true,"href":"https:\/\/notinor.com\/jujuy\/wp-json\/wp\/v2\/tags?post=414928"}],"curies":[{"name":"wp","href":"https:\/\/api.w.org\/{rel}","templated":true}]}}