{"id":414913,"date":"2024-09-02T21:09:55","date_gmt":"2024-09-03T00:09:55","guid":{"rendered":"https:\/\/notinor.com\/jujuy\/?p=414913"},"modified":"2024-09-02T21:09:56","modified_gmt":"2024-09-03T00:09:56","slug":"uia-%c2%a8queremos-un-terreno-equilibrado-para-poder-competir-con-paises-que-no-exportan-impuestos-%c2%a8","status":"publish","type":"post","link":"https:\/\/notinor.com\/jujuy\/uia-%c2%a8queremos-un-terreno-equilibrado-para-poder-competir-con-paises-que-no-exportan-impuestos-%c2%a8\/","title":{"rendered":"UIA: \u00a8Queremos un terreno equilibrado para poder competir con pa\u00edses que no exportan impuestos \u00a8"},"content":{"rendered":"\n<p class=\"has-medium-font-size\"><strong><em>El presidente de la UIA, Daniel Funes de Rioja, y el presidente de la Naci\u00f3n, Javier Milei, fueron los principales oradores en la conmemoraci\u00f3n del D\u00eda de la Industria en la sede central de la instituci\u00f3n.<\/em><\/strong><\/p>\n\n\n\n<p><\/p>\n\n\n<div class=\"wp-block-image\">\n<figure class=\"aligncenter size-full\"><img decoding=\"async\" loading=\"lazy\" width=\"800\" height=\"450\" src=\"https:\/\/notinor.com\/jujuy\/wp-content\/uploads\/2024\/09\/milei-UIA.jpg\" alt=\"\" class=\"wp-image-414914\" srcset=\"https:\/\/notinor.com\/jujuy\/wp-content\/uploads\/2024\/09\/milei-UIA.jpg 800w, https:\/\/notinor.com\/jujuy\/wp-content\/uploads\/2024\/09\/milei-UIA-649x365.jpg 649w, https:\/\/notinor.com\/jujuy\/wp-content\/uploads\/2024\/09\/milei-UIA-500x280.jpg 500w, https:\/\/notinor.com\/jujuy\/wp-content\/uploads\/2024\/09\/milei-UIA-768x432.jpg 768w, https:\/\/notinor.com\/jujuy\/wp-content\/uploads\/2024\/09\/milei-UIA-750x422.jpg 750w\" sizes=\"(max-width: 800px) 100vw, 800px\" \/><\/figure><\/div>\n\n\n<p><\/p>\n\n\n\n<p><strong>La Uni\u00f3n Industrial Argentina (UIA) realiz\u00f3 hoy la conmemoraci\u00f3n del D\u00eda de la Industria con sendos discursos del presidente de la Naci\u00f3n, Javier Milei y el presidente de la instituci\u00f3n, Daniel Funes de Rioja.<\/strong><\/p>\n\n\n\n<p>El evento, que se llev\u00f3 a cabo en la sede de Avenida de Mayo, cont\u00f3 con la presencia de empresarios industriales de todas las regiones productivas, funcionarios del Poder Ejecutivo, entidades colegas, representantes de los trabajadores y acad\u00e9micos, entre otros.<\/p>\n\n\n\n<p>Durante su discurso, Funes de Rioja abord\u00f3 los desaf\u00edos de la industria en un contexto de recesi\u00f3n e indic\u00f3 que <strong>\u201cno podemos m\u00e1s que valorar el esfuerzo por estabilizar las condiciones macroecon\u00f3micas, pues la inflaci\u00f3n, la inestabilidad, el d\u00e9ficit fiscal y la imprevisibilidad no son un buen dato para nadie\u201d. A la vez aclar\u00f3 que \u201cconfiamos en que el ordenamiento de la macro conduzca tambi\u00e9n a poner \u00e9nfasis en la micro, ya que una no puede existir sin la otra\u201d.<\/strong><\/p>\n\n\n\n<p>Funes de Rioja destac\u00f3 el proyecto de una nueva ley PyME que incentive su creaci\u00f3n y desarrollo, y asegur\u00f3 que la industria pretende un terreno equilibrado donde <strong>\u201cnuestro costo argentino no haga inviable la competencia frente a pa\u00edses que no exportan impuestos, que cuentan con infraestructura que permite reducir costos, con reg\u00edmenes laborales modernos adecuados a las nuevas realidades productivas y con medidas de protecci\u00f3n \u00e1giles frente a la competencia desleal\u201d.<\/strong><\/p>\n\n\n\n<p>El presidente de la UIA remarc\u00f3 que los impuestos actuales frenan la capacidad de desarrollo de las industrias e impiden que se creen m\u00e1s empresas y m\u00e1s empleo por que le se\u00f1al\u00f3 que \u201cla Argentina necesita una estructura impositiva que potencie al sector transable, que fomente la formalizaci\u00f3n y le permita desarrollarse y ser competitiva.<\/p>\n\n\n\n<p>Por su parte, el Presidente de la Naci\u00f3n asegur\u00f3 que <strong>\u201cvamos a abrir la econom\u00eda, cuando est\u00e9n dadas las condiciones estructurales, para que las empresas competitivas sean lo m\u00e1s competitivas posible\u201d y que una de sus prioridades es \u201creducir el costo argentino en la totalidad de la vida econ\u00f3mica nacional, para mejorar la competitividad de todos los sectores productivos\u201d.<\/strong><\/p>\n","protected":false},"excerpt":{"rendered":"<p>El presidente de la UIA, Daniel Funes de Rioja, y el presidente de la Naci\u00f3n, Javier Milei, fueron los principales oradores en la conmemoraci\u00f3n del D\u00eda de la Industria en la sede central de la instituci\u00f3n. La Uni\u00f3n Industrial Argentina (UIA) realiz\u00f3 hoy la conmemoraci\u00f3n del D\u00eda de la Industria con sendos discursos del presidente [&hellip;]<\/p>\n","protected":false},"author":49,"featured_media":414914,"comment_status":"open","ping_status":"open","sticky":false,"template":"","format":"standard","meta":{"_stopmodifiedupdate":false,"_modified_date":"","inline_featured_image":false,"spay_email":"","jetpack_publicize_message":""},"categories":[2,676,5],"tags":[],"jetpack_featured_media_url":"https:\/\/notinor.com\/jujuy\/wp-content\/uploads\/2024\/09\/milei-UIA.jpg","jetpack_publicize_connections":[],"_links":{"self":[{"href":"https:\/\/notinor.com\/jujuy\/wp-json\/wp\/v2\/posts\/414913"}],"collection":[{"href":"https:\/\/notinor.com\/jujuy\/wp-json\/wp\/v2\/posts"}],"about":[{"href":"https:\/\/notinor.com\/jujuy\/wp-json\/wp\/v2\/types\/post"}],"author":[{"embeddable":true,"href":"https:\/\/notinor.com\/jujuy\/wp-json\/wp\/v2\/users\/49"}],"replies":[{"embeddable":true,"href":"https:\/\/notinor.com\/jujuy\/wp-json\/wp\/v2\/comments?post=414913"}],"version-history":[{"count":1,"href":"https:\/\/notinor.com\/jujuy\/wp-json\/wp\/v2\/posts\/414913\/revisions"}],"predecessor-version":[{"id":414915,"href":"https:\/\/notinor.com\/jujuy\/wp-json\/wp\/v2\/posts\/414913\/revisions\/414915"}],"wp:featuredmedia":[{"embeddable":true,"href":"https:\/\/notinor.com\/jujuy\/wp-json\/wp\/v2\/media\/414914"}],"wp:attachment":[{"href":"https:\/\/notinor.com\/jujuy\/wp-json\/wp\/v2\/media?parent=414913"}],"wp:term":[{"taxonomy":"category","embeddable":true,"href":"https:\/\/notinor.com\/jujuy\/wp-json\/wp\/v2\/categories?post=414913"},{"taxonomy":"post_tag","embeddable":true,"href":"https:\/\/notinor.com\/jujuy\/wp-json\/wp\/v2\/tags?post=414913"}],"curies":[{"name":"wp","href":"https:\/\/api.w.org\/{rel}","templated":true}]}}