{"id":414910,"date":"2024-09-02T20:33:13","date_gmt":"2024-09-02T23:33:13","guid":{"rendered":"https:\/\/notinor.com\/jujuy\/?p=414910"},"modified":"2024-09-02T20:33:14","modified_gmt":"2024-09-02T23:33:14","slug":"incendio-en-cordoba-el-fuego-avanza-y-ya-alcanzo-algunas-casas","status":"publish","type":"post","link":"https:\/\/notinor.com\/jujuy\/incendio-en-cordoba-el-fuego-avanza-y-ya-alcanzo-algunas-casas\/","title":{"rendered":"Incendio en C\u00f3rdoba: el fuego avanza y ya alcanz\u00f3 algunas casas"},"content":{"rendered":"\n<p class=\"has-medium-font-size\"><strong><em>M\u00e1s de 200 bomberos intentan contener las llamas, que avanzaron hasta la zona m\u00e1s alta. Evacuaron a los habitantes del lugar. Al menos hay cuatro focos activos en diferentes puntos de la provincia.<\/em><\/strong><\/p>\n\n\n\n<p><\/p>\n\n\n<div class=\"wp-block-image\">\n<figure class=\"aligncenter size-full\"><img decoding=\"async\" loading=\"lazy\" width=\"800\" height=\"450\" src=\"https:\/\/notinor.com\/jujuy\/wp-content\/uploads\/2024\/09\/incendios-cordoba.jpg\" alt=\"\" class=\"wp-image-414911\" srcset=\"https:\/\/notinor.com\/jujuy\/wp-content\/uploads\/2024\/09\/incendios-cordoba.jpg 800w, https:\/\/notinor.com\/jujuy\/wp-content\/uploads\/2024\/09\/incendios-cordoba-649x365.jpg 649w, https:\/\/notinor.com\/jujuy\/wp-content\/uploads\/2024\/09\/incendios-cordoba-500x280.jpg 500w, https:\/\/notinor.com\/jujuy\/wp-content\/uploads\/2024\/09\/incendios-cordoba-768x432.jpg 768w, https:\/\/notinor.com\/jujuy\/wp-content\/uploads\/2024\/09\/incendios-cordoba-750x422.jpg 750w\" sizes=\"(max-width: 800px) 100vw, 800px\" \/><\/figure><\/div>\n\n\n<p><\/p>\n\n\n\n<p><strong>Desde la madrugada, m\u00e1s de 200 bomberos voluntarios trabajan para combatir el feroz incendio que se desat\u00f3 en el Valle de Calamuchita en C\u00f3rdoba. <\/strong>Hay al menos cuatro focos activos y las llamas alcanzaron algunas casas.<\/p>\n\n\n\n<p><strong>\u201cEl fuego est\u00e1 llegando a la parte m\u00e1s alta. Son cerca de 260 personas en el lugar. Estamos trabajando con mucha tecnolog\u00eda y as\u00ed observamos c\u00f3mo va a avanzar el viento, eso nos da ventaja respecto a la meteorolog\u00eda\u201d, <\/strong>expres\u00f3 esta tarde Roberto Schreiner, vocero de la secretar\u00eda de Gesti\u00f3n de Riesgo Clim\u00e1tico.<\/p>\n\n\n\n<p><strong>Las llamas comenzaron por razones que se desconocen y se expandieron con el correr de las horas. La temperatura cercana a los 30 grados afecta el trabajo de los bomberos.<\/strong> Hay mucha preocupaci\u00f3n en las autoridades por lo que pueda pasar en los pr\u00f3ximos tres d\u00edas.<\/p>\n\n\n\n<p>En esa l\u00ednea, el ministro de Seguridad cordob\u00e9s, Juan Pablo Quinteros, detall\u00f3: \u201cEn Villa Yacanto un poco m\u00e1s de 10 de personas evacuadas. Nuestra presencia tiene que ver con hacer un relevamiento de la zona. <strong>Tenemos que preservar primero las vidas, despu\u00e9s los bienes y extinguir el fuego. Las condiciones no son favorables para los pr\u00f3ximos d\u00edas, hay que estar atentos\u201d.<\/strong><\/p>\n\n\n\n<p>A su vez, indic\u00f3 que se abri\u00f3 una investigaci\u00f3n para determinar las causas. <strong>\u201cEl mensaje tiene que ser claro: aquella persona que est\u00e1 involucrada en un incendio intencional, vamos a caer con todo el peso de la ley. Hoy vinimos a preservar la vida quienes habitan estos lugares, ya que el fuego est\u00e1 cerca. Da mucha impotencia esto\u201d,<\/strong> advirti\u00f3 el funcionario.<\/p>\n\n\n\n<p>Sin embargo, el punto que m\u00e1s influye en el control del incendio es el viento. Seg\u00fan detallaron los especialistas, se trata de un viento similar al Zonda -de altas temperaturas- que provoca que se reaviven las llamas y que se expandan.<\/p>\n\n\n\n<p>M\u00e1s temprano, la periodista de TN Jimena P\u00e9rez precis\u00f3 que los bomberos <strong>\u201ccombaten el incendio para generar un escudo que pueda cuidar las pocas casas que hay en la zona\u201d <\/strong>y revel\u00f3 que hay mucha preocupaci\u00f3n con respecto a lo que pueda pasar en los pr\u00f3ximos d\u00edas. <strong>\u201cLunes, martes y mi\u00e9rcoles hay riesgo de incendio extremo. Cualquier reinicio de incendio que haya durante los pr\u00f3ximos d\u00edas puede ser complicado para el trabajo de los bomberos\u201d,<\/strong> detall\u00f3 desde las sierras cordobesas.<\/p>\n\n\n\n<p>Otra de las cosas que puede complicar el trabajo de los bomberos durante estas horas es que aumente la velocidad del viento, ya que reducir\u00eda la visibilidad. \u201cLos aviones hidrantes no pueden ayudar a controlar los incendios\u201d, se\u00f1al\u00f3 la periodista.<\/p>\n\n\n\n<p>Al incendio que se inici\u00f3 en la zona del Valle de Calamuchita y que afecta a la localidad cordobesa de El Durazno, se le sumaron tres: <strong>en la zona de Malague\u00f1o, a unos pocos metros de la autopista C\u00f3rdoba-Carlos Paz; en Variante Ju\u00e1rez Celman; en cercan\u00edas de Falda del Carmen y en Cosqu\u00edn.<\/strong><\/p>\n\n\n\n<p><strong>Seg\u00fan el pron\u00f3stico, el martes el viento seguir\u00e1 soplando del sur, con descenso de la temperatura y m\u00e1ximas de 20 grados. En cuanto al mi\u00e9rcoles, la m\u00ednima ser\u00e1 de 12 grados y la m\u00e1xima de 23. La nubosidad ser\u00e1 variable sin probabilidad de lluvias.<\/strong><\/p>\n\n\n\n<p>Ya hacia el fin de la semana, el ambiente c\u00e1lido tendr\u00e1 a\u00fan m\u00e1s protagonismo con la llegada del viento norte. Para estas jornadas se volver\u00e1n a superar los 25 grados de temperatura.<\/p>\n","protected":false},"excerpt":{"rendered":"<p>M\u00e1s de 200 bomberos intentan contener las llamas, que avanzaron hasta la zona m\u00e1s alta. Evacuaron a los habitantes del lugar. Al menos hay cuatro focos activos en diferentes puntos de la provincia. Desde la madrugada, m\u00e1s de 200 bomberos voluntarios trabajan para combatir el feroz incendio que se desat\u00f3 en el Valle de Calamuchita [&hellip;]<\/p>\n","protected":false},"author":49,"featured_media":414911,"comment_status":"open","ping_status":"open","sticky":false,"template":"","format":"standard","meta":{"_stopmodifiedupdate":false,"_modified_date":"","inline_featured_image":false,"spay_email":"","jetpack_publicize_message":""},"categories":[2,5],"tags":[],"jetpack_featured_media_url":"https:\/\/notinor.com\/jujuy\/wp-content\/uploads\/2024\/09\/incendios-cordoba.jpg","jetpack_publicize_connections":[],"_links":{"self":[{"href":"https:\/\/notinor.com\/jujuy\/wp-json\/wp\/v2\/posts\/414910"}],"collection":[{"href":"https:\/\/notinor.com\/jujuy\/wp-json\/wp\/v2\/posts"}],"about":[{"href":"https:\/\/notinor.com\/jujuy\/wp-json\/wp\/v2\/types\/post"}],"author":[{"embeddable":true,"href":"https:\/\/notinor.com\/jujuy\/wp-json\/wp\/v2\/users\/49"}],"replies":[{"embeddable":true,"href":"https:\/\/notinor.com\/jujuy\/wp-json\/wp\/v2\/comments?post=414910"}],"version-history":[{"count":1,"href":"https:\/\/notinor.com\/jujuy\/wp-json\/wp\/v2\/posts\/414910\/revisions"}],"predecessor-version":[{"id":414912,"href":"https:\/\/notinor.com\/jujuy\/wp-json\/wp\/v2\/posts\/414910\/revisions\/414912"}],"wp:featuredmedia":[{"embeddable":true,"href":"https:\/\/notinor.com\/jujuy\/wp-json\/wp\/v2\/media\/414911"}],"wp:attachment":[{"href":"https:\/\/notinor.com\/jujuy\/wp-json\/wp\/v2\/media?parent=414910"}],"wp:term":[{"taxonomy":"category","embeddable":true,"href":"https:\/\/notinor.com\/jujuy\/wp-json\/wp\/v2\/categories?post=414910"},{"taxonomy":"post_tag","embeddable":true,"href":"https:\/\/notinor.com\/jujuy\/wp-json\/wp\/v2\/tags?post=414910"}],"curies":[{"name":"wp","href":"https:\/\/api.w.org\/{rel}","templated":true}]}}