{"id":414636,"date":"2024-08-29T11:53:31","date_gmt":"2024-08-29T14:53:31","guid":{"rendered":"https:\/\/notinor.com\/jujuy\/?p=414636"},"modified":"2024-08-29T11:53:33","modified_gmt":"2024-08-29T14:53:33","slug":"ante-los-riesgos-en-el-frente-fiscal-en-septiembre-caputo-retomara-el-aumento-de-tarifas-y-la-quita-de-subsidios","status":"publish","type":"post","link":"https:\/\/notinor.com\/jujuy\/ante-los-riesgos-en-el-frente-fiscal-en-septiembre-caputo-retomara-el-aumento-de-tarifas-y-la-quita-de-subsidios\/","title":{"rendered":"Ante los riesgos en el frente fiscal, en septiembre Caputo retomar\u00e1 el aumento de tarifas y la quita de subsidios"},"content":{"rendered":"\n<p class=\"has-medium-font-size\"><strong><em>Subir\u00e1 la luz, el gas, el agua y los combustibles. Habr\u00e1 reducci\u00f3n de los subsidios a colectivos en AMBA y de energ\u00eda a 1,7 millones de usuarios con tarifa social. El lunes se aplicar\u00e1 reducci\u00f3n del impuesto PAIS a las importaciones de bienes. La oposici\u00f3n amenaza con una reforma jubilatoria<\/em><\/strong><\/p>\n\n\n\n<p class=\"has-text-align-center\"><img decoding=\"async\" loading=\"lazy\" height=\"2680\" width=\"4020\" srcset=\"https:\/\/www.infobae.com\/new-resizer\/OdHKnRoiu6YaMLTxelafIhTtHEA=\/420x280\/filters:format(webp):quality(85)\/cloudfront-us-east-1.images.arcpublishing.com\/infobae\/BEHFRPVHM7CL3X435S7T4YQJ4Q.jpg 420w,https:\/\/www.infobae.com\/new-resizer\/c1i5jEECTuV5upaaeUGhVQt38UU=\/768x512\/filters:format(webp):quality(85)\/cloudfront-us-east-1.images.arcpublishing.com\/infobae\/BEHFRPVHM7CL3X435S7T4YQJ4Q.jpg 768w,https:\/\/www.infobae.com\/new-resizer\/y_PMqNv5rb45foLSV6VG6F1VO6c=\/992x661\/filters:format(webp):quality(85)\/cloudfront-us-east-1.images.arcpublishing.com\/infobae\/BEHFRPVHM7CL3X435S7T4YQJ4Q.jpg 992w,https:\/\/www.infobae.com\/new-resizer\/xV3exYsj0eBC-7V1P5KRggzyM8I=\/1200x800\/filters:format(webp):quality(85)\/cloudfront-us-east-1.images.arcpublishing.com\/infobae\/BEHFRPVHM7CL3X435S7T4YQJ4Q.jpg 1200w,https:\/\/www.infobae.com\/new-resizer\/GC34bN79JbSTuqDJkfOCGXgnRck=\/1440x960\/filters:format(webp):quality(85)\/cloudfront-us-east-1.images.arcpublishing.com\/infobae\/BEHFRPVHM7CL3X435S7T4YQJ4Q.jpg 1440w\" class=\"\" src=\"https:\/\/www.infobae.com\/new-resizer\/OdHKnRoiu6YaMLTxelafIhTtHEA=\/420x280\/filters:format(webp):quality(85)\/cloudfront-us-east-1.images.arcpublishing.com\/infobae\/BEHFRPVHM7CL3X435S7T4YQJ4Q.jpg%20420w\" alt=\"El Gobierno ratifica el ancla fiscal en medio de la reducci\u00f3n del impuesto PAIS, el peligro de la reforma jubilatoria y la disputa por la coparticipaci\u00f3n de CABA. REUTERS\/Matias Baglietto\/File Photo\">El Gobierno ratifica el ancla fiscal en medio de la reducci\u00f3n del impuesto PAIS, el peligro de la reforma jubilatoria y la disputa por la coparticipaci\u00f3n de CABA<\/p>\n\n\n\n<p>El ministro de Econom\u00eda,\u00a0<strong>Luis Caputo<\/strong>, acelerar\u00e1 en septiembre la \u201cmotosierra\u201d para dar una se\u00f1al en el principal ancla del programa: el ajuste fiscal. Es as\u00ed que defini\u00f3 para septiembre <strong>nuevos aumentos los servicios<\/strong> de\u00a0<strong>luz<\/strong>, de<strong>\u00a0gas<\/strong>, los\u00a0<strong>combustibles<\/strong>\u00a0y el<strong>\u00a0agua<\/strong>. A eso se sumar\u00e1 una quita de\u00a0<strong>subsidios<\/strong>\u00a0en las boletas de energ\u00eda para los 1,7 millones de usuarios con<strong>\u00a0tarifa social\u00a0<\/strong>que no se anotaron en el\u00a0<strong>Registro de Acceso a los Subsidios a la Energ\u00eda (RASE)\u00a0<\/strong>para continuar con la bonificaci\u00f3n y en una parte de las subvenciones al boleto de colectivos en el\u00a0<strong>\u00c1rea Metropolitana de Buenos Aires (AMBA)<\/strong>.<\/p>\n\n\n\n<p>La visi\u00f3n oficial es que la desaceleraci\u00f3n de la&nbsp;<strong>inflaci\u00f3n<\/strong>, que se mantiene en torno al 4% promedio mensual desde mayo, se profundizar\u00e1 en septiembre con la reducci\u00f3n del&nbsp;<strong>impuesto PAIS en la importaci\u00f3n de bienes,&nbsp;<\/strong>del 17,5% al 7,5%, y el pre anuncio de la reducci\u00f3n de algunos otros tributos, compensado en parte con el paquete fiscal que sancion\u00f3 el&nbsp;<strong>Congreso<\/strong>.<\/p>\n\n\n\n<p>El gobierno en paralelo mantiene una disputa con CABA por la&nbsp;<strong>coparticipaci\u00f3n<\/strong>&nbsp;y en el \u00e1mbito legislativo enfrenta una posible reforma jubilatoria que va contra el objetivo de equilibrio fiscal. \u201cEsto es un tema pol\u00edtico donde ellos quieren voltear al gobierno\u201d, dijo este mi\u00e9rcoles Caputo sobre el incremento a jubilados que pide la oposici\u00f3n en declaraciones radiales.<\/p>\n\n\n\n<p><img decoding=\"async\" loading=\"lazy\" height=\"1152\" width=\"1920\" srcset=\"https:\/\/www.infobae.com\/new-resizer\/x7rhXF_FZWNtiiIi8aqFBWe0s1Q=\/992x606\/filters:format(webp):quality(85)\/cloudfront-us-east-1.images.arcpublishing.com\/infobae\/42HQG26MNZA65PYETBVQPQS7HM.jpg 992w\" class=\"\" src=\"https:\/\/www.infobae.com\/new-resizer\/x7rhXF_FZWNtiiIi8aqFBWe0s1Q=\/992x606\/filters:format(webp):quality(85)\/cloudfront-us-east-1.images.arcpublishing.com\/infobae\/42HQG26MNZA65PYETBVQPQS7HM.jpg%20992w\" alt=\"La recaudaci\u00f3n del impuesto PAIS represent\u00f3 la mitad del super\u00e1vit fiscal. (Analytica)\">La recaudaci\u00f3n del impuesto PAIS represent\u00f3 la mitad del super\u00e1vit fiscal<\/p>\n\n\n\n<p>Tal como public\u00f3\u00a0<strong>Infobae<\/strong>, el ministro de Econom\u00eda decidi\u00f3 que en septiembre <strong>habilitar\u00e1 aumentos del 4% promedio en las tarifas de luz y de gas<\/strong>.El combustible subir\u00e1 el pr\u00f3ximo domingo un 2,5% promedio en todo el pa\u00eds y los servicios de<strong>\u00a0Agua y Saneamientos Argentinos (AySA)<\/strong>\u00a0se actualizar\u00e1n un 4,48% en AMBA debido a la f\u00f3rmula de indexaci\u00f3n vigente que tiene la empresa estatal.<\/p>\n\n\n\n<p>La Secretar\u00eda de Transporte de<strong>\u00a0Franco Mogetta<\/strong>, en la \u00f3rbita de Caputo, tambi\u00e9n ratific\u00f3 este lunes que desde el 1 de septiembre <strong>dejar\u00e1 pagar los subsidios por el boleto integrado de la Red SUBE en las l\u00edneas de colectivos que circulas exclusivamente en la provincia de Buenos Aires y la Ciudad<\/strong>, mientras que adem\u00e1s cortar\u00e1 las subvenciones a las tarifas de las 31 empresas que son de jurisdicci\u00f3n porte\u00f1a. La medida implicar\u00e1 un impacto en el bolsillo de muchos usuarios del AMBA, en particular los que realizan m\u00e1s de un viaje de ida o de vuelta en su jornada, y en las empresas advierten que puede poner en riesgo la continuidad del servicio. El ahorro del Tesoro nacional ser\u00eda de unos $15.000 millones mensuales.<\/p>\n\n\n\n<p>El beneficio del boleto integrado se aplica de forma autom\u00e1tica en el momento del viaje solo para las tarjetas registradas y en un rango de dos horas: el primero se paga con tarifa plena, el segundo con descuento del 50% y el tercero con 75% de rebaja.<\/p>\n\n\n\n<p>\u201cEl Gobierno Nacional defini\u00f3 terminar con los favoritismos hacia algunas jurisdicciones en relaci\u00f3n a los recursos destinados a financiar al transporte y garantizar el federalismo y la igualdad de condiciones en todos los distritos\u201d, afirm\u00f3 Transporte en referencia a la eliminaci\u00f3n de subvenciones desde Naci\u00f3n al interior que se hicieron en febrero. El boleto de colectivos aument\u00f3 600% desde que asumi\u00f3<strong>&nbsp;Javier Milei&nbsp;<\/strong>y hay 5,3 millones de usuarios que reciben un descuento del 55% por la tarifa social.<\/p>\n\n\n\n<p class=\"has-text-align-center\"><img decoding=\"async\" loading=\"lazy\" height=\"816\" width=\"1456\" srcset=\"https:\/\/www.infobae.com\/new-resizer\/MFxf-lSrcSeVaTvOJt-q8fPE6Hs=\/420x236\/filters:format(webp):quality(85)\/cloudfront-us-east-1.images.arcpublishing.com\/infobae\/JH6ZSG7JUVAPFDXLIW7KC3GUTY.jpg 420w,https:\/\/www.infobae.com\/new-resizer\/OE9iDRAScBiYwcPNGXVLpaSb3fQ=\/768x432\/filters:format(webp):quality(85)\/cloudfront-us-east-1.images.arcpublishing.com\/infobae\/JH6ZSG7JUVAPFDXLIW7KC3GUTY.jpg 768w,https:\/\/www.infobae.com\/new-resizer\/GFWw2viLUKw4s-v5_GbQB6FYoSw=\/992x558\/filters:format(webp):quality(85)\/cloudfront-us-east-1.images.arcpublishing.com\/infobae\/JH6ZSG7JUVAPFDXLIW7KC3GUTY.jpg 992w,https:\/\/www.infobae.com\/new-resizer\/vOhZLRp5iA2-0gH3ggRKggc89Yc=\/1200x675\/filters:format(webp):quality(85)\/cloudfront-us-east-1.images.arcpublishing.com\/infobae\/JH6ZSG7JUVAPFDXLIW7KC3GUTY.jpg 1200w,https:\/\/www.infobae.com\/new-resizer\/AwoO-4Bw9q7WHdTVpwYidUJcS4g=\/1440x810\/filters:format(webp):quality(85)\/cloudfront-us-east-1.images.arcpublishing.com\/infobae\/JH6ZSG7JUVAPFDXLIW7KC3GUTY.jpg 1440w\" class=\"\" src=\"https:\/\/www.infobae.com\/new-resizer\/MFxf-lSrcSeVaTvOJt-q8fPE6Hs=\/420x236\/filters:format(webp):quality(85)\/cloudfront-us-east-1.images.arcpublishing.com\/infobae\/JH6ZSG7JUVAPFDXLIW7KC3GUTY.jpg%20420w\" alt=\"Las trifas de luz y de gas vuelven a aumentar en septiembre. (Imagen Ilustrativa Infobae)\">Las trifas de luz y de gas vuelven a aumentar en septiembre<\/p>\n\n\n\n<p>El 4 de septiembre vence el plazo para que los usuarios residenciales de los servicios p\u00fablicos de electricidad y gas natural que reciben la tarifa social se anoten en el RASE y eviten dejar de tener subvenci\u00f3n, es decir, pagar\u00e1n m\u00e1s cara la energ\u00eda. Son 1,7 millones de usuarios que dentro de la segmentaci\u00f3n y ante la consulta de\u00a0<strong>Infobae<\/strong>\u00a0la<strong>\u00a0Secretar\u00eda de Energ\u00eda\u00a0<\/strong>no precis\u00f3 cuando se anotaron. <strong>El plazo se hab\u00eda prorrogado en agosto por 30 d\u00edas<\/strong>.<\/p>\n\n\n\n<p>La visi\u00f3n de Caputo es que la baja de impuestos permitir\u00e1 apuntalar la desaceleraci\u00f3n de los precios minoristas, pero el ministro de Econom\u00eda tampoco quiere enviar una se\u00f1al de que abandona el principal ancla para conseguir ese objetivo. \u201c[La inflaci\u00f3n] va a bajar por la reducci\u00f3n del impuesto PAIS m\u00e1s medidas que anunciaremos esta semana y otras a mediados de septiembre que tambi\u00e9n van a contribuir el costo argentino\u201d, afirm\u00f3 este viernes el titular del Palacio de Hacienda.<\/p>\n\n\n\n<p>\u201cMientras nos mantengamos en el orden macro esa baja se va a continuar porque la inflaci\u00f3n es un fen\u00f3meno monetario. Tengamos en cuenta que la Argentina es un pa\u00eds que ya no emite m\u00e1s pesos\u201d, remat\u00f3.<\/p>\n\n\n\n<p>La consultora Analytica advirti\u00f3 en un informe reciente que la recaudaci\u00f3n por impuesto PAIS fue del 0,7 puntos del PBI en el primer semestre, m\u00e1s de la mitad del super\u00e1vit primario acumulado en ese per\u00edodo. \u201cEn julio lleg\u00f3 al 5,9% de la recaudaci\u00f3n total, alcanzando 6,2% desde diciembre\u201d, explicaron en referencia a que desde la llegada de Milei la al\u00edcuota del tributo subi\u00f3 del 7,5% al 17,5 por ciento.<\/p>\n\n\n\n<p class=\"has-text-align-center\"><img decoding=\"async\" loading=\"lazy\" height=\"3897\" width=\"6928\" srcset=\"https:\/\/www.infobae.com\/new-resizer\/ozHJp5RmAP-RXKEsNcMzQhnZWkU=\/420x236\/filters:format(webp):quality(85)\/cloudfront-us-east-1.images.arcpublishing.com\/infobae\/PGIA7O4GKREMRNSJUZMKPAV7RY.jpg 420w,https:\/\/www.infobae.com\/new-resizer\/3vopGDfOafyhsqdknNZyULhGZJs=\/768x432\/filters:format(webp):quality(85)\/cloudfront-us-east-1.images.arcpublishing.com\/infobae\/PGIA7O4GKREMRNSJUZMKPAV7RY.jpg 768w,https:\/\/www.infobae.com\/new-resizer\/H3enYh-wHF7bAmp7hVkb02OGEtQ=\/992x558\/filters:format(webp):quality(85)\/cloudfront-us-east-1.images.arcpublishing.com\/infobae\/PGIA7O4GKREMRNSJUZMKPAV7RY.jpg 992w,https:\/\/www.infobae.com\/new-resizer\/93hKOcwKBY80RPyv97EQbkMghhs=\/1200x675\/filters:format(webp):quality(85)\/cloudfront-us-east-1.images.arcpublishing.com\/infobae\/PGIA7O4GKREMRNSJUZMKPAV7RY.jpg 1200w,https:\/\/www.infobae.com\/new-resizer\/9aKgofLg7CJitQUagEw3Y1abYP4=\/1440x810\/filters:format(webp):quality(85)\/cloudfront-us-east-1.images.arcpublishing.com\/infobae\/PGIA7O4GKREMRNSJUZMKPAV7RY.jpg 1440w\" class=\"\" src=\"https:\/\/www.infobae.com\/new-resizer\/ozHJp5RmAP-RXKEsNcMzQhnZWkU=\/420x236\/filters:format(webp):quality(85)\/cloudfront-us-east-1.images.arcpublishing.com\/infobae\/PGIA7O4GKREMRNSJUZMKPAV7RY.jpg%20420w\" alt=\"El gobierno vuelve a encender la motosierra. (AP Foto\/Natacha Pisarenko)\">El gobierno vuelve a encender la motosierra<\/p>\n\n\n\n<p>\u201cEstimamos que la disminuci\u00f3n de la al\u00edcuota de este impuesto a la importaci\u00f3n de bienes representar\u00e1 menores ingresos por $1,5 billones entre septiembre y diciembre, ca\u00edda en un 40% compensada por el retorno del impuesto a las Ganancias a la cuarta categor\u00eda, con un aporte estimado de $0,6 billones\u201d, detall\u00f3 la consultora.<\/p>\n\n\n\n<p>El otro riesgo es que la apreciaci\u00f3n del tipo de cambio, por la baja en la al\u00edcuota al 7,5%, en un contexto de flexibilizaci\u00f3n en el cepo a las importaciones y mayor demanda tur\u00edstica, ser\u00e1 adecuada para el mercado en un contexto de reservas negativas y abultados vencimientos de deuda. La curva de pesos y las licitaciones del Tesoro muestran que el mercado se mueve en l\u00ednea con la desinflaci\u00f3n que promete el gobierno. Caputo sostiene que no habr\u00e1 nueva&nbsp;<strong>devaluaci\u00f3n<\/strong>, que el peso se fortalecer\u00e1 y que la brecha cambiaria se cerrar\u00e1 \u201cdesde arriba\u201d.<\/p>\n\n\n\n<p>Los analistas suelen <strong>destacar la \u201ccorrecci\u00f3n\u201d que realiz\u00f3 el gobierno de\u00a0Javier Milei\u00a0<\/strong>sobre las cuentas p\u00fablicas y, a pesar de contra marchas, en precios relativos. Es cierto que en ese marco tambi\u00e9n creci\u00f3 fuertemente el deterioro social, con\u00a0<strong>una pobreza que escal\u00f3 al 55% hasta el primer trimestre de 2024<\/strong>\u00a0seg\u00fan c\u00e1lculos de la UCA en base a estad\u00edsticas del\u00a0<strong>Indec\u00a0<\/strong>por el impacto de la<strong>\u00a0devaluaci\u00f3n<\/strong>\u00a0de diciembre pasado.<\/p>\n","protected":false},"excerpt":{"rendered":"<p>Subir\u00e1 la luz, el gas, el agua y los combustibles. Habr\u00e1 reducci\u00f3n de los subsidios a colectivos en AMBA y de energ\u00eda a 1,7 millones de usuarios con tarifa social. El lunes se aplicar\u00e1 reducci\u00f3n del impuesto PAIS a las importaciones de bienes. La oposici\u00f3n amenaza con una reforma jubilatoria El Gobierno ratifica el ancla [&hellip;]<\/p>\n","protected":false},"author":5,"featured_media":414637,"comment_status":"open","ping_status":"open","sticky":false,"template":"","format":"standard","meta":{"_stopmodifiedupdate":false,"_modified_date":"","inline_featured_image":false,"spay_email":"","jetpack_publicize_message":""},"categories":[676],"tags":[],"jetpack_featured_media_url":"https:\/\/notinor.com\/jujuy\/wp-content\/uploads\/2024\/08\/CAPUTTO-1.jpg","jetpack_publicize_connections":[],"_links":{"self":[{"href":"https:\/\/notinor.com\/jujuy\/wp-json\/wp\/v2\/posts\/414636"}],"collection":[{"href":"https:\/\/notinor.com\/jujuy\/wp-json\/wp\/v2\/posts"}],"about":[{"href":"https:\/\/notinor.com\/jujuy\/wp-json\/wp\/v2\/types\/post"}],"author":[{"embeddable":true,"href":"https:\/\/notinor.com\/jujuy\/wp-json\/wp\/v2\/users\/5"}],"replies":[{"embeddable":true,"href":"https:\/\/notinor.com\/jujuy\/wp-json\/wp\/v2\/comments?post=414636"}],"version-history":[{"count":1,"href":"https:\/\/notinor.com\/jujuy\/wp-json\/wp\/v2\/posts\/414636\/revisions"}],"predecessor-version":[{"id":414638,"href":"https:\/\/notinor.com\/jujuy\/wp-json\/wp\/v2\/posts\/414636\/revisions\/414638"}],"wp:featuredmedia":[{"embeddable":true,"href":"https:\/\/notinor.com\/jujuy\/wp-json\/wp\/v2\/media\/414637"}],"wp:attachment":[{"href":"https:\/\/notinor.com\/jujuy\/wp-json\/wp\/v2\/media?parent=414636"}],"wp:term":[{"taxonomy":"category","embeddable":true,"href":"https:\/\/notinor.com\/jujuy\/wp-json\/wp\/v2\/categories?post=414636"},{"taxonomy":"post_tag","embeddable":true,"href":"https:\/\/notinor.com\/jujuy\/wp-json\/wp\/v2\/tags?post=414636"}],"curies":[{"name":"wp","href":"https:\/\/api.w.org\/{rel}","templated":true}]}}