{"id":414628,"date":"2024-08-29T11:19:52","date_gmt":"2024-08-29T14:19:52","guid":{"rendered":"https:\/\/notinor.com\/jujuy\/?p=414628"},"modified":"2024-08-29T11:32:25","modified_gmt":"2024-08-29T14:32:25","slug":"la-fuerza-aerea-de-chile-desplego-aviones-de-combate-tras-denunciar-una-presunta-violacion-de-su-espacio-aereo","status":"publish","type":"post","link":"https:\/\/notinor.com\/jujuy\/la-fuerza-aerea-de-chile-desplego-aviones-de-combate-tras-denunciar-una-presunta-violacion-de-su-espacio-aereo\/","title":{"rendered":"La Fuerza A\u00e9rea de Chile despleg\u00f3 aviones de combate tras denunciar una presunta violaci\u00f3n de su espacio a\u00e9reo"},"content":{"rendered":"\n<p class=\"has-medium-font-size\"><strong><em>Lo confirm\u00f3 la ministra de Defensa chilena. \u201cExisti\u00f3 una alerta de tr\u00e1fico no identificado y se activaron los protocolos en resguardo de nuestra soberan\u00eda\u201d, expres\u00f3.<\/em><\/strong><\/p>\n\n\n<div class=\"wp-block-image\">\n<figure class=\"aligncenter is-resized\"><img decoding=\"async\" loading=\"lazy\" src=\"https:\/\/tn.com.ar\/resizer\/v2\/la-fuerza-aerea-de-chile-desplego-aviones-de-combate-por-presunta-violacion-del-espacio-aereo-foto-archivo-infodefensa-chile-I4I7YAIRX5C63GXLFKHYQO2UCM.jpg?auth=7ac4133da65de1d6f0b68c99e9678d3b052bd18969c32c9792f7b1b740bd7c8e&amp;width=767\" alt=\"La fuerza a\u00e9rea de Chile despleg\u00f3 aviones de combate por presunta violaci\u00f3n del espacio a\u00e9reo. (Foto: Archivo InfoDefensa Chile)\" width=\"760\" height=\"426\"\/><figcaption class=\"wp-element-caption\">La fuerza a\u00e9rea de Chile despleg\u00f3 aviones de combate por presunta violaci\u00f3n del espacio a\u00e9reo<\/figcaption><\/figure><\/div>\n\n\n<p>La<strong>&nbsp;Fuerza A\u00e9rea chilena<\/strong>&nbsp;despleg\u00f3 aviones de combate una&nbsp;<strong>presunta violaci\u00f3n de su espacio a\u00e9reo<\/strong>&nbsp;desde la base a\u00e9rea de Chabunco, en Punta Arenas.<\/p>\n\n\n\n<p>As\u00ed lo confirm\u00f3 la ministra de Defensa chilena, Maya Fern\u00e1ndez. \u201cAyer cerca de las 20:00 horas en el sector oriental del Estrecho de Magallanes, existi\u00f3 una alerta de tr\u00e1fico a\u00e9reo no identificado, ante lo cual nuestra Fuerza A\u00e9rea activ\u00f3 los protocolos desplegando los aviones F-5<strong>&nbsp;en resguardo de nuestra soberan\u00eda<\/strong>\u201d, detall\u00f3.<\/p>\n\n\n\n<p>Asimismo, la funcionaria precis\u00f3: \u201dPosterior a eso, se perdi\u00f3 el contacto con esta tr\u00e1fico a\u00e9reo y en este momento se est\u00e1 llevando adelante una investigaci\u00f3n. Decir que la<strong>&nbsp;Fuerza A\u00e9rea activ\u00f3 los protocolos y defendi\u00f3 nuestra frontera y soberan\u00eda,<\/strong>&nbsp;como corresponde\u201d.<\/p>\n\n\n\n<p>De acuerdo a lo que indic\u00f3 el medio local&nbsp;<em>B\u00edoB\u00edo,&nbsp;<\/em>la violaci\u00f3n del espacio a\u00e9rea se habr\u00eda producido aproximadamente a tres mil pies,&nbsp;<strong>entre el monte Aymond y el Estrecho de Magallanes.&nbsp;<\/strong>Por ese motivo, se desarroll\u00f3 el operativo.<\/p>\n\n\n\n<p>En ese sentido, Fern\u00e1ndez precis\u00f3 que el despliegue de los dos aviones F-5 concluy\u00f3 con una supervisi\u00f3n de la zona,&nbsp;<strong>sin encontrar aeronaves ni aparato alguno.<\/strong><\/p>\n\n\n\n<p>La ministra chilena de Interior, Carolina Toh\u00e1, poste\u00f3 un video en redes sociales en referencia al tema y se\u00f1al\u00f3: \u201dTenemos que aclarar si fue una nave realmente, de qu\u00e9 tipo, puede haber sido privada, puede no haberlo sido, puede haber sido un avi\u00f3n, puede haber sido un helic\u00f3ptero.<strong>&nbsp;Todo eso tiene que ser parte de la investigaci\u00f3n que se est\u00e1 llevando adelante\u201d.<\/strong><\/p>\n\n\n<div class=\"wp-block-image\">\n<figure class=\"aligncenter\"><img decoding=\"async\" src=\"https:\/\/tn.com.ar\/resizer\/v2\/https%3A%2F%2Fthumbs.vodgc.net%2F1-14-kQoYbF1724866778461_1080P.jpg?auth=fe16010c68e784441a4b8536bcdc81c47b8317f41f25e898a5e1d309fbda60e0&amp;width=767\" alt=\"Video Placeholder\"\/><\/figure><\/div>\n\n\n<p>La ministra del Interior de Chile, Carolina Toh\u00e1, habl\u00f3 sobre la presunta violaci\u00f3n del espacio a\u00e9reo y brind\u00f3 detalles de la operaci\u00f3n. (Video: X\/Ministerio del Interior)<\/p>\n\n\n\n<p>\u201cLo importante es que la poblaci\u00f3n sepa que&nbsp;<strong>aqu\u00ed todo actu\u00f3 c\u00f3mo corresponde<\/strong>, se identific\u00f3 esta aeronave, se actu\u00f3 de acuerdo al protocolo, la Fuerza A\u00e9rea fue a cuidar y recuerdan nuestro espacio a\u00e9reo y en ese momento la nave abandon\u00f3 el territorio nacional\u201d, insisti\u00f3.<\/p>\n\n\n\n<p>Adem\u00e1s, Toh\u00e1 afirm\u00f3 que mantuvo contacto con el Gobierno argentino a trav\u00e9s del embajador chileno en Buenos Aires, Jos\u00e9 Antonio Viera-Gallo, para contribuir a esclarecer el fen\u00f3meno.<\/p>\n\n\n\n<p>Se espera que en los pr\u00f3ximos d\u00edas haya m\u00e1s detalles respecto al episodio que ocurri\u00f3 en la noche del martes. De todas formas, hasta el momento el presidente Gabriel Boric no se manifest\u00f3 sobre el tema.<\/p>\n","protected":false},"excerpt":{"rendered":"<p>Lo confirm\u00f3 la ministra de Defensa chilena. \u201cExisti\u00f3 una alerta de tr\u00e1fico no identificado y se activaron los protocolos en resguardo de nuestra soberan\u00eda\u201d, expres\u00f3. La&nbsp;Fuerza A\u00e9rea chilena&nbsp;despleg\u00f3 aviones de combate una&nbsp;presunta violaci\u00f3n de su espacio a\u00e9reo&nbsp;desde la base a\u00e9rea de Chabunco, en Punta Arenas. As\u00ed lo confirm\u00f3 la ministra de Defensa chilena, Maya Fern\u00e1ndez. [&hellip;]<\/p>\n","protected":false},"author":5,"featured_media":414629,"comment_status":"open","ping_status":"open","sticky":false,"template":"","format":"standard","meta":{"_stopmodifiedupdate":false,"_modified_date":"","inline_featured_image":false,"spay_email":"","jetpack_publicize_message":""},"categories":[6],"tags":[],"jetpack_featured_media_url":"https:\/\/notinor.com\/jujuy\/wp-content\/uploads\/2024\/08\/CHILE.jpg","jetpack_publicize_connections":[],"_links":{"self":[{"href":"https:\/\/notinor.com\/jujuy\/wp-json\/wp\/v2\/posts\/414628"}],"collection":[{"href":"https:\/\/notinor.com\/jujuy\/wp-json\/wp\/v2\/posts"}],"about":[{"href":"https:\/\/notinor.com\/jujuy\/wp-json\/wp\/v2\/types\/post"}],"author":[{"embeddable":true,"href":"https:\/\/notinor.com\/jujuy\/wp-json\/wp\/v2\/users\/5"}],"replies":[{"embeddable":true,"href":"https:\/\/notinor.com\/jujuy\/wp-json\/wp\/v2\/comments?post=414628"}],"version-history":[{"count":2,"href":"https:\/\/notinor.com\/jujuy\/wp-json\/wp\/v2\/posts\/414628\/revisions"}],"predecessor-version":[{"id":414632,"href":"https:\/\/notinor.com\/jujuy\/wp-json\/wp\/v2\/posts\/414628\/revisions\/414632"}],"wp:featuredmedia":[{"embeddable":true,"href":"https:\/\/notinor.com\/jujuy\/wp-json\/wp\/v2\/media\/414629"}],"wp:attachment":[{"href":"https:\/\/notinor.com\/jujuy\/wp-json\/wp\/v2\/media?parent=414628"}],"wp:term":[{"taxonomy":"category","embeddable":true,"href":"https:\/\/notinor.com\/jujuy\/wp-json\/wp\/v2\/categories?post=414628"},{"taxonomy":"post_tag","embeddable":true,"href":"https:\/\/notinor.com\/jujuy\/wp-json\/wp\/v2\/tags?post=414628"}],"curies":[{"name":"wp","href":"https:\/\/api.w.org\/{rel}","templated":true}]}}