{"id":414170,"date":"2024-08-21T11:58:25","date_gmt":"2024-08-21T14:58:25","guid":{"rendered":"https:\/\/notinor.com\/jujuy\/?p=414170"},"modified":"2024-08-21T11:58:57","modified_gmt":"2024-08-21T14:58:57","slug":"el-cabildo-de-jujuy-un-proyecto-de-historia-presente-y-futuro","status":"publish","type":"post","link":"https:\/\/notinor.com\/jujuy\/el-cabildo-de-jujuy-un-proyecto-de-historia-presente-y-futuro\/","title":{"rendered":"El Cabildo de Jujuy: un proyecto de historia, presente y futuro"},"content":{"rendered":"\n<p class=\"has-medium-font-size\"><strong><em>Jujuy concret\u00f3 las obras de restauraci\u00f3n y nuevos espacios para configurar El Cabildo. La Direcci\u00f3n Provincial de Arquitectura, protagonista del proyecto.<\/em><\/strong><\/p>\n\n\n<div class=\"wp-block-image\">\n<figure class=\"aligncenter\"><img decoding=\"async\" src=\"https:\/\/media.prensa.jujuy.gob.ar\/p\/ec9fa00411a4891bd62066fee79f737f\/adjuntos\/301\/imagenes\/000\/400\/0000400286\/1200x0\/smart\/dji_0148jpg.jpg\" alt=\"El Cabildo de Jujuy: un proyecto de historia, presente y futuro\" title=\"El Cabildo de Jujuy: un proyecto de historia, presente y futuro\"\/><figcaption class=\"wp-element-caption\">Cabildo de Jujuy<\/figcaption><\/figure><\/div>\n\n\n<p>Est\u00e1 pr\u00f3xima la inauguraci\u00f3n de\u00a0<strong>El Cabildo de Jujuy<\/strong>, que implic\u00f3<strong> la restauraci\u00f3n del edificio hist\u00f3rico, la construcci\u00f3n de nuevos espacios y la preservaci\u00f3n del Sitio de Memoria, marcando un hito en obras por el patrimonio hist\u00f3rico<\/strong>, la identidad nacional y la revitalizaci\u00f3n del centro de la capital provincial,y siendo el resultado orgulloso de la\u00a0<strong>Direcci\u00f3n Provincial de Arquitectura<\/strong>.<\/p>\n\n\n\n<figure class=\"wp-block-image\"><img decoding=\"async\" src=\"https:\/\/media.prensa.jujuy.gob.ar\/p\/c624e9d51aa9e913d5a6e756d138c3c6\/adjuntos\/301\/imagenes\/000\/400\/0000400285\/1200x0\/smart\/dji_0121-1jpg.jpg\" alt=\"\" title=\"\"\/><\/figure>\n\n\n\n<p><strong>El Cabildo: para Jujuy, el pa\u00eds y el mundo<\/strong><\/p>\n\n\n\n<p>Los equipos profesionales y t\u00e9cnicos de Arquitectura, \u00e1rea a cargo de\u00a0<strong>Horacio Calsina<\/strong>, fueron los responsables de que tanto el proyecto ejecutivo como su ejecuci\u00f3n cumplieran con los est\u00e1ndares constructivos, a la vez que con la gran responsabilidad de mantener vivo el patrimonio arquitect\u00f3nico y, tambi\u00e9n, ofrecer nuevos espacios para la ciudadan\u00eda juje\u00f1a, del pa\u00eds y del mundo.<\/p>\n\n\n\n<p>Calsina comparti\u00f3 que \u201csin dar mucho detalle para que sea la propia ciudadan\u00eda la que lo conozca en su materialidad tras el viernes, podemos contar que El Cabildo contar\u00e1 con un archivo hist\u00f3rico innovador, que incluir\u00e1 un \u00e1rea cerrada para el trabajo de especialistas, una b\u00f3veda para la protecci\u00f3n de documentos valiosos y un archivo abierto al p\u00fablico con una biblioteca y un sal\u00f3n de usos m\u00faltiples, espacio, este \u00faltimo, dise\u00f1ado para albergar eventos culturales, enriqueciendo as\u00ed la vida cultural de la regi\u00f3n\u201d.<\/p>\n\n\n\n<p>\u201cSobre calle Alvear se podr\u00e1 ver el Muro de los Combates, una intervenci\u00f3n que permitir\u00e1 a quienes caminen por ahi o visiten El Cabildo conocer cada una de las batalles en tierras juje\u00f1as que dieron paso a las conquistas por la independencia\u201d, ampli\u00f3 el director provincial de Arquitectura, y sum\u00f3 que \u201ctambi\u00e9n podr\u00e1n pasear por el Patio de la Libertad, Civil, la Plaza Alvear, un restobar, y recorrer el camino de la Memoria hasta el patio del Tiempo, espacios que complementan el Museo, que se emplaza en el edificio hist\u00f3rico y que ser\u00e1 otro ofrecimiento \u00fanico para el conocimiento de la historia de nuestra provincia en la historia de nuestra Naci\u00f3n\u201d.<\/p>\n\n\n\n<p><strong>Obras impulsadas por el Estado juje\u00f1o<\/strong><\/p>\n\n\n\n<p>Calsina record\u00f3 que \u201cel proyecto comenz\u00f3 en 2016 junto al equipo del Entre de Planificaci\u00f3n y Regulaci\u00f3n Urbana, y en 2019 se recibi\u00f3, tras gestiones del anterior Gobernador Gerardo Morales,el financiamiento del CFI, lo que permiti\u00f3 la contrataci\u00f3n de especialistas y la elaboraci\u00f3n de la carpeta t\u00e9cnica necesaria\u201d. Cabe destacar aqu\u00ed que, en paralelo, los equipos de la Arquitectura realizaban las primeras intervenciones significativas que incluyeron los trabajos de restauraci\u00f3n de la recova, asegurando la integridad arquitect\u00f3nica del edificio.&nbsp;<\/p>\n\n\n\n<p>\u201cEn los primeros meses de 2021, tras la pandemia, el Gobierno de Jujuy asegur\u00f3 el financiamiento necesario para avanzar con el proyecto y gracias a un gran esfuerzo y a la colaboraci\u00f3n de m\u00faltiples actores, incluyendo empresas constructoras, especialistas en restauraci\u00f3n hist\u00f3rica, muse\u00f3grafos y profesionales en gesti\u00f3n de proyectos, la obra pudo avanzar r\u00e1pidamente\u201d. \u201cA tres a\u00f1os del inicio de las obras, estamos en estos d\u00edas ante la culminaci\u00f3n de un proyecto que representa una enorme alegr\u00eda para todos y que le dar\u00e1 a la provincia otro punto distintivo en la regi\u00f3n y el pa\u00eds\u201d.&nbsp;<\/p>\n\n\n\n<p>\u201cLa restauraci\u00f3n del Cabildo de Jujuy ha sido un esfuerzo colectivo, destacando la participaci\u00f3n activa de una variedad de actores tanto del sector p\u00fablico como privado, lo que fue y es esencial para lograr una renovaci\u00f3n integral que respet\u00f3 el valor hist\u00f3rico del edificio mientras lo adapt\u00f3 a las necesidades modernas\u201d, cerr\u00f3 Calsina.&nbsp;<\/p>\n\n\n\n<p>La culminaci\u00f3n de la restauraci\u00f3n del Cabildo de Jujuy representa un hito m\u00e1s concretado en el marco del Plan Maestro Plurianual de Desarrollo, lanzado por el Gobierno de Jujuy en 2021.<\/p>\n","protected":false},"excerpt":{"rendered":"<p>Jujuy concret\u00f3 las obras de restauraci\u00f3n y nuevos espacios para configurar El Cabildo. La Direcci\u00f3n Provincial de Arquitectura, protagonista del proyecto. Est\u00e1 pr\u00f3xima la inauguraci\u00f3n de\u00a0El Cabildo de Jujuy, que implic\u00f3 la restauraci\u00f3n del edificio hist\u00f3rico, la construcci\u00f3n de nuevos espacios y la preservaci\u00f3n del Sitio de Memoria, marcando un hito en obras por el [&hellip;]<\/p>\n","protected":false},"author":5,"featured_media":414171,"comment_status":"open","ping_status":"open","sticky":false,"template":"","format":"standard","meta":{"_stopmodifiedupdate":false,"_modified_date":"","inline_featured_image":false,"spay_email":"","jetpack_publicize_message":""},"categories":[2],"tags":[],"jetpack_featured_media_url":"https:\/\/notinor.com\/jujuy\/wp-content\/uploads\/2024\/08\/cabildo.jpg","jetpack_publicize_connections":[],"_links":{"self":[{"href":"https:\/\/notinor.com\/jujuy\/wp-json\/wp\/v2\/posts\/414170"}],"collection":[{"href":"https:\/\/notinor.com\/jujuy\/wp-json\/wp\/v2\/posts"}],"about":[{"href":"https:\/\/notinor.com\/jujuy\/wp-json\/wp\/v2\/types\/post"}],"author":[{"embeddable":true,"href":"https:\/\/notinor.com\/jujuy\/wp-json\/wp\/v2\/users\/5"}],"replies":[{"embeddable":true,"href":"https:\/\/notinor.com\/jujuy\/wp-json\/wp\/v2\/comments?post=414170"}],"version-history":[{"count":1,"href":"https:\/\/notinor.com\/jujuy\/wp-json\/wp\/v2\/posts\/414170\/revisions"}],"predecessor-version":[{"id":414172,"href":"https:\/\/notinor.com\/jujuy\/wp-json\/wp\/v2\/posts\/414170\/revisions\/414172"}],"wp:featuredmedia":[{"embeddable":true,"href":"https:\/\/notinor.com\/jujuy\/wp-json\/wp\/v2\/media\/414171"}],"wp:attachment":[{"href":"https:\/\/notinor.com\/jujuy\/wp-json\/wp\/v2\/media?parent=414170"}],"wp:term":[{"taxonomy":"category","embeddable":true,"href":"https:\/\/notinor.com\/jujuy\/wp-json\/wp\/v2\/categories?post=414170"},{"taxonomy":"post_tag","embeddable":true,"href":"https:\/\/notinor.com\/jujuy\/wp-json\/wp\/v2\/tags?post=414170"}],"curies":[{"name":"wp","href":"https:\/\/api.w.org\/{rel}","templated":true}]}}