{"id":413446,"date":"2024-08-08T21:04:00","date_gmt":"2024-08-09T00:04:00","guid":{"rendered":"https:\/\/notinor.com\/jujuy\/?p=413446"},"modified":"2024-08-09T09:15:26","modified_gmt":"2024-08-09T12:15:26","slug":"nueva-sesion-ordinaria-del-deliberante-capitalino","status":"publish","type":"post","link":"https:\/\/notinor.com\/jujuy\/nueva-sesion-ordinaria-del-deliberante-capitalino\/","title":{"rendered":"Nueva Sesi\u00f3n Ordinaria del deliberante capitalino"},"content":{"rendered":"\n<p class=\"has-medium-font-size\"><strong><em>En instalaciones del Concejo Deliberante, concejales capitalinos realizaron esta ma\u00f1ana una nueva sesi\u00f3n ordinaria, en la que aprobaron diferentes iniciativas impulsadas por los diferentes bloques del organismo parlamentario.<\/em><\/strong><\/p>\n\n\n<div class=\"wp-block-image\">\n<figure class=\"aligncenter size-large\"><img decoding=\"async\" loading=\"lazy\" width=\"720\" height=\"480\" src=\"https:\/\/notinor.com\/jujuy\/wp-content\/uploads\/2024\/08\/Sesion-1-720x480.jpg\" alt=\"\" class=\"wp-image-413448\" srcset=\"https:\/\/notinor.com\/jujuy\/wp-content\/uploads\/2024\/08\/Sesion-1-720x480.jpg 720w, https:\/\/notinor.com\/jujuy\/wp-content\/uploads\/2024\/08\/Sesion-1-548x365.jpg 548w, https:\/\/notinor.com\/jujuy\/wp-content\/uploads\/2024\/08\/Sesion-1-768x512.jpg 768w, https:\/\/notinor.com\/jujuy\/wp-content\/uploads\/2024\/08\/Sesion-1-1536x1024.jpg 1536w, https:\/\/notinor.com\/jujuy\/wp-content\/uploads\/2024\/08\/Sesion-1-2048x1365.jpg 2048w, https:\/\/notinor.com\/jujuy\/wp-content\/uploads\/2024\/08\/Sesion-1-750x500.jpg 750w, https:\/\/notinor.com\/jujuy\/wp-content\/uploads\/2024\/08\/Sesion-1-1140x760.jpg 1140w\" sizes=\"(max-width: 720px) 100vw, 720px\" \/><\/figure><\/div>\n\n\n<p>Al finalizar la sesi\u00f3n, el presidente del Concejo Deliberante, <strong>Lisandro Aguiar<\/strong>, manifest\u00f3: \"La ordenanza m\u00e1s importante aprobada en el d\u00eda de hoy est\u00e1 relacionada con un programa municipal para el fomento de la flora y fauna dentro del Xibi-Xibi\", a la vez que a\u00f1adi\u00f3: \"tambi\u00e9n tom\u00f3 estado parlamentario un programa que va a ser muy importante, que es de articulaci\u00f3n p\u00fablico privada para el desarrollo de obras dentro del \u00e1mbito de la ciudad. En ese marco, la semana que viene vamos a estar invitando a la C\u00e1mara Juje\u00f1a de la Construcci\u00f3n y funcionarios municipales, a fin de poder trabajar en la implementaci\u00f3n de esta ordenanza que es similar a lo anunciado por el gobernador de la provincia y que se tratar\u00e1 en la legislatura. La idea es desarrollar la b\u00fasqueda de financiamiento a trav\u00e9s del sector privado, para poder concretar obras de infraestructura importantes en nuestra ciudad\".<\/p>\n\n\n<div class=\"wp-block-image\">\n<figure class=\"aligncenter size-large\"><img decoding=\"async\" loading=\"lazy\" width=\"720\" height=\"480\" src=\"https:\/\/notinor.com\/jujuy\/wp-content\/uploads\/2024\/08\/Sesion-2-720x480.jpg\" alt=\"\" class=\"wp-image-413449\" srcset=\"https:\/\/notinor.com\/jujuy\/wp-content\/uploads\/2024\/08\/Sesion-2-720x480.jpg 720w, https:\/\/notinor.com\/jujuy\/wp-content\/uploads\/2024\/08\/Sesion-2-548x365.jpg 548w, https:\/\/notinor.com\/jujuy\/wp-content\/uploads\/2024\/08\/Sesion-2-768x512.jpg 768w, https:\/\/notinor.com\/jujuy\/wp-content\/uploads\/2024\/08\/Sesion-2-1536x1024.jpg 1536w, https:\/\/notinor.com\/jujuy\/wp-content\/uploads\/2024\/08\/Sesion-2-2048x1365.jpg 2048w, https:\/\/notinor.com\/jujuy\/wp-content\/uploads\/2024\/08\/Sesion-2-750x500.jpg 750w, https:\/\/notinor.com\/jujuy\/wp-content\/uploads\/2024\/08\/Sesion-2-1140x760.jpg 1140w\" sizes=\"(max-width: 720px) 100vw, 720px\" \/><\/figure><\/div>\n\n\n<p>En este sentido, el edil radical remarc\u00f3: \"hace algunas semanas recibimos al presidente de la C\u00e1mara Juje\u00f1a de la Construcci\u00f3n, a Nicol\u00e1s Benicio, junto al Intendente municipal y nos manifest\u00f3 lo que est\u00e1 viviendo el sector por la baja que ha tenido en estos \u00faltimos tiempos y, por supuesto, el personal de la construcci\u00f3n que tambi\u00e9n fue afectado. La idea de la ordenanza es dar una herramienta m\u00e1s que permita generar proyectos, programas, que permitan de alguna manera generar fuentes de trabajo en el \u00e1mbito de nuestra ciudad\".<\/p>\n\n\n<div class=\"wp-block-image\">\n<figure class=\"aligncenter size-large\"><img decoding=\"async\" loading=\"lazy\" width=\"720\" height=\"480\" src=\"https:\/\/notinor.com\/jujuy\/wp-content\/uploads\/2024\/08\/Sesion-3-720x480.jpg\" alt=\"\" class=\"wp-image-413450\" srcset=\"https:\/\/notinor.com\/jujuy\/wp-content\/uploads\/2024\/08\/Sesion-3-720x480.jpg 720w, https:\/\/notinor.com\/jujuy\/wp-content\/uploads\/2024\/08\/Sesion-3-548x365.jpg 548w, https:\/\/notinor.com\/jujuy\/wp-content\/uploads\/2024\/08\/Sesion-3-768x512.jpg 768w, https:\/\/notinor.com\/jujuy\/wp-content\/uploads\/2024\/08\/Sesion-3-1536x1024.jpg 1536w, https:\/\/notinor.com\/jujuy\/wp-content\/uploads\/2024\/08\/Sesion-3-2048x1365.jpg 2048w, https:\/\/notinor.com\/jujuy\/wp-content\/uploads\/2024\/08\/Sesion-3-750x500.jpg 750w, https:\/\/notinor.com\/jujuy\/wp-content\/uploads\/2024\/08\/Sesion-3-1140x760.jpg 1140w\" sizes=\"(max-width: 720px) 100vw, 720px\" \/><\/figure><\/div>\n\n\n<p>M\u00e1s adelante, Lisandro Aguiar hizo referencia a otros puntos abordados en la sesi\u00f3n, \"fue una sesi\u00f3n de mucho contenido pol\u00edtico, se tocaron temas vinculados a la situaci\u00f3n nacional que no pasa desapercibida, como las denuncias de violencia de g\u00e9nero que recibido el ex Presidente de la Naci\u00f3n, Alberto Fern\u00e1ndez, lo cual por supuesto nos preocupa y esto ha sido expuesto en el Concejo Deliberante\".<\/p>\n\n\n<div class=\"wp-block-image\">\n<figure class=\"aligncenter size-large\"><img decoding=\"async\" loading=\"lazy\" width=\"720\" height=\"480\" src=\"https:\/\/notinor.com\/jujuy\/wp-content\/uploads\/2024\/08\/Sesion-4-720x480.jpg\" alt=\"\" class=\"wp-image-413451\" srcset=\"https:\/\/notinor.com\/jujuy\/wp-content\/uploads\/2024\/08\/Sesion-4-720x480.jpg 720w, https:\/\/notinor.com\/jujuy\/wp-content\/uploads\/2024\/08\/Sesion-4-548x365.jpg 548w, https:\/\/notinor.com\/jujuy\/wp-content\/uploads\/2024\/08\/Sesion-4-768x512.jpg 768w, https:\/\/notinor.com\/jujuy\/wp-content\/uploads\/2024\/08\/Sesion-4-1536x1024.jpg 1536w, https:\/\/notinor.com\/jujuy\/wp-content\/uploads\/2024\/08\/Sesion-4-2048x1365.jpg 2048w, https:\/\/notinor.com\/jujuy\/wp-content\/uploads\/2024\/08\/Sesion-4-750x500.jpg 750w, https:\/\/notinor.com\/jujuy\/wp-content\/uploads\/2024\/08\/Sesion-4-1140x760.jpg 1140w\" sizes=\"(max-width: 720px) 100vw, 720px\" \/><\/figure><\/div>\n\n\n<p>Para finalizar, indic\u00f3: \"Tambi\u00e9n se habl\u00f3 de situaciones particulares como la visita a personas condenadas por delito de lesa humanidad por parte de legisladores nacionales, que tambi\u00e9n es una preocupaci\u00f3n de la democracia y la muerte de Susana Montoya, que es una situaci\u00f3n muy grave y debe ser esclarecida de inmediato, particularmente por alg\u00fan tipo de posibilidad de relaci\u00f3n pol\u00edtica de esta muerte\", concluy\u00f3.<\/p>\n\n\n<div class=\"wp-block-image\">\n<figure class=\"aligncenter size-large\"><img decoding=\"async\" loading=\"lazy\" width=\"720\" height=\"480\" src=\"https:\/\/notinor.com\/jujuy\/wp-content\/uploads\/2024\/08\/Sesion-5-720x480.jpg\" alt=\"\" class=\"wp-image-413452\" srcset=\"https:\/\/notinor.com\/jujuy\/wp-content\/uploads\/2024\/08\/Sesion-5-720x480.jpg 720w, https:\/\/notinor.com\/jujuy\/wp-content\/uploads\/2024\/08\/Sesion-5-548x365.jpg 548w, https:\/\/notinor.com\/jujuy\/wp-content\/uploads\/2024\/08\/Sesion-5-768x512.jpg 768w, https:\/\/notinor.com\/jujuy\/wp-content\/uploads\/2024\/08\/Sesion-5-1536x1024.jpg 1536w, https:\/\/notinor.com\/jujuy\/wp-content\/uploads\/2024\/08\/Sesion-5-2048x1365.jpg 2048w, https:\/\/notinor.com\/jujuy\/wp-content\/uploads\/2024\/08\/Sesion-5-750x500.jpg 750w, https:\/\/notinor.com\/jujuy\/wp-content\/uploads\/2024\/08\/Sesion-5-1140x760.jpg 1140w\" sizes=\"(max-width: 720px) 100vw, 720px\" \/><\/figure><\/div>\n\n\n<p><strong>Otros temas<\/strong><\/p>\n\n\n\n<p>En la sesi\u00f3n aprobaron la Minuta N\u00ba 67\/2024 referente a declarar el 9 de agosto como d\u00eda de la Visibilidad de la violencia sexual padecida en la infancia y\/o adolescencia y de solidaridad con las y los sobrevivientes. Tambi\u00e9n la Minuta N\u00ba 68\/2024 por la cual se declara Hu\u00e9sped de Honor de la ciudad de San Salvador de Jujuy, al Gran Maestre de la Gran Logia de Argentina de Libres y Aceptados Masones, Ing. Pablo Augusto L\u00e1zaro.<\/p>\n\n\n\n<p>De igual forma, se aprob\u00f3 la Minuta N\u00ba 69\/2024, referida a declarar de Inter\u00e9s Municipal la Segunda Edici\u00f3n de la \"Feria Medieval - Jujuy\", a realizarse los d\u00edas s\u00e1bado 13 y domingo 14 de agosto de 2024, en el predio de AMPUAP, del barrio Bajo La Vi\u00f1a de nuestra ciudad capital.<\/p>\n\n\n\n<p>Adem\u00e1s, los ediles aprobaron la Minuta N\u00ba 66\/2024 por la que se declara de Inter\u00e9s Municipal la 7\u00ba Edici\u00f3n del Encuentro \"Danzando a la Pachamama\", evento que se llevar\u00e1 a cabo el d\u00eda 17 de agosto en la Casa de la Historia y la Cultura Jorge Cafrune.&nbsp; Multiespacio El Alto.&nbsp;<\/p>\n","protected":false},"excerpt":{"rendered":"<p>En instalaciones del Concejo Deliberante, concejales capitalinos realizaron esta ma\u00f1ana una nueva sesi\u00f3n ordinaria, en la que aprobaron diferentes iniciativas impulsadas por los diferentes bloques del organismo parlamentario. Al finalizar la sesi\u00f3n, el presidente del Concejo Deliberante, Lisandro Aguiar, manifest\u00f3: \"La ordenanza m\u00e1s importante aprobada en el d\u00eda de hoy est\u00e1 relacionada con un programa [&hellip;]<\/p>\n","protected":false},"author":5,"featured_media":413447,"comment_status":"open","ping_status":"open","sticky":false,"template":"","format":"standard","meta":{"_stopmodifiedupdate":false,"_modified_date":"","inline_featured_image":false,"spay_email":"","jetpack_publicize_message":""},"categories":[514],"tags":[],"jetpack_featured_media_url":"https:\/\/notinor.com\/jujuy\/wp-content\/uploads\/2024\/08\/Sesion-scaled.jpg","jetpack_publicize_connections":[],"_links":{"self":[{"href":"https:\/\/notinor.com\/jujuy\/wp-json\/wp\/v2\/posts\/413446"}],"collection":[{"href":"https:\/\/notinor.com\/jujuy\/wp-json\/wp\/v2\/posts"}],"about":[{"href":"https:\/\/notinor.com\/jujuy\/wp-json\/wp\/v2\/types\/post"}],"author":[{"embeddable":true,"href":"https:\/\/notinor.com\/jujuy\/wp-json\/wp\/v2\/users\/5"}],"replies":[{"embeddable":true,"href":"https:\/\/notinor.com\/jujuy\/wp-json\/wp\/v2\/comments?post=413446"}],"version-history":[{"count":2,"href":"https:\/\/notinor.com\/jujuy\/wp-json\/wp\/v2\/posts\/413446\/revisions"}],"predecessor-version":[{"id":413454,"href":"https:\/\/notinor.com\/jujuy\/wp-json\/wp\/v2\/posts\/413446\/revisions\/413454"}],"wp:featuredmedia":[{"embeddable":true,"href":"https:\/\/notinor.com\/jujuy\/wp-json\/wp\/v2\/media\/413447"}],"wp:attachment":[{"href":"https:\/\/notinor.com\/jujuy\/wp-json\/wp\/v2\/media?parent=413446"}],"wp:term":[{"taxonomy":"category","embeddable":true,"href":"https:\/\/notinor.com\/jujuy\/wp-json\/wp\/v2\/categories?post=413446"},{"taxonomy":"post_tag","embeddable":true,"href":"https:\/\/notinor.com\/jujuy\/wp-json\/wp\/v2\/tags?post=413446"}],"curies":[{"name":"wp","href":"https:\/\/api.w.org\/{rel}","templated":true}]}}