{"id":413411,"date":"2024-08-08T12:51:25","date_gmt":"2024-08-08T15:51:25","guid":{"rendered":"https:\/\/notinor.com\/jujuy\/?p=413411"},"modified":"2024-08-08T12:51:26","modified_gmt":"2024-08-08T15:51:26","slug":"el-presidente-javier-milei-visito-vaca-muerta-y-se-reune-con-empresarios-del-sector-petrolero","status":"publish","type":"post","link":"https:\/\/notinor.com\/jujuy\/el-presidente-javier-milei-visito-vaca-muerta-y-se-reune-con-empresarios-del-sector-petrolero\/","title":{"rendered":"El presidente Javier Milei visit\u00f3 Vaca Muerta y se re\u00fane con empresarios del sector petrolero"},"content":{"rendered":"\n<p class=\"has-medium-font-size\"><strong><em>Lleg\u00f3 a la provincia de Neuqu\u00e9n a las 9 de la ma\u00f1ana y mantuvo un breve contacto con el gobernador Rolando Figueroa. Por la tarde se ir\u00e1 a Chile<\/em><\/strong><\/p>\n\n\n\n<p class=\"has-text-align-center\"><img decoding=\"async\" loading=\"lazy\" height=\"854\" width=\"1280\" srcset=\"https:\/\/www.infobae.com\/new-resizer\/1cHthrGCHgLqpY4QBwd9MwXpkyI=\/420x280\/filters:format(webp):quality(85)\/cloudfront-us-east-1.images.arcpublishing.com\/infobae\/FLGQVQJ5KVDUBH2FWVK2JPUZDY.jpg 420w,https:\/\/www.infobae.com\/new-resizer\/wRZcLoshTKqEBviPs8GnL7EOvRY=\/768x512\/filters:format(webp):quality(85)\/cloudfront-us-east-1.images.arcpublishing.com\/infobae\/FLGQVQJ5KVDUBH2FWVK2JPUZDY.jpg 768w,https:\/\/www.infobae.com\/new-resizer\/lBwRmPlzbmWDDZWzcXVbmCt_kII=\/992x661\/filters:format(webp):quality(85)\/cloudfront-us-east-1.images.arcpublishing.com\/infobae\/FLGQVQJ5KVDUBH2FWVK2JPUZDY.jpg 992w,https:\/\/www.infobae.com\/new-resizer\/78661NCy9-hjuoyMlBJhT8T8WHY=\/1200x800\/filters:format(webp):quality(85)\/cloudfront-us-east-1.images.arcpublishing.com\/infobae\/FLGQVQJ5KVDUBH2FWVK2JPUZDY.jpg 1200w,https:\/\/www.infobae.com\/new-resizer\/-k5RCxulRKL3iKYrsd98tb3OCjs=\/1440x960\/filters:format(webp):quality(85)\/cloudfront-us-east-1.images.arcpublishing.com\/infobae\/FLGQVQJ5KVDUBH2FWVK2JPUZDY.jpg 1440w\" class=\"\" src=\"https:\/\/www.infobae.com\/new-resizer\/1cHthrGCHgLqpY4QBwd9MwXpkyI=\/420x280\/filters:format(webp):quality(85)\/cloudfront-us-east-1.images.arcpublishing.com\/infobae\/FLGQVQJ5KVDUBH2FWVK2JPUZDY.jpg%20420w\" alt=\"Javier Milei y Rolando Figueroa, juntos en en el aeropuerto\u00a0de\u00a0Neuqu\u00e9n (Gobierno de Neuqu\u00e9n)\">Javier Milei y Rolando Figueroa, juntos en en el aeropuerto\u00a0de\u00a0Neuqu\u00e9n <\/p>\n\n\n\n<p>El presidente&nbsp;<strong>Javier Milei<\/strong>&nbsp;visit\u00f3 el complejo de Vaca Muerta en la localidad de A\u00f1elo, en la provincia de Neuqu\u00e9n donde hizo una recorrida por las instalaciones de la petrolera YPF y luego comenz\u00f3 en la sede de la empresa en Loma Campana con un conjunto de empresarios del sector de hidrocarburos.<\/p>\n\n\n\n<p>Recibi\u00f3 un informe del CEO de YPF, Horacio Mar\u00edn, sobre los avances que se hicieron para construir el oleoducto Vaca Muerta Sur, que finalizar\u00e1 en las costas de R\u00edo Negro. En una primera etapa que abarcar\u00e1 130 kil\u00f3metros ese ca\u00f1o ir\u00e1 desde A\u00f1elo, en Neuqu\u00e9n, hasta la localidad de Allen, en R\u00edo Negro. Tambi\u00e9n lo interiorizar\u00e1n sobre el proyecto de instalar una planta de Gas Natural Licuado 8GNL) en Punta Colorada, una obra que recientemente le fuera otorgada al gobernador rionegrino Alberto Weretilneck.<\/p>\n\n\n\n<p>Los empresarios le mostrar\u00e1n la potencialidad del sector y las obras necesarias para \u201csacar el cuello de botella\u201d y duplicar la producci\u00f3n en el yacimiento de m\u00e1s de 30.000 kil\u00f3metros cuadrados y una de las mayores fuentes de exportaci\u00f3n de la Argentina. La intenci\u00f3n es que se exporten&nbsp;<strong>135 millones de barriles de petr\u00f3leo por a\u00f1o<\/strong>. Tambi\u00e9n hablar\u00e1n sobre los beneficios del R\u00e9gimen de Incentivo a las Grandes Inversiones (RIGI) al cual adhiri\u00f3 la provincia patag\u00f3nica y que esperan atraiga a m\u00e1s interesados en la explotaci\u00f3n tanto de gas como de petr\u00f3leo.<\/p>\n\n\n\n<p>Est\u00e1n presentes representantes de las principales empresas operadoras del lugar, entre las que se destacan Chevron, Exxon, Pampa Energ\u00eda y Shell, entre otras. Y ofician de anfitriones<strong>&nbsp;Alejandro Bulgheroni,&nbsp;<\/strong>presidente de Pan American Energy (PAE);<strong>&nbsp;Marcos Bulgheroni,&nbsp;<\/strong>el CEO Group de Pan American Energy (PAE<strong>)<\/strong>; el presidente de la Compa\u00f1ia General de Combustibles (CGC),<strong>&nbsp;Hugo Eurnekian,<\/strong>&nbsp;y el CEO de Tecpetrol,<strong>&nbsp;Ricardo Markous.<\/strong><\/p>\n\n\n\n<p>Una hora despu\u00e9s el jefe de Estado sobrevolar\u00e1 la planta de gas de Tratay\u00e9n, cabecera del gasoducto N\u00e9stor Kirchner que se inaugur\u00f3 durante la presidencia de Alberto Fern\u00e1ndez.<\/p>\n\n\n\n<p class=\"has-text-align-center\"><img decoding=\"async\" loading=\"lazy\" height=\"1387\" width=\"2080\" srcset=\"https:\/\/www.infobae.com\/new-resizer\/eYynCfW8SBd26MiUyg1MRGaluoY=\/420x280\/filters:format(webp):quality(85)\/cloudfront-us-east-1.images.arcpublishing.com\/infobae\/7AHSXGM6EVELZGO7CXDG6RRQNU.jpg 420w,https:\/\/www.infobae.com\/new-resizer\/Wtp9JLJSB6OMkB59KNYn2CCdgAg=\/768x512\/filters:format(webp):quality(85)\/cloudfront-us-east-1.images.arcpublishing.com\/infobae\/7AHSXGM6EVELZGO7CXDG6RRQNU.jpg 768w,https:\/\/www.infobae.com\/new-resizer\/J91lRqB_CJbcc5dvgBNW-gZUXTs=\/992x661\/filters:format(webp):quality(85)\/cloudfront-us-east-1.images.arcpublishing.com\/infobae\/7AHSXGM6EVELZGO7CXDG6RRQNU.jpg 992w,https:\/\/www.infobae.com\/new-resizer\/OuAa0lfCnWnzPMOCbKh4uZhuL7k=\/1200x800\/filters:format(webp):quality(85)\/cloudfront-us-east-1.images.arcpublishing.com\/infobae\/7AHSXGM6EVELZGO7CXDG6RRQNU.jpg 1200w,https:\/\/www.infobae.com\/new-resizer\/OHs33Zj-TbWstDbc3BS8lmhJ4VM=\/1440x960\/filters:format(webp):quality(85)\/cloudfront-us-east-1.images.arcpublishing.com\/infobae\/7AHSXGM6EVELZGO7CXDG6RRQNU.jpg 1440w\" class=\"\" src=\"https:\/\/www.infobae.com\/new-resizer\/eYynCfW8SBd26MiUyg1MRGaluoY=\/420x280\/filters:format(webp):quality(85)\/cloudfront-us-east-1.images.arcpublishing.com\/infobae\/7AHSXGM6EVELZGO7CXDG6RRQNU.jpg%20420w\" alt=\"El saludo entre el gobernador Figueroa y el presidente Milei. Foto: Gobierno de Neuqu\u00e9n.\">El saludo entre el gobernador Figueroa y el presidente Milei<\/p>\n\n\n\n<p>Milei lleg\u00f3 a la provincia de Neuqu\u00e9n en uno de los aviones de la flota presidencial, elTango 11, que traslad\u00f3 a la delegaci\u00f3n y arrib\u00f3 al aeropuerto Juan Domingo Per\u00f3n de la capital neuquina a las 9.<\/p>\n\n\n\n<p>El jefe de Estado fue recibidopor el gobernador local,&nbsp;<strong>Rolando Figueroa,<\/strong>&nbsp;quien lo esper\u00f3 al pie del avi\u00f3n; en la pista mantuvieron un contacto de alrededor de 10 minutos y se despidieron. Luego el mandatario se dirigi\u00f3 a un helic\u00f3ptero para trasladarse a Loma Campana y visitar la planta de YPF. Figueroa se qued\u00f3 en tierra.<\/p>\n\n\n\n<p>Por la tarde Milei viajar\u00e1 a&nbsp;<strong>Santiago de Chile<\/strong>, donde participar\u00e1 de un acto conmemorativo de la empresa Gas Andes.<\/p>\n\n\n\n<p>La comitiva est\u00e1 integrada por la secretaria General de la Presidencia,&nbsp;<strong>Karina Milei<\/strong>, el jefe de Gabinete de ministros,&nbsp;<strong>Guillermo Francos<\/strong>, el vocero presidencial,&nbsp;<strong>Manuel Adorni<\/strong>,el actual presidente y CEO de YPF,&nbsp;<strong>Horacio Mar\u00edn,&nbsp;<\/strong>y tambi\u00e9n&nbsp;<strong>Daniel Gonz\u00e1lez Casartelli<\/strong>, ex CEO de YPF y actual secretario de Recursos Naturales.<\/p>\n\n\n\n<p>0 seconds of 1 minute, 15 secondsVolume 0%Milei es recibido por el gobernador Rolando Figueroa en el aeropuerto de Neuqu\u00e9n. Luego, el Presidente subi\u00f3 un helic\u00f3ptero para sobrevolar Vaca Muerta.<\/p>\n\n\n\n<p>\u201cTRABAJAR POR EL PROGRESO DE NEUQU\u00c9N Y LA PATRIA. Recibimos en Neuqu\u00e9n al presidente de la Naci\u00f3n, Javier Milei.&nbsp;<strong>Siempre es un honor contar con un jefe de Estado en nuestra provincia.<\/strong>&nbsp;Nuestro compromiso es el de trabajar, desde el di\u00e1logo, para el progreso del pa\u00eds\u201d, poste\u00f3 Figueroa en su cuenta de X (ex Twitter) a los pocos minutos de la llegada del primer mandatario, acompa\u00f1ado por cuatro fotos.<\/p>\n\n\n\n<p>El ministro de Econom\u00eda de la Naci\u00f3n, Luis Caputo, estuvo en Vaca Muerta el 19 de junio y tambi\u00e9n comparti\u00f3 la recorrida del lugar con Figueroa y con Mar\u00edn. En esa oportunidad, desde el Gobierno nacional respaldaron las tratativas que lleva adelante Neuqu\u00e9n en procura de un cr\u00e9dito del Banco Interamericano de Desarrollo (BID) que le permita avanzar en el \u201cPrograma de Integraci\u00f3n Regional de la Provincia del Neuqu\u00e9n\u201d. Tambi\u00e9n se gestiona otro cr\u00e9dito ante el Banco de Desarrollo de Am\u00e9rica Latina y el Caribe (CAF).<\/p>\n\n\n\n<p>A las 13 partir\u00e1 de Neuqu\u00e9n hacia la ciudad de Santiago de Chile. All\u00ed a las 19 expondr\u00e1 en un evento que organiza la empresa Gas Andes, que es la que opera el gasoducto que a trav\u00e9s de la Cordillera de los Andes le manda el gas natural desde Argentina al pa\u00eds vecino. En el entorno presidencial dieron<strong>&nbsp;casi por descartado&nbsp;<\/strong>que Milei se encuentre con su par chileno, Gabriel Boric.<\/p>\n\n\n\n<p class=\"has-text-align-center\"><img decoding=\"async\" loading=\"lazy\" alt=\"(Gobierno de Neuqu\u00e9n)\" height=\"682\" width=\"1024\" class=\"\" src=\"https:\/\/www.infobae.com\/new-resizer\/Qu9GjUZ0-d7TMqENKbnPUZzb5hQ=\/420x280\/filters:format(webp):quality(85)\/cloudfront-us-east-1.images.arcpublishing.com\/infobae\/SH2DNRXFTJAVPJDSZSLYP4KZOQ.jpg%20420w\" srcset=\"https:\/\/www.infobae.com\/new-resizer\/Qu9GjUZ0-d7TMqENKbnPUZzb5hQ=\/420x280\/filters:format(webp):quality(85)\/cloudfront-us-east-1.images.arcpublishing.com\/infobae\/SH2DNRXFTJAVPJDSZSLYP4KZOQ.jpg 420w,https:\/\/www.infobae.com\/new-resizer\/kqOsD1_FhU7X-Z6HHqlOspi_oME=\/768x512\/filters:format(webp):quality(85)\/cloudfront-us-east-1.images.arcpublishing.com\/infobae\/SH2DNRXFTJAVPJDSZSLYP4KZOQ.jpg 768w,https:\/\/www.infobae.com\/new-resizer\/KGHSE9GmBQJXuwUc5pOuffJwApU=\/992x661\/filters:format(webp):quality(85)\/cloudfront-us-east-1.images.arcpublishing.com\/infobae\/SH2DNRXFTJAVPJDSZSLYP4KZOQ.jpg 992w,https:\/\/www.infobae.com\/new-resizer\/ESV2RdBwmRnDpv_peRzFRVfrQ0Q=\/1200x800\/filters:format(webp):quality(85)\/cloudfront-us-east-1.images.arcpublishing.com\/infobae\/SH2DNRXFTJAVPJDSZSLYP4KZOQ.jpg 1200w,https:\/\/www.infobae.com\/new-resizer\/le3Gg6Tjtw6udlj-nqZNiDDzncM=\/1440x960\/filters:format(webp):quality(85)\/cloudfront-us-east-1.images.arcpublishing.com\/infobae\/SH2DNRXFTJAVPJDSZSLYP4KZOQ.jpg 1440w\">(Gobierno de Neuqu\u00e9n)<\/p>\n\n\n\n<p>Si bien en un principio hab\u00eda posibilidades de una bilateral o al menos un encuentro a solas entre ambos, diversos problemas de agenda lo imposibilitaron. En medio de las tensiones regionales por la crisis desatada alrededor de los resultados de las elecciones en Venezuela la reuni\u00f3n iba a servir para debatir posiciones sobre ese conflicto y tambi\u00e9n abordar tem\u00e1ticas que ata\u00f1en a los dos gobiernos. Estaba en carpeta que dialoguen en el marco del 40\u00b0 aniversario del&nbsp;<strong>Tratado de Paz y Amistad<\/strong>, firmado en 1984 a fin de evitar una guerra entre ambos pa\u00edses, gracias a las tratativas del Papa Juan Pablo II.<\/p>\n\n\n\n<p>El c\u00f3nclave entre Milei y Boric se podr\u00eda dar el 29 de agosto cuando en la embajada argentina en Santiago se realice el VII Encuentro Minero Chileno Argentino.<\/p>\n\n\n\n<p>Alrededor de las 21 Milei emprender\u00e1 el regreso hacia Buenos Aires.<\/p>\n","protected":false},"excerpt":{"rendered":"<p>Lleg\u00f3 a la provincia de Neuqu\u00e9n a las 9 de la ma\u00f1ana y mantuvo un breve contacto con el gobernador Rolando Figueroa. Por la tarde se ir\u00e1 a Chile Javier Milei y Rolando Figueroa, juntos en en el aeropuerto\u00a0de\u00a0Neuqu\u00e9n El presidente&nbsp;Javier Milei&nbsp;visit\u00f3 el complejo de Vaca Muerta en la localidad de A\u00f1elo, en la provincia [&hellip;]<\/p>\n","protected":false},"author":5,"featured_media":413412,"comment_status":"open","ping_status":"open","sticky":false,"template":"","format":"standard","meta":{"_stopmodifiedupdate":false,"_modified_date":"","inline_featured_image":false,"spay_email":"","jetpack_publicize_message":""},"categories":[5],"tags":[],"jetpack_featured_media_url":"https:\/\/notinor.com\/jujuy\/wp-content\/uploads\/2024\/08\/MILEI-2.jpg","jetpack_publicize_connections":[],"_links":{"self":[{"href":"https:\/\/notinor.com\/jujuy\/wp-json\/wp\/v2\/posts\/413411"}],"collection":[{"href":"https:\/\/notinor.com\/jujuy\/wp-json\/wp\/v2\/posts"}],"about":[{"href":"https:\/\/notinor.com\/jujuy\/wp-json\/wp\/v2\/types\/post"}],"author":[{"embeddable":true,"href":"https:\/\/notinor.com\/jujuy\/wp-json\/wp\/v2\/users\/5"}],"replies":[{"embeddable":true,"href":"https:\/\/notinor.com\/jujuy\/wp-json\/wp\/v2\/comments?post=413411"}],"version-history":[{"count":1,"href":"https:\/\/notinor.com\/jujuy\/wp-json\/wp\/v2\/posts\/413411\/revisions"}],"predecessor-version":[{"id":413413,"href":"https:\/\/notinor.com\/jujuy\/wp-json\/wp\/v2\/posts\/413411\/revisions\/413413"}],"wp:featuredmedia":[{"embeddable":true,"href":"https:\/\/notinor.com\/jujuy\/wp-json\/wp\/v2\/media\/413412"}],"wp:attachment":[{"href":"https:\/\/notinor.com\/jujuy\/wp-json\/wp\/v2\/media?parent=413411"}],"wp:term":[{"taxonomy":"category","embeddable":true,"href":"https:\/\/notinor.com\/jujuy\/wp-json\/wp\/v2\/categories?post=413411"},{"taxonomy":"post_tag","embeddable":true,"href":"https:\/\/notinor.com\/jujuy\/wp-json\/wp\/v2\/tags?post=413411"}],"curies":[{"name":"wp","href":"https:\/\/api.w.org\/{rel}","templated":true}]}}