{"id":413406,"date":"2024-08-08T12:27:19","date_gmt":"2024-08-08T15:27:19","guid":{"rendered":"https:\/\/notinor.com\/jujuy\/?p=413406"},"modified":"2024-08-08T12:27:20","modified_gmt":"2024-08-08T15:27:20","slug":"la-policia-de-viena-detiene-a-dos-islamistas-que-planeaban-un-atentado-terrorista-en-un-recital-de-taylor-swift","status":"publish","type":"post","link":"https:\/\/notinor.com\/jujuy\/la-policia-de-viena-detiene-a-dos-islamistas-que-planeaban-un-atentado-terrorista-en-un-recital-de-taylor-swift\/","title":{"rendered":"La polic\u00eda de Viena detiene a dos islamistas que planeaban un atentado terrorista en un recital de Taylor Swift"},"content":{"rendered":"\n<p class=\"has-medium-font-size\"><strong><em>La polic\u00eda dijo que los dos sospechosos hab\u00edan jurado lealtad a la organizaci\u00f3n terrorista Estado Isl\u00e1mico hace unas semanas; se investigan sustancias secuestradas en el allanamiento<\/em><\/strong>.<\/p>\n\n\n<div class=\"wp-block-image\">\n<figure class=\"aligncenter size-large\"><img decoding=\"async\" loading=\"lazy\" width=\"748\" height=\"480\" src=\"https:\/\/notinor.com\/jujuy\/wp-content\/uploads\/2024\/08\/TAYLOR-748x480.jpg\" alt=\"\" class=\"wp-image-413407\" srcset=\"https:\/\/notinor.com\/jujuy\/wp-content\/uploads\/2024\/08\/TAYLOR-748x480.jpg 748w, https:\/\/notinor.com\/jujuy\/wp-content\/uploads\/2024\/08\/TAYLOR-569x365.jpg 569w, https:\/\/notinor.com\/jujuy\/wp-content\/uploads\/2024\/08\/TAYLOR-768x493.jpg 768w, https:\/\/notinor.com\/jujuy\/wp-content\/uploads\/2024\/08\/TAYLOR-750x482.jpg 750w, https:\/\/notinor.com\/jujuy\/wp-content\/uploads\/2024\/08\/TAYLOR.jpg 785w\" sizes=\"(max-width: 748px) 100vw, 748px\" \/><figcaption class=\"wp-element-caption\">Swift tiene conciertos programados en el Estadio Ernst Happel de Viena como parte de su gira Eras Tour<\/figcaption><\/figure><\/div>\n\n\n<p>La polic\u00eda austr\u00edaca detuvo este mi\u00e9rcoles a<strong>\u00a0dos presuntos extremistas isl\u00e1micos que planeaban atentar durante los conciertos de\u00a0Taylor Swift<\/strong><a href=\"https:\/\/www.lanacion.com.ar\/espectaculos\/el-mensaje-de-taylor-swift-tras-el-ataque-con-cuchillo-en-un-evento-infantil-en-reino-unido-nid30072024\/\"><strong>\u00a0<\/strong><\/a><strong>en Viena<\/strong>, programados del 8 al 10 de agosto, y en otros eventos de la ciudad, inform\u00f3 el director general de Seguridad P\u00fablica de Austria, Franz Ruf. Los organizadores informaron que<strong>\u00a0los shows de la artista norteamericana fueron cancelados por temor a un ataque<\/strong>.<\/p>\n\n\n\n<p>\u201cCon la confirmaci\u00f3n por parte de funcionarios del gobierno de planes de un ataque terrorista en el estadio Ernst Happel,<strong>&nbsp;no tenemos m\u00e1s remedio que cancelar los tres conciertos programados para la seguridad de todos<\/strong>\u201d, dijo Barracuda.music en un post en Instagram, en el que a\u00f1adi\u00f3 que todas las entradas ser\u00edan reembolsadas autom\u00e1ticamente \u201cen un plazo de diez d\u00edas\u201d.<\/p>\n\n\n\n<p>Tras la conmoci\u00f3n en Gran Breta\u00f1a por un ataque a pu\u00f1aladas a tres ni\u00f1as en una clase de baile con tem\u00e1tica de Swift, Ruf declar\u00f3 que se hab\u00edan reforzado las \u201cmedidas de seguridad para estos conciertos poniendo especial \u00e9nfasis en los controles de acceso y la inspecci\u00f3n de personas\u201d, aunque luego se decidi\u00f3 la suspensi\u00f3n de los shows.<\/p>\n\n\n\n<p>Ruf confirm\u00f3, en conferencia de prensa, que el&nbsp;<strong>principal sospechoso es un joven de 19 a\u00f1os&nbsp;<\/strong>que fue arrestado<strong>&nbsp;<\/strong>en Ternitz, unos 65 kil\u00f3metros al sur de Viena, y la segunda persona en la capital austriaca.<\/p>\n\n\n<div class=\"wp-block-image\">\n<figure class=\"aligncenter size-full\"><img decoding=\"async\" loading=\"lazy\" width=\"657\" height=\"437\" src=\"https:\/\/notinor.com\/jujuy\/wp-content\/uploads\/2024\/08\/OPERATIVO.jpg\" alt=\"\" class=\"wp-image-413408\" srcset=\"https:\/\/notinor.com\/jujuy\/wp-content\/uploads\/2024\/08\/OPERATIVO.jpg 657w, https:\/\/notinor.com\/jujuy\/wp-content\/uploads\/2024\/08\/OPERATIVO-549x365.jpg 549w\" sizes=\"(max-width: 657px) 100vw, 657px\" \/><figcaption class=\"wp-element-caption\">La operaci\u00f3n antiterrorista comenz\u00f3 en la ma\u00f1ana del mi\u00e9rcoles en Ternitz<\/figcaption><\/figure><\/div>\n\n\n<p>El director de seguridad p\u00fablica del Ministerio del Interior de Austria, dijo que \u201clos acusados hab\u00edan realizado preparativos concretos para llevar a cabo un atentado terrorista\u201d, tal como indican los objetos hallados en el domicilio de Ternitz, donde la b\u00fasqueda a\u00fan sigue en curso. Y que, adem\u00e1s, habr\u00eda indicios espec\u00edficos que apuntaban a los conciertos de Swift, inform\u00f3 la Agencia de Prensa Austriaca.<\/p>\n\n\n\n<p>El joven arrestado en Ternitz se radicaliz\u00f3 a trav\u00e9s de Internet y prest\u00f3 un&nbsp;<strong>\u201cjuramento de lealtad al Estado Isl\u00e1mico (EI)\u201d en julio<\/strong>, detallaron las autoridades, que&nbsp;<strong>encontraron sustancias qu\u00edmicas en su residencia, que a\u00fan eran evaluadas por los investigadores<\/strong>.<\/p>\n\n\n\n<p>\u201cDetectamos preparativos espec\u00edficos para los conciertos de Taylor Swift\u201d, se\u00f1al\u00f3 Ruf, que agreg\u00f3 que ten\u00edan planeado&nbsp;<strong>desplegar en el estadio unidades especiales que inclu\u00edan personal encubierto, unidades caninas y la intervenci\u00f3n de la unidad Cobra, la principal unidad t\u00e1ctica de operaciones especiales antiterroristas en Austria.<\/strong><\/p>\n\n\n\n<p><\/p>\n\n\n<div class=\"wp-block-image\">\n<figure class=\"aligncenter size-full\"><img decoding=\"async\" loading=\"lazy\" width=\"662\" height=\"443\" src=\"https:\/\/notinor.com\/jujuy\/wp-content\/uploads\/2024\/08\/TAYLOR2.jpg\" alt=\"\" class=\"wp-image-413409\" srcset=\"https:\/\/notinor.com\/jujuy\/wp-content\/uploads\/2024\/08\/TAYLOR2.jpg 662w, https:\/\/notinor.com\/jujuy\/wp-content\/uploads\/2024\/08\/TAYLOR2-545x365.jpg 545w\" sizes=\"(max-width: 662px) 100vw, 662px\" \/><figcaption class=\"wp-element-caption\">La artista ofrece recitales en Europa antes de que la ruta del tour lleve el espect\u00e1culo de regreso a Norteam\u00e9rica<\/figcaption><\/figure><\/div>\n\n\n<p>Se&nbsp;<strong>esperaba la asistencia de unos 65.000 espectadores por d\u00eda<\/strong>, con entre 15.000 y 20.000 personas adicionales en las cercan\u00edas del estadio Ernst-Happel, dijo el director de la Polic\u00eda estatal de Viena, Gerhard P\u00fcrstl.<\/p>\n\n\n\n<p>La operaci\u00f3n antiterrorista comenz\u00f3 en la ma\u00f1ana del mi\u00e9rcoles en Ternitz y dur\u00f3 varias horas, durante las cuales se evacu\u00f3 una residencia de ancianos y otros edificios, y se establecieron controles en la ruta, informa la agencia austr\u00edaca de noticias APA.<\/p>\n\n\n\n<p>Viena fue blanco de un atentado terrorista en noviembre de 2020, en el que fallecieron cuatro personas. En diciembre pasado, las autoridades detuvieron a cuatro sospechosos de planear un ataque en la catedral de San Esteban, en el centro de la ciudad.<\/p>\n\n\n\n<p><strong>Decepci\u00f3n<\/strong><\/p>\n\n\n\n<p>R\u00e1pidamente tras el anuncio de la cancelaci\u00f3n de los shows, en los grupos oficiales de WhatsApp de las \u201cswifties\u201d -como se conoce a las fans de la cantante- empez\u00f3 a expandirse la desaz\u00f3n en miles de mensajes.<\/p>\n\n\n\n<p>Marie Sereinig, una estudiante de 15 a\u00f1os que se desplaz\u00f3 desde el sur de Austria para asistir al espect\u00e1culo de la artista norteamericana con su t\u00eda, ten\u00eda previsto desde hace meses su vestimenta y estaba impaciente. \u201d<strong>Estoy simplemente impactada y muy triste<\/strong>. Pero tambi\u00e9n puedo entender que Taylor Swift no se atreva a subirse al escenario en estas condiciones\u201d, se\u00f1al\u00f3.<\/p>\n\n\n\n<p>Como ella, otros seguidores confesaban sentirse tristes por la cancelaci\u00f3n. \u201cRealmente no tengo palabras\u201d, cont\u00f3 Flora Zoe Koberwein, una estudiante de 20 a\u00f1os.<\/p>\n\n\n\n<p><strong>\u201dEs una gran decepci\u00f3n\u201d&nbsp;<\/strong>para todos los espectadores, coment\u00f3 en X el canciller austriaco, el conservador Karl Nehammer, al tiempo que celebr\u00f3 que \u201cla amenaza se haya podido identificar y combatir a tiempo y evitar una tragedia\u201d.<\/p>\n\n\n\n<p>La cantante, de 34 a\u00f1os, ten\u00eda previsto actuar a partir del jueves en Viena en el marco de su gira europea, que comenz\u00f3 en mayo en Par\u00eds. Despu\u00e9s de Francia, la artista se desplaz\u00f3 a Suecia, Portugal, Espa\u00f1a, Reino Unido, Irlanda, Pa\u00edses Bajos, Suiza, Italia, Alemania y Portugal, con un gran impacto para la econom\u00eda en cada uno de estos pa\u00edses.<\/p>\n\n\n\n<p>Esta gira, la sexta de la artista, comenz\u00f3 en marzo de 2023 en Estados Unidos, y se convirti\u00f3 al final del a\u00f1o pasado en la primera de la historia en recaudar m\u00e1s de mil millones de d\u00f3lares en entradas. Se espera que esta cifra se duplique al t\u00e9rmino de la gira en Canad\u00e1 en diciembre pr\u00f3ximo.<\/p>\n\n\n\n<p>En Austria, se esperaban unos beneficios econ\u00f3micos estimados en unos 100 millones de euros. El pa\u00eds europeo increment\u00f3 sus medidas preventivas desde que tuvo lugar un atentado jihadista el 2 de noviembre de 2020, que caus\u00f3 cuatro muertos, el primero ocurrido en esta naci\u00f3n de 9,1 millones de habitantes y por lo general muy segura.<\/p>\n","protected":false},"excerpt":{"rendered":"<p>La polic\u00eda dijo que los dos sospechosos hab\u00edan jurado lealtad a la organizaci\u00f3n terrorista Estado Isl\u00e1mico hace unas semanas; se investigan sustancias secuestradas en el allanamiento. La polic\u00eda austr\u00edaca detuvo este mi\u00e9rcoles a\u00a0dos presuntos extremistas isl\u00e1micos que planeaban atentar durante los conciertos de\u00a0Taylor Swift\u00a0en Viena, programados del 8 al 10 de agosto, y en otros [&hellip;]<\/p>\n","protected":false},"author":5,"featured_media":413407,"comment_status":"open","ping_status":"open","sticky":false,"template":"","format":"standard","meta":{"_stopmodifiedupdate":false,"_modified_date":"","inline_featured_image":false,"spay_email":"","jetpack_publicize_message":""},"categories":[21],"tags":[],"jetpack_featured_media_url":"https:\/\/notinor.com\/jujuy\/wp-content\/uploads\/2024\/08\/TAYLOR.jpg","jetpack_publicize_connections":[],"_links":{"self":[{"href":"https:\/\/notinor.com\/jujuy\/wp-json\/wp\/v2\/posts\/413406"}],"collection":[{"href":"https:\/\/notinor.com\/jujuy\/wp-json\/wp\/v2\/posts"}],"about":[{"href":"https:\/\/notinor.com\/jujuy\/wp-json\/wp\/v2\/types\/post"}],"author":[{"embeddable":true,"href":"https:\/\/notinor.com\/jujuy\/wp-json\/wp\/v2\/users\/5"}],"replies":[{"embeddable":true,"href":"https:\/\/notinor.com\/jujuy\/wp-json\/wp\/v2\/comments?post=413406"}],"version-history":[{"count":1,"href":"https:\/\/notinor.com\/jujuy\/wp-json\/wp\/v2\/posts\/413406\/revisions"}],"predecessor-version":[{"id":413410,"href":"https:\/\/notinor.com\/jujuy\/wp-json\/wp\/v2\/posts\/413406\/revisions\/413410"}],"wp:featuredmedia":[{"embeddable":true,"href":"https:\/\/notinor.com\/jujuy\/wp-json\/wp\/v2\/media\/413407"}],"wp:attachment":[{"href":"https:\/\/notinor.com\/jujuy\/wp-json\/wp\/v2\/media?parent=413406"}],"wp:term":[{"taxonomy":"category","embeddable":true,"href":"https:\/\/notinor.com\/jujuy\/wp-json\/wp\/v2\/categories?post=413406"},{"taxonomy":"post_tag","embeddable":true,"href":"https:\/\/notinor.com\/jujuy\/wp-json\/wp\/v2\/tags?post=413406"}],"curies":[{"name":"wp","href":"https:\/\/api.w.org\/{rel}","templated":true}]}}