{"id":413137,"date":"2024-08-04T13:22:06","date_gmt":"2024-08-04T16:22:06","guid":{"rendered":"https:\/\/notinor.com\/jujuy\/?p=413137"},"modified":"2024-08-04T13:22:07","modified_gmt":"2024-08-04T16:22:07","slug":"el-gobierno-ratifico-que-desconocera-a-maduro-como-presidente-de-venezuela-y-pidio-por-los-asilados","status":"publish","type":"post","link":"https:\/\/notinor.com\/jujuy\/el-gobierno-ratifico-que-desconocera-a-maduro-como-presidente-de-venezuela-y-pidio-por-los-asilados\/","title":{"rendered":"El Gobierno ratific\u00f3 que desconocer\u00e1 a Maduro como presidente\u00a0de Venezuela y pidi\u00f3 por los asilados"},"content":{"rendered":"\n<p class=\"has-medium-font-size\"><strong><em>El vicecanciller, Leopoldo Sahores, ratific\u00f3 que si el presidente de Venezuela, Nicol\u00e1s Maduro, asume un nuevo mandato el Gobierno lo desconocer\u00e1, tras las denuncias de fraude por la reelecci\u00f3n anunciada por el Consejo Electoral chavista, y pidi\u00f3 atenci\u00f3n a la comunidad internacional por los asilados en la embajada Argentina en Caracas, actualmente representada por Brasil, tras la expulsi\u00f3n del personal diplom\u00e1tico argentino.<\/em><\/strong><\/p>\n\n\n\n<p><\/p>\n\n\n<div class=\"wp-block-image\">\n<figure class=\"aligncenter size-full\"><img decoding=\"async\" loading=\"lazy\" width=\"800\" height=\"450\" src=\"https:\/\/notinor.com\/jujuy\/wp-content\/uploads\/2024\/08\/embajada-argentina-en-venezuela.jpg\" alt=\"\" class=\"wp-image-413138\" srcset=\"https:\/\/notinor.com\/jujuy\/wp-content\/uploads\/2024\/08\/embajada-argentina-en-venezuela.jpg 800w, https:\/\/notinor.com\/jujuy\/wp-content\/uploads\/2024\/08\/embajada-argentina-en-venezuela-649x365.jpg 649w, https:\/\/notinor.com\/jujuy\/wp-content\/uploads\/2024\/08\/embajada-argentina-en-venezuela-500x280.jpg 500w, https:\/\/notinor.com\/jujuy\/wp-content\/uploads\/2024\/08\/embajada-argentina-en-venezuela-768x432.jpg 768w, https:\/\/notinor.com\/jujuy\/wp-content\/uploads\/2024\/08\/embajada-argentina-en-venezuela-750x422.jpg 750w\" sizes=\"(max-width: 800px) 100vw, 800px\" \/><\/figure><\/div>\n\n\n<p><\/p>\n\n\n\n<p>Sahores aclar\u00f3: <strong>\"Para la Argentina el voto popular de las elecciones del 28 de julio fue mayoritariamente a favor de Edmundo Gonz\u00e1lez Urrutia, para nosotros no hay dudas que la elecci\u00f3n fue fraudulenta, quien gan\u00f3 fue \u00e9l, y la Argentina todav\u00eda no hizo un reconocimiento de \u00e9l como presidente electo\".<\/strong><\/p>\n\n\n\n<p>El vicecanciller dijo que el mensaje de la jefa del ministerio de Relaciones Exteriores, Diana Mondino, <strong>\"fue una constataci\u00f3n de esta evidencia, que hab\u00eda un voto mayoritario a favor de Gonz\u00e1lez Urrutia\" y que \"est\u00e1n dadas las condiciones para considerar que \u00e9l es el presidente\" de Venezuela.<\/strong> Explic\u00f3: \"Cuando sea la asunci\u00f3n, si Maduro persiste con esta campa\u00f1a de terror, y logra ir adelante con la asunci\u00f3n, la Argentina desconocer\u00e1 su legitimidad\".<\/p>\n\n\n\n<p>Sahores dijo: \"Estamos en una situaci\u00f3n que no tienen otros pa\u00edses, tenemos seis asilados en la residencia en Caracas, colaboradores de Corina Machado, debemos tener mucha prudencia y actuar con mucha cautela\", y advirti\u00f3: <strong>\"La comunidad internacional tiene que estar muy atenta a lo que pase en la residencia argentina, tenemos que poner todo el foco, ante cualquier avasallamiento la condena tiene que ser un\u00e1nime\", <\/strong>en declaraciones a radio Rivadavia.<\/p>\n\n\n\n<p>El vicecanciller consider\u00f3: <strong>\"Confiamos en que no habr\u00e1 una intromisi\u00f3n, estamos muy tranquilos porque Brasil est\u00e1 a cargo de la residencia, pero no debemos relajarnos, la comunidad internacional tiene que estar muy atenta, si eso ocurriera, tiene que ser muy firme en la condena\".<\/strong><\/p>\n","protected":false},"excerpt":{"rendered":"<p>El vicecanciller, Leopoldo Sahores, ratific\u00f3 que si el presidente de Venezuela, Nicol\u00e1s Maduro, asume un nuevo mandato el Gobierno lo desconocer\u00e1, tras las denuncias de fraude por la reelecci\u00f3n anunciada por el Consejo Electoral chavista, y pidi\u00f3 atenci\u00f3n a la comunidad internacional por los asilados en la embajada Argentina en Caracas, actualmente representada por Brasil, [&hellip;]<\/p>\n","protected":false},"author":49,"featured_media":413138,"comment_status":"open","ping_status":"open","sticky":false,"template":"","format":"standard","meta":{"_stopmodifiedupdate":false,"_modified_date":"","inline_featured_image":false,"spay_email":"","jetpack_publicize_message":""},"categories":[2,501],"tags":[],"jetpack_featured_media_url":"https:\/\/notinor.com\/jujuy\/wp-content\/uploads\/2024\/08\/embajada-argentina-en-venezuela.jpg","jetpack_publicize_connections":[],"_links":{"self":[{"href":"https:\/\/notinor.com\/jujuy\/wp-json\/wp\/v2\/posts\/413137"}],"collection":[{"href":"https:\/\/notinor.com\/jujuy\/wp-json\/wp\/v2\/posts"}],"about":[{"href":"https:\/\/notinor.com\/jujuy\/wp-json\/wp\/v2\/types\/post"}],"author":[{"embeddable":true,"href":"https:\/\/notinor.com\/jujuy\/wp-json\/wp\/v2\/users\/49"}],"replies":[{"embeddable":true,"href":"https:\/\/notinor.com\/jujuy\/wp-json\/wp\/v2\/comments?post=413137"}],"version-history":[{"count":1,"href":"https:\/\/notinor.com\/jujuy\/wp-json\/wp\/v2\/posts\/413137\/revisions"}],"predecessor-version":[{"id":413139,"href":"https:\/\/notinor.com\/jujuy\/wp-json\/wp\/v2\/posts\/413137\/revisions\/413139"}],"wp:featuredmedia":[{"embeddable":true,"href":"https:\/\/notinor.com\/jujuy\/wp-json\/wp\/v2\/media\/413138"}],"wp:attachment":[{"href":"https:\/\/notinor.com\/jujuy\/wp-json\/wp\/v2\/media?parent=413137"}],"wp:term":[{"taxonomy":"category","embeddable":true,"href":"https:\/\/notinor.com\/jujuy\/wp-json\/wp\/v2\/categories?post=413137"},{"taxonomy":"post_tag","embeddable":true,"href":"https:\/\/notinor.com\/jujuy\/wp-json\/wp\/v2\/tags?post=413137"}],"curies":[{"name":"wp","href":"https:\/\/api.w.org\/{rel}","templated":true}]}}