{"id":413134,"date":"2024-08-03T21:22:01","date_gmt":"2024-08-04T00:22:01","guid":{"rendered":"https:\/\/notinor.com\/jujuy\/?p=413134"},"modified":"2024-08-03T21:22:02","modified_gmt":"2024-08-04T00:22:02","slug":"barcena-sadir-destaco-el-trabajo-de-las-comunidades-productoras-de-yacon","status":"publish","type":"post","link":"https:\/\/notinor.com\/jujuy\/barcena-sadir-destaco-el-trabajo-de-las-comunidades-productoras-de-yacon\/","title":{"rendered":"B\u00e1rcena: Sadir destac\u00f3 el trabajo de las comunidades productoras de yac\u00f3n"},"content":{"rendered":"\n<p class=\"has-medium-font-size\"><strong><em>El gobernador Carlos Sadir particip\u00f3 del 4\u00b0 Festival Provincial de Productores de Yac\u00f3n y la Pachamama que se realiza en B\u00e1rcena.<\/em><\/strong><\/p>\n\n\n\n<p><\/p>\n\n\n<div class=\"wp-block-image\">\n<figure class=\"aligncenter size-full\"><img decoding=\"async\" loading=\"lazy\" width=\"800\" height=\"450\" src=\"https:\/\/notinor.com\/jujuy\/wp-content\/uploads\/2024\/08\/sadir-en-barcena.jpg\" alt=\"\" class=\"wp-image-413135\" srcset=\"https:\/\/notinor.com\/jujuy\/wp-content\/uploads\/2024\/08\/sadir-en-barcena.jpg 800w, https:\/\/notinor.com\/jujuy\/wp-content\/uploads\/2024\/08\/sadir-en-barcena-649x365.jpg 649w, https:\/\/notinor.com\/jujuy\/wp-content\/uploads\/2024\/08\/sadir-en-barcena-500x280.jpg 500w, https:\/\/notinor.com\/jujuy\/wp-content\/uploads\/2024\/08\/sadir-en-barcena-768x432.jpg 768w, https:\/\/notinor.com\/jujuy\/wp-content\/uploads\/2024\/08\/sadir-en-barcena-750x422.jpg 750w\" sizes=\"(max-width: 800px) 100vw, 800px\" \/><\/figure><\/div>\n\n\n<p><\/p>\n\n\n\n<p>El evento desarrollado en la comunidad de Falda de Chorrillos, busca revalorizar e impulsar la producci\u00f3n del yac\u00f3n en la regi\u00f3n, adem\u00e1s de difundir la cultura y posicionar a B\u00e1rcena como punto tur\u00edstico de la provincia.<\/p>\n\n\n\n<p><strong>Carlos Sadir encabez\u00f3 el acto de apertura del festival, oportunidad en la que puso relieve los beneficios del yac\u00f3n y la importancia de la producci\u00f3n para las comunidades, destacando las virtudes del \u201ccaf\u00e9 de yac\u00f3n que es espl\u00e9ndido\u201d.<\/strong><\/p>\n\n\n\n<p><strong>\u201cEstoy muy contento de acompa\u00f1arlos en este festival, para agradecerles personalmente la dedicaci\u00f3n y el trabajo\u201d, <\/strong>expres\u00f3 el mandatario y destac\u00f3 la participaci\u00f3n de productores y emprendedores de diferentes lugares de la provincia.<\/p>\n\n\n\n<p>En otro orden, Sadir se comprometi\u00f3 a llevar adelante gestiones ante el Gobierno Nacional para la construcci\u00f3n de una nueva pasarela sobre RN 9, remarcando que \u201clos dirigentes y funcionarios est\u00e1n para buscar soluciones de las necesidades que tiene la gente\u201d. <strong>\u201cFalda de Chorrillos es un lugar hermoso y muchas veces la gente en su af\u00e1n de subir o bajar de la quebrada pasa r\u00e1pido por ac\u00e1, pero de a poco este lugar se va convirtiendo en sitio tur\u00edstico para visitar\u201d, se\u00f1al\u00f3 y estim\u00f3 que \u201cen el futuro \u00e9ste hermoso festival va a tener mayor volumen y ser\u00e1 sin dudas m\u00e1s reconocido\u201d.<\/strong><\/p>\n\n\n\n<p>Cabe consignar, que el gobernador Sadir, acompa\u00f1ado por el representante de productores de yac\u00f3n, El\u00edas Vel\u00e1zquez, e integrantes de la cooperativa de mujeres, Anal\u00eda Vel\u00e1squez y Florencia Puca, particip\u00f3 del izamiento de la bandera y del acto de apertura del festival que tiene previsto una serie de actividades musicales y art\u00edsticas durante la jornada, adem\u00e1s de la exposici\u00f3n de stands y mesas con productos artesanales y gastron\u00f3micos regionales para la venta.<\/p>\n","protected":false},"excerpt":{"rendered":"<p>El gobernador Carlos Sadir particip\u00f3 del 4\u00b0 Festival Provincial de Productores de Yac\u00f3n y la Pachamama que se realiza en B\u00e1rcena. El evento desarrollado en la comunidad de Falda de Chorrillos, busca revalorizar e impulsar la producci\u00f3n del yac\u00f3n en la regi\u00f3n, adem\u00e1s de difundir la cultura y posicionar a B\u00e1rcena como punto tur\u00edstico de [&hellip;]<\/p>\n","protected":false},"author":49,"featured_media":413135,"comment_status":"open","ping_status":"open","sticky":false,"template":"","format":"standard","meta":{"_stopmodifiedupdate":false,"_modified_date":"","inline_featured_image":false,"spay_email":"","jetpack_publicize_message":""},"categories":[2,4],"tags":[],"jetpack_featured_media_url":"https:\/\/notinor.com\/jujuy\/wp-content\/uploads\/2024\/08\/sadir-en-barcena.jpg","jetpack_publicize_connections":[],"_links":{"self":[{"href":"https:\/\/notinor.com\/jujuy\/wp-json\/wp\/v2\/posts\/413134"}],"collection":[{"href":"https:\/\/notinor.com\/jujuy\/wp-json\/wp\/v2\/posts"}],"about":[{"href":"https:\/\/notinor.com\/jujuy\/wp-json\/wp\/v2\/types\/post"}],"author":[{"embeddable":true,"href":"https:\/\/notinor.com\/jujuy\/wp-json\/wp\/v2\/users\/49"}],"replies":[{"embeddable":true,"href":"https:\/\/notinor.com\/jujuy\/wp-json\/wp\/v2\/comments?post=413134"}],"version-history":[{"count":1,"href":"https:\/\/notinor.com\/jujuy\/wp-json\/wp\/v2\/posts\/413134\/revisions"}],"predecessor-version":[{"id":413136,"href":"https:\/\/notinor.com\/jujuy\/wp-json\/wp\/v2\/posts\/413134\/revisions\/413136"}],"wp:featuredmedia":[{"embeddable":true,"href":"https:\/\/notinor.com\/jujuy\/wp-json\/wp\/v2\/media\/413135"}],"wp:attachment":[{"href":"https:\/\/notinor.com\/jujuy\/wp-json\/wp\/v2\/media?parent=413134"}],"wp:term":[{"taxonomy":"category","embeddable":true,"href":"https:\/\/notinor.com\/jujuy\/wp-json\/wp\/v2\/categories?post=413134"},{"taxonomy":"post_tag","embeddable":true,"href":"https:\/\/notinor.com\/jujuy\/wp-json\/wp\/v2\/tags?post=413134"}],"curies":[{"name":"wp","href":"https:\/\/api.w.org\/{rel}","templated":true}]}}