{"id":413060,"date":"2024-08-02T12:47:59","date_gmt":"2024-08-02T15:47:59","guid":{"rendered":"https:\/\/notinor.com\/jujuy\/?p=413060"},"modified":"2024-08-02T12:48:01","modified_gmt":"2024-08-02T15:48:01","slug":"aumento-la-luz-como-quedo-el-nuevo-cuadro-tarifario","status":"publish","type":"post","link":"https:\/\/notinor.com\/jujuy\/aumento-la-luz-como-quedo-el-nuevo-cuadro-tarifario\/","title":{"rendered":"Aument\u00f3 la luz: \u00bfC\u00f3mo qued\u00f3 el nuevo cuadro tarifario?"},"content":{"rendered":"\n<p class=\"has-medium-font-size\"><strong><em>El Gobierno fij\u00f3 los nuevos valores a trav\u00e9s de una resoluci\u00f3n publicada en el Bolet\u00edn Oficial. <\/em><\/strong><\/p>\n\n\n<div class=\"wp-block-image\">\n<figure class=\"aligncenter size-large\"><img decoding=\"async\" loading=\"lazy\" width=\"681\" height=\"480\" src=\"https:\/\/notinor.com\/jujuy\/wp-content\/uploads\/2024\/08\/LUZ-681x480.jpg\" alt=\"\" class=\"wp-image-413061\" srcset=\"https:\/\/notinor.com\/jujuy\/wp-content\/uploads\/2024\/08\/LUZ-681x480.jpg 681w, https:\/\/notinor.com\/jujuy\/wp-content\/uploads\/2024\/08\/LUZ-517x365.jpg 517w, https:\/\/notinor.com\/jujuy\/wp-content\/uploads\/2024\/08\/LUZ-120x86.jpg 120w, https:\/\/notinor.com\/jujuy\/wp-content\/uploads\/2024\/08\/LUZ.jpg 750w\" sizes=\"(max-width: 681px) 100vw, 681px\" \/><\/figure><\/div>\n\n\n<p>La<strong>\u00a0Secretar\u00eda de Energ\u00eda<\/strong>\u00a0<strong>dio a conocer el nuevo cuadro tarifario para el servicio de electricidad<\/strong>\u00a0que tendr\u00e1 un\u00a0<strong>aumento en promedio de 4%<\/strong>\u00a0desde este mes. Lo hizo a trav\u00e9s de la\u00a0<strong>Resoluci\u00f3n 192\/2024<\/strong> publicada este viernes en el\u00a0<strong>Bolet\u00edn Oficial<\/strong>.<\/p>\n\n\n\n<p>La norma establece el\u00a0<strong>Precio Estacional de la Energ\u00eda El\u00e9ctrica (PEST)<\/strong>\u00a0correspondiente a la reprogramaci\u00f3n trimestral y el precio de transporte y\u00a0<strong>distribuci\u00f3n<\/strong>\u00a0del \u00c1rea Metropolitana de Buenos Aires (<strong>AMBA<\/strong>).<a href=\"https:\/\/www.cronica.com.ar\/sociedad\/TARIFAS-con-SUBSIDIOS-Cual-es-la-FECHA-LIMITE-para-anotarse-y-recibir-DESCUENTOS-en-las-facturas-de-LUZ-y-GAS-20240731-0101.html\"><\/a><\/p>\n\n\n\n<p><em>\u201cEn ese per\u00edodo -y para brindar mayor transparencia y estabilidad en los costos-<strong>&nbsp;se fijaron el Precio Estabilizado de la Energ\u00eda El\u00e9ctrica<\/strong>&nbsp;(PEE), Precio Estabilizado del Transporte (PET) y Precios de Referencia de la Potencia (POTREF)\u201d<\/em>, se\u00f1al\u00f3 Energ\u00eda en un comunicado de prensa.<\/p>\n\n\n\n<p>El traslado del PEST ser\u00e1,<strong>&nbsp;seg\u00fan los horarios pico (18 a 23 horas), valle (23 a 05 horas) y resto (05 a 18 horas)<\/strong>.<\/p>\n\n\n\n<p><strong>Los nuevos valores son:<\/strong><\/p>\n\n\n\n<ul>\n<li>N1 (ingresos altos) y sectores productivos (comercios e industrias):&nbsp;<strong>entre $62.026 y $58.596 kWh\/mes<\/strong>.<\/li>\n\n\n\n<li>N3 (ingresos medios) y N2 (ingresos bajos): se siguen<strong>&nbsp;manteniendo las bonificaciones establecidas mediante la Resoluci\u00f3n 90\/2024 de esta Secretar\u00eda<\/strong>.<\/li>\n<\/ul>\n\n\n\n<p>As\u00ed, y en<strong>&nbsp;funci\u00f3n de los nuevos cuadros tarifarios para transporte y distribuci\u00f3n, y considerando consumos promedio residenciales de 260 kwh<\/strong>, el valor promedio de las facturas finales mensuales en AMBA tendr\u00e1 el siguiente incremento (seg\u00fan nivel de segmentaci\u00f3n):<\/p>\n\n\n\n<ul>\n<li>N1 pasar\u00e1 de $29.951 a $31.253<\/li>\n\n\n\n<li>N3 pasar\u00e1 de $16.544 a $17.228<\/li>\n\n\n\n<li>N2 pasar\u00e1 de $12.714 a $13.222<\/li>\n<\/ul>\n\n\n\n<p>Sobre la base del PEST aprobado para cada jurisdicci\u00f3n,<strong>&nbsp;las autoridades competentes locales&nbsp;<\/strong>definir\u00e1n los nuevos cuadros tarifarios con los valores de distribuci\u00f3n, seg\u00fan corresponda.<\/p>\n","protected":false},"excerpt":{"rendered":"<p>El Gobierno fij\u00f3 los nuevos valores a trav\u00e9s de una resoluci\u00f3n publicada en el Bolet\u00edn Oficial. La\u00a0Secretar\u00eda de Energ\u00eda\u00a0dio a conocer el nuevo cuadro tarifario para el servicio de electricidad\u00a0que tendr\u00e1 un\u00a0aumento en promedio de 4%\u00a0desde este mes. Lo hizo a trav\u00e9s de la\u00a0Resoluci\u00f3n 192\/2024 publicada este viernes en el\u00a0Bolet\u00edn Oficial. La norma establece el\u00a0Precio [&hellip;]<\/p>\n","protected":false},"author":5,"featured_media":413061,"comment_status":"open","ping_status":"open","sticky":false,"template":"","format":"standard","meta":{"_stopmodifiedupdate":false,"_modified_date":"","inline_featured_image":false,"spay_email":"","jetpack_publicize_message":""},"categories":[5],"tags":[],"jetpack_featured_media_url":"https:\/\/notinor.com\/jujuy\/wp-content\/uploads\/2024\/08\/LUZ.jpg","jetpack_publicize_connections":[],"_links":{"self":[{"href":"https:\/\/notinor.com\/jujuy\/wp-json\/wp\/v2\/posts\/413060"}],"collection":[{"href":"https:\/\/notinor.com\/jujuy\/wp-json\/wp\/v2\/posts"}],"about":[{"href":"https:\/\/notinor.com\/jujuy\/wp-json\/wp\/v2\/types\/post"}],"author":[{"embeddable":true,"href":"https:\/\/notinor.com\/jujuy\/wp-json\/wp\/v2\/users\/5"}],"replies":[{"embeddable":true,"href":"https:\/\/notinor.com\/jujuy\/wp-json\/wp\/v2\/comments?post=413060"}],"version-history":[{"count":1,"href":"https:\/\/notinor.com\/jujuy\/wp-json\/wp\/v2\/posts\/413060\/revisions"}],"predecessor-version":[{"id":413062,"href":"https:\/\/notinor.com\/jujuy\/wp-json\/wp\/v2\/posts\/413060\/revisions\/413062"}],"wp:featuredmedia":[{"embeddable":true,"href":"https:\/\/notinor.com\/jujuy\/wp-json\/wp\/v2\/media\/413061"}],"wp:attachment":[{"href":"https:\/\/notinor.com\/jujuy\/wp-json\/wp\/v2\/media?parent=413060"}],"wp:term":[{"taxonomy":"category","embeddable":true,"href":"https:\/\/notinor.com\/jujuy\/wp-json\/wp\/v2\/categories?post=413060"},{"taxonomy":"post_tag","embeddable":true,"href":"https:\/\/notinor.com\/jujuy\/wp-json\/wp\/v2\/tags?post=413060"}],"curies":[{"name":"wp","href":"https:\/\/api.w.org\/{rel}","templated":true}]}}