{"id":413052,"date":"2024-08-02T12:04:09","date_gmt":"2024-08-02T15:04:09","guid":{"rendered":"https:\/\/notinor.com\/jujuy\/?p=413052"},"modified":"2024-08-02T12:04:11","modified_gmt":"2024-08-02T15:04:11","slug":"tragico-accidente-en-el-carmen-conductor-muere-al-chocar-contra-un-poste","status":"publish","type":"post","link":"https:\/\/notinor.com\/jujuy\/tragico-accidente-en-el-carmen-conductor-muere-al-chocar-contra-un-poste\/","title":{"rendered":"Tr\u00e1gico accidente en El Carmen: conductor muere al chocar contra un poste"},"content":{"rendered":"\n<p class=\"has-medium-font-size\"><strong><em>En la tarde de ayer, un fatal accidente ocurri\u00f3 en El Carmen, cerca del bu\u00f1uel\u00f3dromo, cuando Carlos Guari Colqui, al mando de un chevrolet corsa, perdi\u00f3 el control del veh\u00edculo y se estrell\u00f3 contra un poste de alumbrado p\u00fablico, el impacto fue tan violento que el conductor, quien viajaba solo y sin cintur\u00f3n de seguridad, sali\u00f3 despedido del auto.<\/em><\/strong><\/p>\n\n\n<div class=\"wp-block-image\">\n<figure class=\"aligncenter size-large\"><img decoding=\"async\" loading=\"lazy\" width=\"498\" height=\"480\" src=\"https:\/\/notinor.com\/jujuy\/wp-content\/uploads\/2024\/08\/ACCIDENTE-498x480.jpg\" alt=\"\" class=\"wp-image-413053\" srcset=\"https:\/\/notinor.com\/jujuy\/wp-content\/uploads\/2024\/08\/ACCIDENTE-498x480.jpg 498w, https:\/\/notinor.com\/jujuy\/wp-content\/uploads\/2024\/08\/ACCIDENTE-379x365.jpg 379w, https:\/\/notinor.com\/jujuy\/wp-content\/uploads\/2024\/08\/ACCIDENTE.jpg 501w\" sizes=\"(max-width: 498px) 100vw, 498px\" \/><\/figure><\/div>\n\n\n<p>Los servicios de emergencia se presentaron r\u00e1pidamente en el lugar y constataron la muerte de Guari Colqui, quien sufri\u00f3 un traumatismo craneoencef\u00e1lico grave y lesiones en el t\u00f3rax. Bomberos Voluntarios y la polic\u00eda cient\u00edfica llevaron a cabo las diligencias necesarias, incluyendo el levantamiento del cuerpo y la realizaci\u00f3n de peritajes en el sitio del siniestro.<\/p>\n\n\n\n<p>Seg\u00fan testigos, el veh\u00edculo se desplazaba a alta velocidad desde la zona de los diques y, al intentar reducir la velocidad al llegar al predio del bu\u00f1uel\u00f3dromo, el conductor perdi\u00f3 el control, culminando en el tr\u00e1gico accidente.<\/p>\n","protected":false},"excerpt":{"rendered":"<p>En la tarde de ayer, un fatal accidente ocurri\u00f3 en El Carmen, cerca del bu\u00f1uel\u00f3dromo, cuando Carlos Guari Colqui, al mando de un chevrolet corsa, perdi\u00f3 el control del veh\u00edculo y se estrell\u00f3 contra un poste de alumbrado p\u00fablico, el impacto fue tan violento que el conductor, quien viajaba solo y sin cintur\u00f3n de seguridad, [&hellip;]<\/p>\n","protected":false},"author":5,"featured_media":413053,"comment_status":"open","ping_status":"open","sticky":false,"template":"","format":"standard","meta":{"_stopmodifiedupdate":false,"_modified_date":"","inline_featured_image":false,"spay_email":"","jetpack_publicize_message":""},"categories":[3],"tags":[],"jetpack_featured_media_url":"https:\/\/notinor.com\/jujuy\/wp-content\/uploads\/2024\/08\/ACCIDENTE.jpg","jetpack_publicize_connections":[],"_links":{"self":[{"href":"https:\/\/notinor.com\/jujuy\/wp-json\/wp\/v2\/posts\/413052"}],"collection":[{"href":"https:\/\/notinor.com\/jujuy\/wp-json\/wp\/v2\/posts"}],"about":[{"href":"https:\/\/notinor.com\/jujuy\/wp-json\/wp\/v2\/types\/post"}],"author":[{"embeddable":true,"href":"https:\/\/notinor.com\/jujuy\/wp-json\/wp\/v2\/users\/5"}],"replies":[{"embeddable":true,"href":"https:\/\/notinor.com\/jujuy\/wp-json\/wp\/v2\/comments?post=413052"}],"version-history":[{"count":1,"href":"https:\/\/notinor.com\/jujuy\/wp-json\/wp\/v2\/posts\/413052\/revisions"}],"predecessor-version":[{"id":413054,"href":"https:\/\/notinor.com\/jujuy\/wp-json\/wp\/v2\/posts\/413052\/revisions\/413054"}],"wp:featuredmedia":[{"embeddable":true,"href":"https:\/\/notinor.com\/jujuy\/wp-json\/wp\/v2\/media\/413053"}],"wp:attachment":[{"href":"https:\/\/notinor.com\/jujuy\/wp-json\/wp\/v2\/media?parent=413052"}],"wp:term":[{"taxonomy":"category","embeddable":true,"href":"https:\/\/notinor.com\/jujuy\/wp-json\/wp\/v2\/categories?post=413052"},{"taxonomy":"post_tag","embeddable":true,"href":"https:\/\/notinor.com\/jujuy\/wp-json\/wp\/v2\/tags?post=413052"}],"curies":[{"name":"wp","href":"https:\/\/api.w.org\/{rel}","templated":true}]}}