{"id":413050,"date":"2024-08-02T11:51:41","date_gmt":"2024-08-02T14:51:41","guid":{"rendered":"https:\/\/notinor.com\/jujuy\/?p=413050"},"modified":"2024-08-02T14:00:43","modified_gmt":"2024-08-02T17:00:43","slug":"nuevo-aumento-en-la-tarifa-del-transporte-urbano-en-san-salvador-de-jujuy","status":"publish","type":"post","link":"https:\/\/notinor.com\/jujuy\/nuevo-aumento-en-la-tarifa-del-transporte-urbano-en-san-salvador-de-jujuy\/","title":{"rendered":"Nuevo Aumento en la Tarifa del Transporte Urbano en San Salvador de Jujuy"},"content":{"rendered":"\n<p class=\"has-medium-font-size\"><strong><em>A partir de hoy, el precio del boleto de colectivo en San Salvador de Jujuy asciende a $825,58, tras un incremento del 10%. Esta actualizaci\u00f3n tarifaria, autorizada mediante una ordenanza municipal, entro en vigencia desde las 8:30 de la ma\u00f1ana.<\/em><\/strong><\/p>\n\n\n<div class=\"wp-block-image\">\n<figure class=\"aligncenter size-full\"><img decoding=\"async\" loading=\"lazy\" width=\"800\" height=\"236\" src=\"https:\/\/notinor.com\/jujuy\/wp-content\/uploads\/2023\/04\/colectivos.jpg\" alt=\"\" class=\"wp-image-376605\" srcset=\"https:\/\/notinor.com\/jujuy\/wp-content\/uploads\/2023\/04\/colectivos.jpg 800w, https:\/\/notinor.com\/jujuy\/wp-content\/uploads\/2023\/04\/colectivos-660x195.jpg 660w, https:\/\/notinor.com\/jujuy\/wp-content\/uploads\/2023\/04\/colectivos-768x227.jpg 768w, https:\/\/notinor.com\/jujuy\/wp-content\/uploads\/2023\/04\/colectivos-750x221.jpg 750w\" sizes=\"(max-width: 800px) 100vw, 800px\" \/><figcaption class=\"wp-element-caption\">Aument\u00f3 el transporte p\u00fablico en Jujuy<\/figcaption><\/figure><\/div>\n\n\n<p>La Secretar\u00eda de Servicios P\u00fablicos de la Municipalidad inform\u00f3 que, adem\u00e1s del nuevo precio para el servicio urbano, los pasajes a otras localidades tambi\u00e9n sufrir\u00e1n ajustes:<\/p>\n\n\n\n<ul>\n<li>A Reyes: $825,58<\/li>\n\n\n\n<li>A Guerrero: $949,47<\/li>\n\n\n\n<li>A Termas de Reyes: $1.073,44<\/li>\n\n\n\n<li>A San Pablo de Reyes: $949,47<\/li>\n\n\n\n<li>A Yala: $1.073,44<\/li>\n\n\n\n<li>A Los Nogales: $1.197,07<\/li>\n\n\n\n<li>A Lozano: $1.197,07<\/li>\n\n\n\n<li>A Le\u00f3n: $1.320,57<\/li>\n<\/ul>\n\n\n\n<p>Este incremento es el sexto en lo que va del a\u00f1o, con subas registradas en enero, febrero, dos en marzo y junio, en el contexto de la emergencia en el transporte declarada en la ciudad.<\/p>\n","protected":false},"excerpt":{"rendered":"<p>A partir de hoy, el precio del boleto de colectivo en San Salvador de Jujuy asciende a $825,58, tras un incremento del 10%. Esta actualizaci\u00f3n tarifaria, autorizada mediante una ordenanza municipal, entro en vigencia desde las 8:30 de la ma\u00f1ana. La Secretar\u00eda de Servicios P\u00fablicos de la Municipalidad inform\u00f3 que, adem\u00e1s del nuevo precio para [&hellip;]<\/p>\n","protected":false},"author":5,"featured_media":376605,"comment_status":"open","ping_status":"open","sticky":false,"template":"","format":"standard","meta":{"_stopmodifiedupdate":false,"_modified_date":"","inline_featured_image":false,"spay_email":"","jetpack_publicize_message":""},"categories":[2],"tags":[],"jetpack_featured_media_url":"https:\/\/notinor.com\/jujuy\/wp-content\/uploads\/2023\/04\/colectivos.jpg","jetpack_publicize_connections":[],"_links":{"self":[{"href":"https:\/\/notinor.com\/jujuy\/wp-json\/wp\/v2\/posts\/413050"}],"collection":[{"href":"https:\/\/notinor.com\/jujuy\/wp-json\/wp\/v2\/posts"}],"about":[{"href":"https:\/\/notinor.com\/jujuy\/wp-json\/wp\/v2\/types\/post"}],"author":[{"embeddable":true,"href":"https:\/\/notinor.com\/jujuy\/wp-json\/wp\/v2\/users\/5"}],"replies":[{"embeddable":true,"href":"https:\/\/notinor.com\/jujuy\/wp-json\/wp\/v2\/comments?post=413050"}],"version-history":[{"count":3,"href":"https:\/\/notinor.com\/jujuy\/wp-json\/wp\/v2\/posts\/413050\/revisions"}],"predecessor-version":[{"id":413076,"href":"https:\/\/notinor.com\/jujuy\/wp-json\/wp\/v2\/posts\/413050\/revisions\/413076"}],"wp:featuredmedia":[{"embeddable":true,"href":"https:\/\/notinor.com\/jujuy\/wp-json\/wp\/v2\/media\/376605"}],"wp:attachment":[{"href":"https:\/\/notinor.com\/jujuy\/wp-json\/wp\/v2\/media?parent=413050"}],"wp:term":[{"taxonomy":"category","embeddable":true,"href":"https:\/\/notinor.com\/jujuy\/wp-json\/wp\/v2\/categories?post=413050"},{"taxonomy":"post_tag","embeddable":true,"href":"https:\/\/notinor.com\/jujuy\/wp-json\/wp\/v2\/tags?post=413050"}],"curies":[{"name":"wp","href":"https:\/\/api.w.org\/{rel}","templated":true}]}}