{"id":413006,"date":"2024-08-01T20:32:24","date_gmt":"2024-08-01T23:32:24","guid":{"rendered":"https:\/\/notinor.com\/jujuy\/?p=413006"},"modified":"2024-08-01T20:32:26","modified_gmt":"2024-08-01T23:32:26","slug":"la-boxeadora-que-no-paso-pruebas-de-genero-gano-en-46-segundos-y-hasta-milei-se-metio-en-la-polemica-en-los-juegos-olimpicos-2024","status":"publish","type":"post","link":"https:\/\/notinor.com\/jujuy\/la-boxeadora-que-no-paso-pruebas-de-genero-gano-en-46-segundos-y-hasta-milei-se-metio-en-la-polemica-en-los-juegos-olimpicos-2024\/","title":{"rendered":"La boxeadora que no pas\u00f3 pruebas de g\u00e9nero gan\u00f3 en 46 segundos y hasta Milei se meti\u00f3 en la pol\u00e9mica en los Juegos Ol\u00edmpicos 2024"},"content":{"rendered":"\n<p class=\"has-medium-font-size\"><strong><em>La argelina Imane Khelif hab\u00eda sido excluida del Mundial 2023 pero fue habilitada por el COI y gener\u00f3 pol\u00e9mica al vencer a la italiana Carini, que abandon\u00f3 y dijo: \"Nunca me hab\u00edan pegado tan fuerte\".<\/em><\/strong><\/p>\n\n\n\n<p><\/p>\n\n\n<div class=\"wp-block-image\">\n<figure class=\"aligncenter size-full\"><img decoding=\"async\" loading=\"lazy\" width=\"800\" height=\"450\" src=\"https:\/\/notinor.com\/jujuy\/wp-content\/uploads\/2024\/08\/imane-khelif.jpg\" alt=\"\" class=\"wp-image-413008\" srcset=\"https:\/\/notinor.com\/jujuy\/wp-content\/uploads\/2024\/08\/imane-khelif.jpg 800w, https:\/\/notinor.com\/jujuy\/wp-content\/uploads\/2024\/08\/imane-khelif-649x365.jpg 649w, https:\/\/notinor.com\/jujuy\/wp-content\/uploads\/2024\/08\/imane-khelif-500x280.jpg 500w, https:\/\/notinor.com\/jujuy\/wp-content\/uploads\/2024\/08\/imane-khelif-768x432.jpg 768w, https:\/\/notinor.com\/jujuy\/wp-content\/uploads\/2024\/08\/imane-khelif-750x422.jpg 750w\" sizes=\"(max-width: 800px) 100vw, 800px\" \/><\/figure><\/div>\n\n\n<p><\/p>\n\n\n\n<p>Imane Khelif fue la protagonista de la mayor pol\u00e9mica de los Juegos Ol\u00edmpicos Par\u00eds 2024 hasta el momento. La argelina, que fue habilitada por el COI para participar en el boxeo femenino pero no hab\u00eda podido terminar el Mundial 2023 por no pasar un test, gan\u00f3 su pelea en apenas 46 segundos ante la italiana Angela Carini, quien abandon\u00f3 y dijo: \"Nunca me hab\u00edan pegado tan fuerte\". Hasta Javier Milei, con un posteo en X, se hizo eco del tema.<\/p>\n\n\n\n<p>En el Mundial 2023 de boxeo, Imane Khelif no hab\u00eda logrado pasar un test realizado por la IBA, que no especific\u00f3 qu\u00e9 resultados dio pero s\u00ed que determinaba que podr\u00eda tener ventajas sobre las dem\u00e1s competidoras. Sin embargo, el COI le permiti\u00f3 participar en el boxeo femenino, y en su primera pelea, por los octavos de final de la categor\u00eda 66kg de los Juegos Ol\u00edmpicos, estall\u00f3 la pol\u00e9mica.<\/p>\n\n\n\n<p>En apenas 46 segundos y tras una serie de golpes dur\u00edsimos, la italiana Carini decidi\u00f3 abandonar el ring y, si bien se qued\u00f3 hasta que declararon ganadora a Khelif, luego no la salud\u00f3 y se retir\u00f3 visiblemente molesta. \"Nunca me hab\u00edan pegado tan fuerte\", dijo luego en conferencia de prensa, con la nariz rota.<\/p>\n\n\n\n<p>Si bien hay quienes plantearon dudas sobre el g\u00e9nero original de Khelif, lo cierto es que es mujer de nacimiento y, por lo tanto, cumple l\u00f3gicamente con todos los requisitos de elegibilidad para el boxeo femenino. No existe ninguna prueba de que se trate de una mujer trans.<\/p>\n\n\n\n<p><\/p>\n\n\n<div class=\"wp-block-image\">\n<figure class=\"aligncenter size-large\"><img decoding=\"async\" loading=\"lazy\" width=\"690\" height=\"480\" src=\"https:\/\/notinor.com\/jujuy\/wp-content\/uploads\/2024\/08\/imane-khelif-2-690x480.webp\" alt=\"\" class=\"wp-image-413007\" srcset=\"https:\/\/notinor.com\/jujuy\/wp-content\/uploads\/2024\/08\/imane-khelif-2-690x480.webp 690w, https:\/\/notinor.com\/jujuy\/wp-content\/uploads\/2024\/08\/imane-khelif-2-524x365.webp 524w, https:\/\/notinor.com\/jujuy\/wp-content\/uploads\/2024\/08\/imane-khelif-2-768x535.webp 768w, https:\/\/notinor.com\/jujuy\/wp-content\/uploads\/2024\/08\/imane-khelif-2-750x522.webp 750w, https:\/\/notinor.com\/jujuy\/wp-content\/uploads\/2024\/08\/imane-khelif-2.webp 862w\" sizes=\"(max-width: 690px) 100vw, 690px\" \/><\/figure><\/div>\n\n\n<p><\/p>\n\n\n\n<p>En su momento, cuando la Asociaci\u00f3n Internacional de Boxeo no la dej\u00f3 disputar la final del Mundial a la que se hab\u00eda clasificado, el presidente de la IBA explic\u00f3: \"Probaron que tiene cromosomas XY (los del g\u00e9nero masculino) y por eso fue excluida\".<\/p>\n\n\n\n<p class=\"has-medium-font-size\"><strong>Milei se meti\u00f3 en la pol\u00e9mica del boxeo femenino en los Juegos Ol\u00edmpicos<\/strong><\/p>\n\n\n\n<p>Con la cita a un tuit donde se dice err\u00f3neamente que Imane Khelif es \"un tipo\", Javier Milei aprovech\u00f3 la oportunidad para dejar sentada su postura respecto al tema. El presidente de Argentina escribi\u00f3 en su cuenta de X:<\/p>\n\n\n\n<p><em>\"A ver boluprogres. Vengan a explicar esto...<\/em><\/p>\n\n\n\n<p><em>Cuando se les marca las estupideces con argumentos responden poniendo todo tipo de etiquetas que buscan cancelar el argumento que los rebate.<\/em><\/p>\n\n\n\n<p><em>Despu\u00e9s aparece la realidad que los expone frente a su imbecilidad...<\/em><\/p>\n\n\n\n<p><em>Si segu\u00eda la mataba...\"<\/em><\/p>\n\n\n\n<p><\/p>\n\n\n\n<blockquote class=\"twitter-tweet\"><p lang=\"es\" dir=\"ltr\">A ver boluprogres. Vengan a explicar esto...<br>Cuando se les marca las estupideces con argumentos responden poniendo todo tipo de etiquetas que buscan cancelar el argumento que los rebate.<br>Despu\u00e9s aparece la realidad que los expone frente a su imbecilidad...<br>Si segu\u00eda la mataba... <a href=\"https:\/\/t.co\/Jlq718QtfV\">https:\/\/t.co\/Jlq718QtfV<\/a><\/p>&mdash; Javier Milei (@JMilei) <a href=\"https:\/\/twitter.com\/JMilei\/status\/1818984532319568182?ref_src=twsrc%5Etfw\">August 1, 2024<\/a><\/blockquote> <script async src=\"https:\/\/platform.twitter.com\/widgets.js\" charset=\"utf-8\"><\/script>\n\n\n\n<p><\/p>\n\n\n\n<p class=\"has-medium-font-size\"><strong>Maravilla Mart\u00ednez estall\u00f3 contra el COI por la pol\u00e9mica de Imane Khelif<\/strong><\/p>\n\n\n\n<p>Otro que se subi\u00f3 a la pol\u00e9mica fue Sergio Maravilla Mart\u00ednez. El excampe\u00f3n mundial de peso mediano y superw\u00e9lter tambi\u00e9n incurri\u00f3 en un error, como Milei, al citar un posteo en el que dec\u00edan que Khelif era una boxeadora transexual y al que acompa\u00f1\u00f3 con un texto en el que termin\u00f3 por culpar al Comit\u00e9 Ol\u00edmpico Internacional por el permiso a la argelina.<\/p>\n\n\n\n<p>Esto escribi\u00f3 Maravilla Mart\u00ednez en su cuenta de X: <em>\"La estupidez e incompetencia humana carece de todo l\u00edmite.Parece que millones de a\u00f1os de evoluci\u00f3n de nada sirven si dudamos que debemos ir al ginec\u00f3logo o al andr\u00f3logo y nada+. Parece que tenemos que perder vidas de mujeres para reparar algo que ya no tiene arreglo. COI inutiles\".<\/em>\u00a0<\/p>\n\n\n\n<p><\/p>\n\n\n\n<blockquote class=\"twitter-tweet\"><p lang=\"es\" dir=\"ltr\">La estupidez e incompetencia humana carece de todo l\u00edmite.Parece que millones de a\u00f1os de evoluci\u00f3n de nada sirven si dudamos que debemos ir al ginec\u00f3logo o al andr\u00f3logo y nada+. Parece que tenemos que perder vidas de mujeres para reparar algo que ya no tiene arreglo. COI inutiles <a href=\"https:\/\/t.co\/Ciynuujc7N\">https:\/\/t.co\/Ciynuujc7N<\/a><\/p>&mdash; Sergio Mart\u00ednez (@maravillabox) <a href=\"https:\/\/twitter.com\/maravillabox\/status\/1819020290820645209?ref_src=twsrc%5Etfw\">August 1, 2024<\/a><\/blockquote> <script async src=\"https:\/\/platform.twitter.com\/widgets.js\" charset=\"utf-8\"><\/script>\n","protected":false},"excerpt":{"rendered":"<p>La argelina Imane Khelif hab\u00eda sido excluida del Mundial 2023 pero fue habilitada por el COI y gener\u00f3 pol\u00e9mica al vencer a la italiana Carini, que abandon\u00f3 y dijo: \"Nunca me hab\u00edan pegado tan fuerte\". Imane Khelif fue la protagonista de la mayor pol\u00e9mica de los Juegos Ol\u00edmpicos Par\u00eds 2024 hasta el momento. La argelina, [&hellip;]<\/p>\n","protected":false},"author":49,"featured_media":413008,"comment_status":"open","ping_status":"open","sticky":false,"template":"","format":"standard","meta":{"_stopmodifiedupdate":false,"_modified_date":"","inline_featured_image":false,"spay_email":"","jetpack_publicize_message":""},"categories":[7],"tags":[],"jetpack_featured_media_url":"https:\/\/notinor.com\/jujuy\/wp-content\/uploads\/2024\/08\/imane-khelif.jpg","jetpack_publicize_connections":[],"_links":{"self":[{"href":"https:\/\/notinor.com\/jujuy\/wp-json\/wp\/v2\/posts\/413006"}],"collection":[{"href":"https:\/\/notinor.com\/jujuy\/wp-json\/wp\/v2\/posts"}],"about":[{"href":"https:\/\/notinor.com\/jujuy\/wp-json\/wp\/v2\/types\/post"}],"author":[{"embeddable":true,"href":"https:\/\/notinor.com\/jujuy\/wp-json\/wp\/v2\/users\/49"}],"replies":[{"embeddable":true,"href":"https:\/\/notinor.com\/jujuy\/wp-json\/wp\/v2\/comments?post=413006"}],"version-history":[{"count":1,"href":"https:\/\/notinor.com\/jujuy\/wp-json\/wp\/v2\/posts\/413006\/revisions"}],"predecessor-version":[{"id":413009,"href":"https:\/\/notinor.com\/jujuy\/wp-json\/wp\/v2\/posts\/413006\/revisions\/413009"}],"wp:featuredmedia":[{"embeddable":true,"href":"https:\/\/notinor.com\/jujuy\/wp-json\/wp\/v2\/media\/413008"}],"wp:attachment":[{"href":"https:\/\/notinor.com\/jujuy\/wp-json\/wp\/v2\/media?parent=413006"}],"wp:term":[{"taxonomy":"category","embeddable":true,"href":"https:\/\/notinor.com\/jujuy\/wp-json\/wp\/v2\/categories?post=413006"},{"taxonomy":"post_tag","embeddable":true,"href":"https:\/\/notinor.com\/jujuy\/wp-json\/wp\/v2\/tags?post=413006"}],"curies":[{"name":"wp","href":"https:\/\/api.w.org\/{rel}","templated":true}]}}