{"id":413003,"date":"2024-08-01T19:39:44","date_gmt":"2024-08-01T22:39:44","guid":{"rendered":"https:\/\/notinor.com\/jujuy\/?p=413003"},"modified":"2024-08-01T19:39:45","modified_gmt":"2024-08-01T22:39:45","slug":"el-intendente-jorge-encabezo-la-ceremonia-de-la-pachamama","status":"publish","type":"post","link":"https:\/\/notinor.com\/jujuy\/el-intendente-jorge-encabezo-la-ceremonia-de-la-pachamama\/","title":{"rendered":"El intendente Jorge encabez\u00f3 la ceremonia de la Pachamama"},"content":{"rendered":"\n<p class=\"has-medium-font-size\"><strong><em>El intendente de nuestra ciudad, Ra\u00fal \u201cChuli\u201d Jorge, encabez\u00f3 el ancestral ritual que desde hace seis a\u00f1os se realiza en Parque Xibi Xibi, a orillas del r\u00edo en adyacencias a la escultura que evoca a Las Lavanderas.<\/em><\/strong><\/p>\n\n\n\n<p><\/p>\n\n\n<div class=\"wp-block-image\">\n<figure class=\"aligncenter size-full\"><img decoding=\"async\" loading=\"lazy\" width=\"800\" height=\"450\" src=\"https:\/\/notinor.com\/jujuy\/wp-content\/uploads\/2024\/08\/pachamama-chuli-jorge.jpg\" alt=\"\" class=\"wp-image-413004\" srcset=\"https:\/\/notinor.com\/jujuy\/wp-content\/uploads\/2024\/08\/pachamama-chuli-jorge.jpg 800w, https:\/\/notinor.com\/jujuy\/wp-content\/uploads\/2024\/08\/pachamama-chuli-jorge-649x365.jpg 649w, https:\/\/notinor.com\/jujuy\/wp-content\/uploads\/2024\/08\/pachamama-chuli-jorge-500x280.jpg 500w, https:\/\/notinor.com\/jujuy\/wp-content\/uploads\/2024\/08\/pachamama-chuli-jorge-768x432.jpg 768w, https:\/\/notinor.com\/jujuy\/wp-content\/uploads\/2024\/08\/pachamama-chuli-jorge-750x422.jpg 750w\" sizes=\"(max-width: 800px) 100vw, 800px\" \/><\/figure><\/div>\n\n\n<p><\/p>\n\n\n\n<p>Al respecto, el intendente Jorge coment\u00f3, <strong>\u201cpara nosotros es tomar cuestiones que tienen que ver con parte de nuestros or\u00edgenes y nuestros ancestros; una modalidad que tiene que ver con c\u00f3mo se ha adaptado el pueblo de Jujuy, que tiene diversas vertientes pero que respeta y cree en las fuerzas de la tierra, la fuerza de la Pacha, <\/strong>para que nos elevemos con el anhelo permanente de que tengamos la mejor de las voluntades de construir una mejor sociedad, m\u00e1s justa, m\u00e1s soberana, con m\u00e1s fuerzas para trabajar en los temas comunes y dejar de lado muchas cuestiones que generan las diferencias en la pol\u00edtica y las opiniones; as\u00ed que es muy lindo ver que cada vez se acerca m\u00e1s gente a este y otros lugares de la provincia de Jujuy a celebrar a la Pachamama\u201d.<\/p>\n\n\n\n<p>Como la fecha coincide con el aniversario de la inauguraci\u00f3n del emblem\u00e1tico parque que ha puesto a nuestra capital a la vanguardia urban\u00edstica, el intendente Jorge a\u00f1adi\u00f3, <strong>\u201cel Parque Xibi Xibi cumple a\u00f1os un d\u00eda antes, es el pr\u00f3logo de la celebraci\u00f3n de la \u00a0Pachamama y por eso tambi\u00e9n, a \u00a0partir de su inauguraci\u00f3n, concebimos y tomamos un lugar emblem\u00e1tico donde ya ven\u00eda una comisi\u00f3n vecinal trabajando y haciendo la ceremonia en esta parte del r\u00edo\u201d.<\/strong><\/p>\n\n\n\n<p>A su turno, el presidente del Concejo Deliberante de San Salvador de Jujuy, Lisandro Aguiar, expres\u00f3, <strong>\u201cvinimos a agradecer a la Pachita por todo lo que nos ha dado durante este a\u00f1o, un ciclo que ha terminado y que comienza en este mes de agosto; a pedirle por un futuro mejor para todos los argentinos, los juje\u00f1os y los capitalinos, b\u00e1sicamente haciendo el rito de la Pachamama a orillas del Xibi Xibi, <\/strong>este hermoso espacio que tenemos todos los juje\u00f1os, y participando de esta cultura tan cara a los sentimientos de todos los juje\u00f1os, pensando y pidiendo por un gran a\u00f1o que est\u00e1 inici\u00e1ndose\u201d.<\/p>\n\n\n\n<p>En tanto, el secretario de Cultura y Turismo municipal, Luciano C\u00f3rdoba, complement\u00f3, \u201ces un a\u00f1o m\u00e1s de una tradici\u00f3n de la ciudad que naci\u00f3 hace seis a\u00f1os con la inauguraci\u00f3n del parque y por pedido por un grupo de copleras y vecinos que contin\u00faan con la costumbre ancestral y el refuerzo de lo que es nuestra cultura, que es honrar y homenajear a la Pachamama\u201d, y defini\u00f3,<strong> \u201ces un momento de reflexi\u00f3n, de agradecimiento, propicio para renovar los pedidos para que la Madre Tierra nos permita seguir en la buena senda, trabajando a favor de la comunidad, particularmente nosotros trabajando junto a artistas y actores del sector privado con los que interactuamos a trav\u00e9s de la Secretar\u00eda de Cultura y Turismo\u201d.<\/strong><\/p>\n\n\n\n<p>Anticipando la agenda cultural que comienza en este mes, C\u00f3rdoba adelant\u00f3, <strong>\u201cdurante agosto la agenda va a estar nutrida y tiene mucho que ver con nuestra cultura. \u00a0Este fin de semana comienza con el concurso de los Pre-Hornitos que tendr\u00e1 dos sedes, una en el Multiespacio Mariano Moreno y la otra en el Multiespacio El Alto;<\/strong> ser\u00e1 la primera edici\u00f3n de este concurso cuyos ganadores ser\u00e1n parte de la grilla oficial del festival de Los Hornitos que ser\u00e1 el fin de semana del 22, 23 y 24 de agosto; este nuevo festival nos permitir\u00e1 promover a j\u00f3venes de la m\u00fasica, la tradici\u00f3n y de nuestra cultura\u201d.<\/p>\n","protected":false},"excerpt":{"rendered":"<p>El intendente de nuestra ciudad, Ra\u00fal \u201cChuli\u201d Jorge, encabez\u00f3 el ancestral ritual que desde hace seis a\u00f1os se realiza en Parque Xibi Xibi, a orillas del r\u00edo en adyacencias a la escultura que evoca a Las Lavanderas. Al respecto, el intendente Jorge coment\u00f3, \u201cpara nosotros es tomar cuestiones que tienen que ver con parte de [&hellip;]<\/p>\n","protected":false},"author":49,"featured_media":413004,"comment_status":"open","ping_status":"open","sticky":false,"template":"","format":"standard","meta":{"_stopmodifiedupdate":false,"_modified_date":"","inline_featured_image":false,"spay_email":"","jetpack_publicize_message":""},"categories":[2,514],"tags":[],"jetpack_featured_media_url":"https:\/\/notinor.com\/jujuy\/wp-content\/uploads\/2024\/08\/pachamama-chuli-jorge.jpg","jetpack_publicize_connections":[],"_links":{"self":[{"href":"https:\/\/notinor.com\/jujuy\/wp-json\/wp\/v2\/posts\/413003"}],"collection":[{"href":"https:\/\/notinor.com\/jujuy\/wp-json\/wp\/v2\/posts"}],"about":[{"href":"https:\/\/notinor.com\/jujuy\/wp-json\/wp\/v2\/types\/post"}],"author":[{"embeddable":true,"href":"https:\/\/notinor.com\/jujuy\/wp-json\/wp\/v2\/users\/49"}],"replies":[{"embeddable":true,"href":"https:\/\/notinor.com\/jujuy\/wp-json\/wp\/v2\/comments?post=413003"}],"version-history":[{"count":1,"href":"https:\/\/notinor.com\/jujuy\/wp-json\/wp\/v2\/posts\/413003\/revisions"}],"predecessor-version":[{"id":413005,"href":"https:\/\/notinor.com\/jujuy\/wp-json\/wp\/v2\/posts\/413003\/revisions\/413005"}],"wp:featuredmedia":[{"embeddable":true,"href":"https:\/\/notinor.com\/jujuy\/wp-json\/wp\/v2\/media\/413004"}],"wp:attachment":[{"href":"https:\/\/notinor.com\/jujuy\/wp-json\/wp\/v2\/media?parent=413003"}],"wp:term":[{"taxonomy":"category","embeddable":true,"href":"https:\/\/notinor.com\/jujuy\/wp-json\/wp\/v2\/categories?post=413003"},{"taxonomy":"post_tag","embeddable":true,"href":"https:\/\/notinor.com\/jujuy\/wp-json\/wp\/v2\/tags?post=413003"}],"curies":[{"name":"wp","href":"https:\/\/api.w.org\/{rel}","templated":true}]}}