{"id":412999,"date":"2024-08-01T19:10:57","date_gmt":"2024-08-01T22:10:57","guid":{"rendered":"https:\/\/notinor.com\/jujuy\/?p=412999"},"modified":"2024-08-01T19:10:58","modified_gmt":"2024-08-01T22:10:58","slug":"los-diplomaticos-argentinos-dejaron-venezuela-tras-un-operativo-que-conto-con-apoyo-de-brasil-mexico-e-italia","status":"publish","type":"post","link":"https:\/\/notinor.com\/jujuy\/los-diplomaticos-argentinos-dejaron-venezuela-tras-un-operativo-que-conto-con-apoyo-de-brasil-mexico-e-italia\/","title":{"rendered":"Los diplom\u00e1ticos argentinos dejaron Venezuela, tras un operativo que cont\u00f3 con apoyo de Brasil, M\u00e9xico e Italia"},"content":{"rendered":"\n<p class=\"has-medium-font-size\"><strong><em>La delegaci\u00f3n de 14 personas despeg\u00f3 desde Caracas con destino a Portugal. Hubo un tenso operativo y la escolta con personal de esos pa\u00edses. La Canciller\u00eda critic\u00f3 la expulsi\u00f3n que orden\u00f3 el r\u00e9gimen chavista y ratific\u00f3 que Argentina rechaza \u201cel fraudulento resultado de la elecci\u00f3n\u201d.<\/em><\/strong><\/p>\n\n\n\n<p><\/p>\n\n\n<div class=\"wp-block-image\">\n<figure class=\"aligncenter size-full\"><img decoding=\"async\" loading=\"lazy\" width=\"800\" height=\"450\" src=\"https:\/\/notinor.com\/jujuy\/wp-content\/uploads\/2024\/08\/embajada-argentina-con-bandera-de-brasil.jpg\" alt=\"\" class=\"wp-image-413000\" srcset=\"https:\/\/notinor.com\/jujuy\/wp-content\/uploads\/2024\/08\/embajada-argentina-con-bandera-de-brasil.jpg 800w, https:\/\/notinor.com\/jujuy\/wp-content\/uploads\/2024\/08\/embajada-argentina-con-bandera-de-brasil-649x365.jpg 649w, https:\/\/notinor.com\/jujuy\/wp-content\/uploads\/2024\/08\/embajada-argentina-con-bandera-de-brasil-500x280.jpg 500w, https:\/\/notinor.com\/jujuy\/wp-content\/uploads\/2024\/08\/embajada-argentina-con-bandera-de-brasil-768x432.jpg 768w, https:\/\/notinor.com\/jujuy\/wp-content\/uploads\/2024\/08\/embajada-argentina-con-bandera-de-brasil-750x422.jpg 750w\" sizes=\"(max-width: 800px) 100vw, 800px\" \/><figcaption class=\"wp-element-caption\">El encargado de Negocios por Argentina en Caracas, Andr\u00e9s Mangiarotti, al colocar la bandera de Brasil en la sede diplom\u00e1tica<\/figcaption><\/figure><\/div>\n\n\n<p><\/p>\n\n\n\n<p><strong>Los cinco diplom\u00e1ticos argentinos y sus familias, un contingente en total de 14 personas, despegaron esta tarde del Aeropuerto Internacional de Maiquet\u00eda Sim\u00f3n Bol\u00edvar con destino a Portugal, tras un operativo que cont\u00f3 con el apoyo de Brasil, M\u00e9xico e Italia, debido a la orden de expulsi\u00f3n del pa\u00eds que emiti\u00f3 la dictadura de Nicol\u00e1s Maduro<\/strong> tras la decisi\u00f3n del presidente Javier Milei de desconocer su triunfo en las elecciones fraudulentas del domingo.<\/p>\n\n\n\n<p>Encabezados por el Encargado de Negocios en Caracas, Andr\u00e9s Mangiarotti, la decena y media de pasajeros abordaron un avi\u00f3n comercial que tiene por destino final Lisboa. <strong>Desde all\u00ed, todos regresar\u00e1n, tras una escala en Madrid, a Ezeiza, donde ser\u00e1n recibidos la madrugada del s\u00e1bado por la ministra de Relaciones Exteriores, Diana Mondino, y el vicecanciller Leopoldo Sahores.<\/strong><\/p>\n\n\n\n<p><strong>Esta ma\u00f1ana, a las 9, el embajador Mangiarotti coloc\u00f3 la bandera de Brasil en la residencia del embajador, pa\u00eds que se hizo cargo de la representaci\u00f3n de los intereses nacionales y, sobre todo, tendr\u00e1 bajo su protecci\u00f3n a los seis militantes de la agrupaci\u00f3n de la l\u00edder opositora Mar\u00eda Corina Machado,<\/strong> que estaban en condici\u00f3n de asilados y que la dictadura de Maduro nunca acept\u00f3 brindar un salvoconducto para que puedan salir de all\u00ed para abandonar el pa\u00eds.<\/p>\n\n\n\n<p><strong>Los diplom\u00e1ticos argentinos y sus familias despegaron de Maiquet\u00eda despu\u00e9s de un operativo que incluy\u00f3, por la ma\u00f1ana, el traspaso y el izamiento de la bandera de Brasil en la residencia del embajador y en la Embajada de Argentina y el traslado hacia el aeropuerto internacional desde donde iban a partir a la capital portuguesa. <\/strong>En el final del trayecto, de acuerdo con informaci\u00f3n a la que accedi\u00f3 Infobae, los escoltaron personal de las embajadas de Brasil, M\u00e9xico e Italia, para garantizar la seguridad del contingente.<\/p>\n\n\n\n<p><strong>\u201cLos escoltaron veh\u00edculos de Brasil, M\u00e9xico e Italia hasta que pudieron abordar sin problemas el avi\u00f3n\u201d, <\/strong>explicaron las fuentes. Minutos despu\u00e9s de las 16.30, el vuelo de la l\u00ednea a\u00e9rea de Portugal despeg\u00f3 para iniciar un extenso periplo, que culminar\u00e1 con el aterrizaje, la madrugada del s\u00e1bado, en Buenos Aires.<\/p>\n\n\n\n<p>En un comunicado oficial, el Ministerio de Relaciones Exteriores inform\u00f3 que <strong>\u201cel personal diplom\u00e1tico, agregados militares y agregado administrativo que prestaban funciones en la Embajada Argentina en Venezuela abandonaron dicho pa\u00eds junto a sus familias\u201d.<\/strong><\/p>\n\n\n\n<p><strong>\u201cSu partida fue ordenada por el Presidente Nicol\u00e1s Maduro como consecuencia del desconocimiento y rechazo de nuestro pa\u00eds del fraudulento resultado de la elecci\u00f3n presidencial ocurrida el pasado 28 de julio. <\/strong>Han sido d\u00edas y meses muy desafiantes para el personal de la Embajada, en los que han dado muestras incuestionables de su profesionalidad, su calidad humana y su sentido del deber, tanto en la protecci\u00f3n de los intereses de la Naci\u00f3n Argentina como as\u00ed tambi\u00e9n de la vida y la libertad de los seis asilados pol\u00edticos refugiados durante m\u00e1s de cuatro meses en la Embajada\u201d, se indic\u00f3.<\/p>\n\n\n\n<p><\/p>\n\n\n<div class=\"wp-block-image\">\n<figure class=\"aligncenter size-full\"><img decoding=\"async\" loading=\"lazy\" width=\"800\" height=\"450\" src=\"https:\/\/notinor.com\/jujuy\/wp-content\/uploads\/2024\/08\/asilados.jpg\" alt=\"\" class=\"wp-image-413001\" srcset=\"https:\/\/notinor.com\/jujuy\/wp-content\/uploads\/2024\/08\/asilados.jpg 800w, https:\/\/notinor.com\/jujuy\/wp-content\/uploads\/2024\/08\/asilados-649x365.jpg 649w, https:\/\/notinor.com\/jujuy\/wp-content\/uploads\/2024\/08\/asilados-500x280.jpg 500w, https:\/\/notinor.com\/jujuy\/wp-content\/uploads\/2024\/08\/asilados-768x432.jpg 768w, https:\/\/notinor.com\/jujuy\/wp-content\/uploads\/2024\/08\/asilados-750x422.jpg 750w\" sizes=\"(max-width: 800px) 100vw, 800px\" \/><figcaption class=\"wp-element-caption\">Los asilados que quedaron en la Embajada argentina, bajo protecci\u00f3n de Brasil<\/figcaption><\/figure><\/div>\n\n\n<p><\/p>\n\n\n\n<p>Y por \u00faltimo, la Canciller\u00eda expres\u00f3 <strong>\u201csu m\u00e1s profunda gratitud y reconocimiento al personal diplom\u00e1tico, militar y administrativo de la Embajada Argentina en Venezuela, y hace votos para que muy pronto pueda retornar a cumplir sus funciones en una Venezuela libre y democr\u00e1tica\u201d.<\/strong><\/p>\n\n\n\n<p class=\"has-medium-font-size\"><strong>Cr\u00edticas y expulsi\u00f3n de Venezuela<\/strong><\/p>\n\n\n\n<p>Los diplom\u00e1ticos tuvieron que dejar el pa\u00eds porque el r\u00e9gimen dispuso la expulsi\u00f3n de todo el personal, lo que precipit\u00f3 una ruptura de las relaciones diplom\u00e1ticas. <strong>\u201cEn virtud de las injerencistas acciones y declaraciones de su gobierno de desconocer los resultados electorales de los comicios presidenciales efectuados el domingo (...) ha decidido solicitar el retiro de nuestro pa\u00eds de los funcionarios diplom\u00e1ticos y consulares argentinos en el plazo m\u00e1ximo de 72 horas a partir de la presente fecha\u201d, <\/strong>estableci\u00f3 la carta que entreg\u00f3 el r\u00e9gimen de Maduro.<\/p>\n","protected":false},"excerpt":{"rendered":"<p>La delegaci\u00f3n de 14 personas despeg\u00f3 desde Caracas con destino a Portugal. Hubo un tenso operativo y la escolta con personal de esos pa\u00edses. La Canciller\u00eda critic\u00f3 la expulsi\u00f3n que orden\u00f3 el r\u00e9gimen chavista y ratific\u00f3 que Argentina rechaza \u201cel fraudulento resultado de la elecci\u00f3n\u201d. Los cinco diplom\u00e1ticos argentinos y sus familias, un contingente en [&hellip;]<\/p>\n","protected":false},"author":49,"featured_media":413000,"comment_status":"open","ping_status":"open","sticky":false,"template":"","format":"standard","meta":{"_stopmodifiedupdate":false,"_modified_date":"","inline_featured_image":false,"spay_email":"","jetpack_publicize_message":""},"categories":[2,501],"tags":[],"jetpack_featured_media_url":"https:\/\/notinor.com\/jujuy\/wp-content\/uploads\/2024\/08\/embajada-argentina-con-bandera-de-brasil.jpg","jetpack_publicize_connections":[],"_links":{"self":[{"href":"https:\/\/notinor.com\/jujuy\/wp-json\/wp\/v2\/posts\/412999"}],"collection":[{"href":"https:\/\/notinor.com\/jujuy\/wp-json\/wp\/v2\/posts"}],"about":[{"href":"https:\/\/notinor.com\/jujuy\/wp-json\/wp\/v2\/types\/post"}],"author":[{"embeddable":true,"href":"https:\/\/notinor.com\/jujuy\/wp-json\/wp\/v2\/users\/49"}],"replies":[{"embeddable":true,"href":"https:\/\/notinor.com\/jujuy\/wp-json\/wp\/v2\/comments?post=412999"}],"version-history":[{"count":1,"href":"https:\/\/notinor.com\/jujuy\/wp-json\/wp\/v2\/posts\/412999\/revisions"}],"predecessor-version":[{"id":413002,"href":"https:\/\/notinor.com\/jujuy\/wp-json\/wp\/v2\/posts\/412999\/revisions\/413002"}],"wp:featuredmedia":[{"embeddable":true,"href":"https:\/\/notinor.com\/jujuy\/wp-json\/wp\/v2\/media\/413000"}],"wp:attachment":[{"href":"https:\/\/notinor.com\/jujuy\/wp-json\/wp\/v2\/media?parent=412999"}],"wp:term":[{"taxonomy":"category","embeddable":true,"href":"https:\/\/notinor.com\/jujuy\/wp-json\/wp\/v2\/categories?post=412999"},{"taxonomy":"post_tag","embeddable":true,"href":"https:\/\/notinor.com\/jujuy\/wp-json\/wp\/v2\/tags?post=412999"}],"curies":[{"name":"wp","href":"https:\/\/api.w.org\/{rel}","templated":true}]}}