{"id":412990,"date":"2024-08-01T14:45:56","date_gmt":"2024-08-01T17:45:56","guid":{"rendered":"https:\/\/notinor.com\/jujuy\/?p=412990"},"modified":"2024-08-01T14:45:58","modified_gmt":"2024-08-01T17:45:58","slug":"sadir-y-otros-gobernadores-de-jxc-le-plantearon-francos-un-sistema-de-compensacion-de-las-deudas-con-las-provincias","status":"publish","type":"post","link":"https:\/\/notinor.com\/jujuy\/sadir-y-otros-gobernadores-de-jxc-le-plantearon-francos-un-sistema-de-compensacion-de-las-deudas-con-las-provincias\/","title":{"rendered":"Sadir y otros gobernadores de JXC le plantearon Francos un sistema de \u201ccompensaci\u00f3n\u201d de las deudas con las provincias"},"content":{"rendered":"\n<p class=\"has-medium-font-size\"><em><strong>Tambi\u00e9n le pidieron reactivar obras p\u00fablicas<\/strong>.<\/em><\/p>\n\n\n<div class=\"wp-block-image\">\n<figure class=\"aligncenter size-large\"><img decoding=\"async\" loading=\"lazy\" width=\"713\" height=\"480\" src=\"https:\/\/notinor.com\/jujuy\/wp-content\/uploads\/2024\/08\/image-2-713x480.png\" alt=\"\" class=\"wp-image-412991\" srcset=\"https:\/\/notinor.com\/jujuy\/wp-content\/uploads\/2024\/08\/image-2-713x480.png 713w, https:\/\/notinor.com\/jujuy\/wp-content\/uploads\/2024\/08\/image-2-542x365.png 542w, https:\/\/notinor.com\/jujuy\/wp-content\/uploads\/2024\/08\/image-2-768x517.png 768w, https:\/\/notinor.com\/jujuy\/wp-content\/uploads\/2024\/08\/image-2-750x505.png 750w, https:\/\/notinor.com\/jujuy\/wp-content\/uploads\/2024\/08\/image-2.png 878w\" sizes=\"(max-width: 713px) 100vw, 713px\" \/><\/figure><\/div>\n\n\n<p><\/p>\n\n\n\n<p>El jefe de Gabinete, <strong>Guillermo Francos<\/strong>, y el vicejefe de Gabinete del Interior, <strong>Lisandro Catal\u00e1n<\/strong>, <strong>recibieron en Casa Rosada a los gobernadores<\/strong> de Jujuy, <strong>Carlos Sadir<\/strong>; Chaco, <strong>Leandro Zdero<\/strong>; Chubut, <strong>Ignacio Torres<\/strong>; Entre R\u00edos, <strong>Rogelio Frigerio<\/strong>; Mendoza, <strong>Alfredo Cornejo<\/strong>; San Juan, <strong>Marcelo Orrego<\/strong>; San Luis, <strong>Claudio Poggi<\/strong>; Santa Fe, <strong>Maximiliano Pullaro<\/strong>; y el jefe de gobierno de la Ciudad Aut\u00f3noma de Buenos Aires, <strong>Jorge Macri<\/strong>. Estuvo presente tambi\u00e9n el secretario de Hacienda, <strong>Carlos Guberman.<\/strong><\/p>\n\n\n\n<p>La reuni\u00f3n gir\u00f3 en torno a <strong>reclamos que los mandatarios locales expresaron por deudas de Naci\u00f3n con las provincias<\/strong>, especialmente las cajas jubilatorias. Por la tarde, Mauricio Macri, ex presidente y fundador del PRO, brindar\u00e1 un discurso con un mensaje para el Gobierno, despu\u00e9s de la reuni\u00f3n que tuvo con Milei para aquietar las aguas en la tensa relaci\u00f3n y en lo que ser\u00e1 un relanzamiento de su partido.<\/p>\n\n\n\n<p><strong>Es el primer encuentro despu\u00e9s de la aprobaci\u00f3n de la Ley Bases<\/strong>, donde tambi\u00e9n pidieron reactivar obras p\u00fablicas. <strong>Los nueve gobernadores de JxC estuvieron durante dos horas esta ma\u00f1ana en la\u00a0Casa Rosada<\/strong>,\u00a0a donde hab\u00edan llegado puntuales y sin hacer declaraciones. A la salida tambi\u00e9n se mostraron reacios a hablar, quiz\u00e1 para evitar generar roces con la versi\u00f3n de Francos sobre lo conversado.<\/p>\n\n\n\n<p>Sin embargo, trascendi\u00f3 que el encuentro se bas\u00f3 en la <strong>discusi\u00f3n para resolver las deudas de la Naci\u00f3n con las provincias, a modo de \u201cmoneda de cambio\u201d despu\u00e9s del apoyo que le otorgaron para aprobar la la Ley Bases<\/strong>. <\/p>\n\n\n\n<p><strong>La hist\u00f3rica deuda de las cajas jubilatorias,<\/strong> un reclamo que recuperaron hace meses, <strong>fue un eje central del temario<\/strong> luego de que, seg\u00fan la perspectiva de los radicales y amarillos, le mostrara a los libertarios que su intenci\u00f3n no era trabar la gesti\u00f3n del Gobierno y le dieran respaldo en el Congreso.<\/p>\n\n\n\n<p><a href=\"https:\/\/www.infobae.com\/politica\/2024\/08\/01\/a-ver-boluprogres-vengan-a-explicar-esto-el-mensaje-de-javier-milei-sobre-la-polemica-en-el-boxeo-femenino-de-paris-2024\/\" target=\"_blank\" rel=\"noreferrer noopener\"><\/a><\/p>\n\n\n\n<p><a href=\"https:\/\/www.infobae.com\/politica\/2024\/08\/01\/guillermo-francos-visito-a-empresarios-de-came-y-le-reclamaron-por-las-tarifas-y-las-multas-laborales\/\" target=\"_blank\" rel=\"noreferrer noopener\"><\/a><\/p>\n","protected":false},"excerpt":{"rendered":"<p>Tambi\u00e9n le pidieron reactivar obras p\u00fablicas. El jefe de Gabinete, Guillermo Francos, y el vicejefe de Gabinete del Interior, Lisandro Catal\u00e1n, recibieron en Casa Rosada a los gobernadores de Jujuy, Carlos Sadir; Chaco, Leandro Zdero; Chubut, Ignacio Torres; Entre R\u00edos, Rogelio Frigerio; Mendoza, Alfredo Cornejo; San Juan, Marcelo Orrego; San Luis, Claudio Poggi; Santa Fe, [&hellip;]<\/p>\n","protected":false},"author":51,"featured_media":412991,"comment_status":"open","ping_status":"open","sticky":false,"template":"","format":"standard","meta":{"_stopmodifiedupdate":false,"_modified_date":"","inline_featured_image":false,"spay_email":"","jetpack_publicize_message":""},"categories":[2,501],"tags":[],"jetpack_featured_media_url":"https:\/\/notinor.com\/jujuy\/wp-content\/uploads\/2024\/08\/image-2.png","jetpack_publicize_connections":[],"_links":{"self":[{"href":"https:\/\/notinor.com\/jujuy\/wp-json\/wp\/v2\/posts\/412990"}],"collection":[{"href":"https:\/\/notinor.com\/jujuy\/wp-json\/wp\/v2\/posts"}],"about":[{"href":"https:\/\/notinor.com\/jujuy\/wp-json\/wp\/v2\/types\/post"}],"author":[{"embeddable":true,"href":"https:\/\/notinor.com\/jujuy\/wp-json\/wp\/v2\/users\/51"}],"replies":[{"embeddable":true,"href":"https:\/\/notinor.com\/jujuy\/wp-json\/wp\/v2\/comments?post=412990"}],"version-history":[{"count":1,"href":"https:\/\/notinor.com\/jujuy\/wp-json\/wp\/v2\/posts\/412990\/revisions"}],"predecessor-version":[{"id":412992,"href":"https:\/\/notinor.com\/jujuy\/wp-json\/wp\/v2\/posts\/412990\/revisions\/412992"}],"wp:featuredmedia":[{"embeddable":true,"href":"https:\/\/notinor.com\/jujuy\/wp-json\/wp\/v2\/media\/412991"}],"wp:attachment":[{"href":"https:\/\/notinor.com\/jujuy\/wp-json\/wp\/v2\/media?parent=412990"}],"wp:term":[{"taxonomy":"category","embeddable":true,"href":"https:\/\/notinor.com\/jujuy\/wp-json\/wp\/v2\/categories?post=412990"},{"taxonomy":"post_tag","embeddable":true,"href":"https:\/\/notinor.com\/jujuy\/wp-json\/wp\/v2\/tags?post=412990"}],"curies":[{"name":"wp","href":"https:\/\/api.w.org\/{rel}","templated":true}]}}