{"id":412980,"date":"2024-08-01T12:05:58","date_gmt":"2024-08-01T15:05:58","guid":{"rendered":"https:\/\/notinor.com\/jujuy\/?p=412980"},"modified":"2024-08-01T12:05:59","modified_gmt":"2024-08-01T15:05:59","slug":"brasil-asumio-la-representacion-de-los-intereses-argentinos-en-venezuela-y-protegera-a-los-asilados-que-estan-en-la-embajada","status":"publish","type":"post","link":"https:\/\/notinor.com\/jujuy\/brasil-asumio-la-representacion-de-los-intereses-argentinos-en-venezuela-y-protegera-a-los-asilados-que-estan-en-la-embajada\/","title":{"rendered":"Brasil asumi\u00f3 la representaci\u00f3n de los intereses argentinos en Venezuela y proteger\u00e1 a los asilados que est\u00e1n en la Embajada"},"content":{"rendered":"\n<p class=\"has-medium-font-size\"><strong><em>La bandera brasile\u00f1a fue izada en la residencia del embajador argentino en Caracas, ante la salida de los diplom\u00e1ticos que fueron expulsados por la dictadura chavista. La partida del contingente a Portugal est\u00e1 prevista en un vuelo a las 15. El agradecimiento del presidente<\/em><\/strong>.<\/p>\n\n\n<div class=\"wp-block-image\">\n<figure class=\"aligncenter size-full\"><img decoding=\"async\" loading=\"lazy\" width=\"717\" height=\"402\" src=\"https:\/\/notinor.com\/jujuy\/wp-content\/uploads\/2024\/08\/EMBAJADA.jpg\" alt=\"\" class=\"wp-image-412981\" srcset=\"https:\/\/notinor.com\/jujuy\/wp-content\/uploads\/2024\/08\/EMBAJADA.jpg 717w, https:\/\/notinor.com\/jujuy\/wp-content\/uploads\/2024\/08\/EMBAJADA-651x365.jpg 651w, https:\/\/notinor.com\/jujuy\/wp-content\/uploads\/2024\/08\/EMBAJADA-500x280.jpg 500w\" sizes=\"(max-width: 717px) 100vw, 717px\" \/><figcaption class=\"wp-element-caption\">Andr\u00e9s Mangiarotti iz\u00f3 la bandera brasile\u00f1a en la sede de la Embajada argentina en CaracaS<\/figcaption><\/figure><\/div>\n\n\n<p>Despu\u00e9s de d\u00edas de enorme tensi\u00f3n, el gobierno de<strong>&nbsp;Lula Da Silva acept\u00f3 el pedido argentino<\/strong>&nbsp;para representar sus intereses en Venezuela y mantener bajo su<strong>&nbsp;protecci\u00f3n diplom\u00e1tica a los seis dirigentes opositores<\/strong>&nbsp;que est\u00e1n asilados en la residencia del embajador, en Caracas. Se trata de una decisi\u00f3n de enorme importancia en la agenda internacional de la Casa Rosada, tras la expulsi\u00f3n de los diplom\u00e1ticos que orden\u00f3 la dictadura de Nicol\u00e1s Maduro por el rechazo de Javier Milei a reconocer su triunfo en las elecciones fraudulentas del domingo.<\/p>\n\n\n\n<p>Fuentes diplom\u00e1ticas confirmaron a&nbsp;<strong>Infobae&nbsp;<\/strong>que a las 9 se procedi\u00f3 al izamiento en las dependencias de la Embajada de la bandera de Brasil, que a partir de este jueves extiende su representaci\u00f3n y al mismo tiempo ofrece la protecci\u00f3n a los refugiados. Fue un acto solemne ejecutado por el Encargado de Negocios por la Argentina,&nbsp;<strong>Andr\u00e9s Mangiarotti,<\/strong>&nbsp;antes de retirarse con el resto de los miembros de la misi\u00f3n. A partir de ma\u00f1ana, se colocar\u00e1n con m\u00e1stiles m\u00e1s grandes las dos banderas, incluida la argentina, para que flamear juntas, como \u201c<strong>muestra importante de hermandad<\/strong>\u201d.<\/p>\n\n\n\n<p><strong>La delegaci\u00f3n tiene un vuelo a Portugal previsto para las 15, hora argentina, seg\u00fan precisaron a este medio las mismas fuentes. Desde all\u00ed, tras una escala en Madrid, regresar\u00e1n a Ezeiza la madrugada del s\u00e1bado pr\u00f3ximo.<\/strong><\/p>\n\n\n\n<p>La decisi\u00f3n del traspaso fue recibida con satisfacci\u00f3n por la l\u00edder de la oposici\u00f3n, Mar\u00eda Corina Machado: \u201cAgradecemos al gobierno de Brasil su disposici\u00f3n a asumir la representaci\u00f3n diplom\u00e1tica y consular de la Rep\u00fablica de Argentina en Venezuela, y<strong>&nbsp;la protecci\u00f3n de su sede y residencia, as\u00ed como la integridad f\u00edsica de nuestros compa\u00f1eros asilados en dicha residencia.<\/strong>&nbsp;Esto podr\u00eda contribuir a avanzar en un proceso de negociaci\u00f3n constructiva y efectiva como el que Brasil ha respaldado\u201d, explic\u00f3 en un mensaje publicado en la red X.<\/p>\n\n\n\n<p class=\"has-text-align-center\"><img decoding=\"async\" loading=\"lazy\" height=\"3057\" width=\"4585\" srcset=\"https:\/\/www.infobae.com\/new-resizer\/zIVhK2rr-e7yq8kZbCFSwAOLy6A=\/420x280\/filters:format(webp):quality(85)\/cloudfront-us-east-1.images.arcpublishing.com\/infobae\/AWRUED7FRB27DLNHYGDOS5RNOQ.jpg 420w,https:\/\/www.infobae.com\/new-resizer\/Pedtp9BSbhWlcND4oxeYqvYVBKo=\/768x512\/filters:format(webp):quality(85)\/cloudfront-us-east-1.images.arcpublishing.com\/infobae\/AWRUED7FRB27DLNHYGDOS5RNOQ.jpg 768w,https:\/\/www.infobae.com\/new-resizer\/CzAqGinAvPvg7p0tJBdkjIb4m18=\/992x661\/filters:format(webp):quality(85)\/cloudfront-us-east-1.images.arcpublishing.com\/infobae\/AWRUED7FRB27DLNHYGDOS5RNOQ.jpg 992w,https:\/\/www.infobae.com\/new-resizer\/1UBUm5YKfbSqKNrDTHO8jcZF7c4=\/1200x800\/filters:format(webp):quality(85)\/cloudfront-us-east-1.images.arcpublishing.com\/infobae\/AWRUED7FRB27DLNHYGDOS5RNOQ.jpg 1200w,https:\/\/www.infobae.com\/new-resizer\/guiTydy29mAsPeePYkkYP5Cu7AQ=\/1440x960\/filters:format(webp):quality(85)\/cloudfront-us-east-1.images.arcpublishing.com\/infobae\/AWRUED7FRB27DLNHYGDOS5RNOQ.jpg 1440w\" class=\"\" src=\"https:\/\/www.infobae.com\/new-resizer\/zIVhK2rr-e7yq8kZbCFSwAOLy6A=\/420x280\/filters:format(webp):quality(85)\/cloudfront-us-east-1.images.arcpublishing.com\/infobae\/AWRUED7FRB27DLNHYGDOS5RNOQ.jpg%20420w\" alt=\"La sede diplom\u00e1tica argentina en Caracas ser\u00e1 clausurada por orden del chavismo (AP)\">La sede diplom\u00e1tica argentina en Caracas ser\u00e1 clausurada por orden del chavismo<\/p>\n\n\n\n<p>Cuando se concret\u00f3, el presidente Milei public\u00f3 en la red X: \u201c<strong>Agradezco enormemente la disposici\u00f3n de Brasil a hacerse cargo de la custodia de la Embajada argentina en Venezuela.&nbsp;<\/strong>Tambi\u00e9n agradecemos la representaci\u00f3n moment\u00e1nea de los intereses de la Rep\u00fablica Argentina y sus ciudadanos all\u00ed. Hoy el personal diplom\u00e1tico argentino tuvo que abandonar Venezuela como represalia del dictador Maduro por la condena que hicimos del fraude que perpetraron el domingo \u00faltimo. Los lazos de amistad que unen a la Argentina con Brasil son muy fuertes e hist\u00f3ricos\u201d.<\/p>\n\n\n\n<p>Las personas que est\u00e1n refugiadas en la residencia son&nbsp;<strong>Pedro Urruchurtu Noselli, Humberto Villalobos, Claudia Macero, Omar Gonz\u00e1lez, Fernando Mart\u00ednez y Mottola y Magal\u00ed Meda<\/strong>. Estuvieron desde el verano bajo la protecci\u00f3n de la misi\u00f3n diplom\u00e1tica que encabeza el embajador<strong>&nbsp;Mangiarotti<\/strong>.<\/p>\n\n\n\n<p class=\"has-text-align-center\"><img decoding=\"async\" loading=\"lazy\" alt=\"Los asilados Pedro Urruchurtu Noselli, Humberto Villalobos, Claudia Macero, Omar Gonz\u00e1lez, Fernando Mart\u00ednez y Mottola y Magal\u00ed Meda\" height=\"1080\" width=\"1920\" class=\"\" src=\"https:\/\/www.infobae.com\/new-resizer\/ziwJna17n4hS6_5xvh_w04egrVw=\/420x236\/filters:format(webp):quality(85)\/cloudfront-us-east-1.images.arcpublishing.com\/infobae\/YUDLY33BTZHQHIX6IGYFQ5FT2A.jpg%20420w\" srcset=\"https:\/\/www.infobae.com\/new-resizer\/ziwJna17n4hS6_5xvh_w04egrVw=\/420x236\/filters:format(webp):quality(85)\/cloudfront-us-east-1.images.arcpublishing.com\/infobae\/YUDLY33BTZHQHIX6IGYFQ5FT2A.jpg 420w,https:\/\/www.infobae.com\/new-resizer\/vFvaX_Le9MsJpgC4vYmzGw92wlc=\/768x432\/filters:format(webp):quality(85)\/cloudfront-us-east-1.images.arcpublishing.com\/infobae\/YUDLY33BTZHQHIX6IGYFQ5FT2A.jpg 768w,https:\/\/www.infobae.com\/new-resizer\/dM4jEYn4KmlwUjR-3hB9XyhsV6Q=\/992x558\/filters:format(webp):quality(85)\/cloudfront-us-east-1.images.arcpublishing.com\/infobae\/YUDLY33BTZHQHIX6IGYFQ5FT2A.jpg 992w,https:\/\/www.infobae.com\/new-resizer\/hUA9R6mDhVdc-iL53cJiCL55IX0=\/1200x675\/filters:format(webp):quality(85)\/cloudfront-us-east-1.images.arcpublishing.com\/infobae\/YUDLY33BTZHQHIX6IGYFQ5FT2A.jpg 1200w,https:\/\/www.infobae.com\/new-resizer\/nsZUQKJHfS6fFg3x7NNg34pJeKg=\/1440x810\/filters:format(webp):quality(85)\/cloudfront-us-east-1.images.arcpublishing.com\/infobae\/YUDLY33BTZHQHIX6IGYFQ5FT2A.jpg 1440w\">Los asilados Pedro Urruchurtu Noselli, Humberto Villalobos, Claudia Macero, Omar Gonz\u00e1lez, Fernando Mart\u00ednez y Mottola y Magal\u00ed Meda<\/p>\n\n\n\n<p>En un comunicado oficial, el Ministerio de Relaciones Exteriores, que encabeza&nbsp;<strong>Diana Mondino<\/strong>, inform\u00f3 que \u201clos funcionarios diplom\u00e1ticos, consulares y agregados de defensa argentinos que prestaban funciones en la Embajada argentina en Caracas abandonar\u00e1n el pa\u00eds como consecuencia de la intimaci\u00f3n del Gobierno de la Rep\u00fablica Bolivariana de Venezuela efectuada el 29 de julio pasado\u201d. La informaci\u00f3n oficial se public\u00f3 despu\u00e9s de la declaraci\u00f3n del presidente Milei y cuando la diplomacia brasile\u00f1a se hizo cargo, despu\u00e9s de las intensas negociaciones que tuvo como pieza clave al vicecanciller&nbsp;<strong>Leopoldo Sahores<\/strong>.<\/p>\n\n\n\n<p>\u201cA partir de este momento y a solicitud del Gobierno argentino, la Rep\u00fablica Federativa del Brasil se har\u00e1 cargo de la custodia de los locales de la misi\u00f3n argentina en Caracas, incluyendo la Embajada y la Residencia Oficial, sus bienes y archivos, as\u00ed como tambi\u00e9n, la protecci\u00f3n de sus intereses y los intereses de los nacionales argentinos en territorio venezolano, en los t\u00e9rminos del art\u00edculo 45, incisos b) y c), de la Convenci\u00f3n de Viena sobre Relaciones Diplom\u00e1ticas de 1961 y los art\u00edculos 8 y 27 de la Convenci\u00f3n de Viena sobre Relaciones Consulares de 1963\u2033.<\/p>\n\n\n\n<p>Y, al igual que hizo el presidente Milei, resalt\u00f3: \u201cLa Rep\u00fablica Argentina agradece la generosidad del Gobierno brasile\u00f1o al aceptar el requerimiento ante esta situaci\u00f3n de emergencia, que se enmarca en los hist\u00f3ricos v\u00ednculos de amistad entre ambas naciones y la asistencia brindada por Brasil en otras ocasiones. La custodia de las sedes diplom\u00e1ticas involucra a los asilados pol\u00edticos de la oposici\u00f3n venezolana, quienes se encuentran bajo protecci\u00f3n en la Residencia argentina en Caracas desde el 20 de marzo pasado y se vieron privados de salir del pa\u00eds junto al personal de la Embajada a causa del incumplimiento del Gobierno de la Rep\u00fablica Bolivariana de la Convenci\u00f3n de Caracas sobre Asilo Diplom\u00e1tico\u201d.<\/p>\n\n\n\n<p class=\"has-text-align-center\"><img decoding=\"async\" loading=\"lazy\" alt=\"La canciller Mondino reclam\u00f3 en la OEA por los asilados y critic\u00f3 la expulsi\u00f3n de los diplom\u00e1ticos argentinos \" height=\"1080\" width=\"1920\" class=\"\" src=\"https:\/\/www.infobae.com\/new-resizer\/wyr0usnClYKz6xjYn90Qmwam-Xw=\/420x236\/filters:format(webp):quality(85)\/cloudfront-us-east-1.images.arcpublishing.com\/infobae\/SLIK2ZIZMJBEDIWILZ4MYLVVAY.jpg%20420w\" srcset=\"https:\/\/www.infobae.com\/new-resizer\/wyr0usnClYKz6xjYn90Qmwam-Xw=\/420x236\/filters:format(webp):quality(85)\/cloudfront-us-east-1.images.arcpublishing.com\/infobae\/SLIK2ZIZMJBEDIWILZ4MYLVVAY.jpg 420w,https:\/\/www.infobae.com\/new-resizer\/q7RYup92R2EjJO5o-5ZaxBfTs3E=\/768x432\/filters:format(webp):quality(85)\/cloudfront-us-east-1.images.arcpublishing.com\/infobae\/SLIK2ZIZMJBEDIWILZ4MYLVVAY.jpg 768w,https:\/\/www.infobae.com\/new-resizer\/dwPwTxNtE4zRWgvQrYYEq-vADYw=\/992x558\/filters:format(webp):quality(85)\/cloudfront-us-east-1.images.arcpublishing.com\/infobae\/SLIK2ZIZMJBEDIWILZ4MYLVVAY.jpg 992w,https:\/\/www.infobae.com\/new-resizer\/1iUdLRL4i3erb82vXUrLQg8Dnac=\/1200x675\/filters:format(webp):quality(85)\/cloudfront-us-east-1.images.arcpublishing.com\/infobae\/SLIK2ZIZMJBEDIWILZ4MYLVVAY.jpg 1200w,https:\/\/www.infobae.com\/new-resizer\/-sVbrWmCm9Rp2h_dNxN-9gkOeFA=\/1440x810\/filters:format(webp):quality(85)\/cloudfront-us-east-1.images.arcpublishing.com\/infobae\/SLIK2ZIZMJBEDIWILZ4MYLVVAY.jpg 1440w\">La canciller Mondino reclam\u00f3 en la OEA por los asilados y critic\u00f3 la expulsi\u00f3n de los diplom\u00e1ticos argentinos<\/p>\n\n\n\n<p>El ex vicecanciller Andr\u00e9s Cisneros explic\u00f3 a&nbsp;<strong>Infobae<\/strong>&nbsp;que la medida tomada por Brasil \u201c<strong>es una excelente decisi\u00f3n<\/strong>\u201d que tiene como antecedente lo que ocurri\u00f3 en Malvinas: \u201cEsto reivindica el papel que jug\u00f3 Brasil en la guerra de Malvinas, nos represent\u00f3 ante Gran Breta\u00f1a\u201d hasta que se reanudaron las relaciones diplom\u00e1ticas.<\/p>\n\n\n\n<p>Y adem\u00e1s, destac\u00f3 Cisneros, demuestra que \u201cuna cosa son Javier Milei y Lula Da Silva, dos presidentes que pueden estar distanciados, pero ahora tienen la posibilidad de unirse en pos de un objetivo superior; y otra cosa son\u00a0<strong>Brasil y Argentina, dos pa\u00edses que no est\u00e1n peleados y tienen un destino com\u00fan<\/strong>\u201d.<\/p>\n\n\n\n<p>D\u00edas de tensi\u00f3n extrema<\/p>\n\n\n\n<p>El chavismo estuvo los \u00faltimos d\u00edas asediando la embajada argentina luego de que el gobierno del presidente Javier Milei, a trav\u00e9s de Canciller\u00eda, <strong>desconociera formalmente los resultados oficiales<\/strong>\u00a0difundidos por el\u00a0<strong>Consejo Nacional Electoral de Venezuela<\/strong>. Seg\u00fan esos datos, Maduro obtuvo una nueva reelecci\u00f3n con el 51% de los votos, frente a un 44% de Edmundo Gonz\u00e1lez Urrutia.<\/p>\n\n\n\n<p>Sin embargo, la oposici\u00f3n venezolana asegura que la manipulaci\u00f3n de los datos fue burda y evidente. Frente a ello, plante\u00f3 una estrategia que consisti\u00f3 en recolectar ellos mismos las copias de las actas de votaci\u00f3n, recogida por sus testigos en cada mesa. Esa recopilaci\u00f3n fue ordenada y publicada en un sitio de internet y arroj\u00f3 un resultado totalmente distinto, que\u00a0<strong>le adjudica la presidencia a Gonz\u00e1lez Urrutia con el 63%<\/strong>\u00a0de los sufragios.<\/p>\n\n\n\n<p>La posici\u00f3n argentina enardeci\u00f3 al r\u00e9gimen de Maduro, que orden\u00f3 que la embajada en Caracas perteneciente al pa\u00eds sea desalojada. Finalmente, con el plazo de 72 horas impuesto por el r\u00e9gimen chavista corriendo, los argentinos programaron su salida del pa\u00eds caribe\u00f1o para aterrizar en Portugal.<\/p>\n\n\n\n<p class=\"has-text-align-center\"><img decoding=\"async\" loading=\"lazy\" height=\"3333\" width=\"5000\" srcset=\"https:\/\/www.infobae.com\/new-resizer\/_I5TlYDpYRLtdW1N2pLlMC7yZVU=\/420x280\/filters:format(webp):quality(85)\/cloudfront-us-east-1.images.arcpublishing.com\/infobae\/C22MUHKM4FCXTEUM5IH7H5DLEQ.jpg 420w,https:\/\/www.infobae.com\/new-resizer\/SYNrHm9aVj04qEeTa5EES8qzMFI=\/768x512\/filters:format(webp):quality(85)\/cloudfront-us-east-1.images.arcpublishing.com\/infobae\/C22MUHKM4FCXTEUM5IH7H5DLEQ.jpg 768w,https:\/\/www.infobae.com\/new-resizer\/Kzi3BxhEZP12Iw7kKQZ2nZpmeS0=\/992x661\/filters:format(webp):quality(85)\/cloudfront-us-east-1.images.arcpublishing.com\/infobae\/C22MUHKM4FCXTEUM5IH7H5DLEQ.jpg 992w,https:\/\/www.infobae.com\/new-resizer\/ul9JGBJwBxjN8GF1FmNpnQK1rv0=\/1200x800\/filters:format(webp):quality(85)\/cloudfront-us-east-1.images.arcpublishing.com\/infobae\/C22MUHKM4FCXTEUM5IH7H5DLEQ.jpg 1200w,https:\/\/www.infobae.com\/new-resizer\/tPQqQhsHIg34B7DLwLQ9rM4O7tM=\/1440x960\/filters:format(webp):quality(85)\/cloudfront-us-east-1.images.arcpublishing.com\/infobae\/C22MUHKM4FCXTEUM5IH7H5DLEQ.jpg 1440w\" class=\"\" src=\"https:\/\/www.infobae.com\/new-resizer\/_I5TlYDpYRLtdW1N2pLlMC7yZVU=\/420x280\/filters:format(webp):quality(85)\/cloudfront-us-east-1.images.arcpublishing.com\/infobae\/C22MUHKM4FCXTEUM5IH7H5DLEQ.jpg%20420w\" alt=\"Contin\u00faan las protestas en las calles de Caracas tras la autoproclamaci\u00f3n de Caracas (EFE)\n\">Contin\u00faan las protestas en las calles de Caracas tras la autoproclamaci\u00f3n de Caracas <\/p>\n\n\n\n<p>Lo cierto es que antes de la salida de los cinco diplom\u00e1ticos, encabezados por Mangiarotti, y sus familias -un total de 14 personas que se ir\u00e1n en avi\u00f3n comercial a Portugal- funcionarios de la embajada brasile\u00f1a acudieron a la residencia donde est\u00e1n los asilados para izar el pabell\u00f3n nacional. Fue un paso diplom\u00e1tico en medio de un contexto de enorme tensi\u00f3n pol\u00edtica pero que se superpone con una relaci\u00f3n bilateral atravesada por la mala relaci\u00f3n entre los presidentes Lula Da Silva y Javier Milei.<\/p>\n","protected":false},"excerpt":{"rendered":"<p>La bandera brasile\u00f1a fue izada en la residencia del embajador argentino en Caracas, ante la salida de los diplom\u00e1ticos que fueron expulsados por la dictadura chavista. La partida del contingente a Portugal est\u00e1 prevista en un vuelo a las 15. El agradecimiento del presidente. Despu\u00e9s de d\u00edas de enorme tensi\u00f3n, el gobierno de&nbsp;Lula Da Silva [&hellip;]<\/p>\n","protected":false},"author":5,"featured_media":412981,"comment_status":"open","ping_status":"open","sticky":false,"template":"","format":"standard","meta":{"_stopmodifiedupdate":false,"_modified_date":"","inline_featured_image":false,"spay_email":"","jetpack_publicize_message":""},"categories":[6],"tags":[],"jetpack_featured_media_url":"https:\/\/notinor.com\/jujuy\/wp-content\/uploads\/2024\/08\/EMBAJADA.jpg","jetpack_publicize_connections":[],"_links":{"self":[{"href":"https:\/\/notinor.com\/jujuy\/wp-json\/wp\/v2\/posts\/412980"}],"collection":[{"href":"https:\/\/notinor.com\/jujuy\/wp-json\/wp\/v2\/posts"}],"about":[{"href":"https:\/\/notinor.com\/jujuy\/wp-json\/wp\/v2\/types\/post"}],"author":[{"embeddable":true,"href":"https:\/\/notinor.com\/jujuy\/wp-json\/wp\/v2\/users\/5"}],"replies":[{"embeddable":true,"href":"https:\/\/notinor.com\/jujuy\/wp-json\/wp\/v2\/comments?post=412980"}],"version-history":[{"count":1,"href":"https:\/\/notinor.com\/jujuy\/wp-json\/wp\/v2\/posts\/412980\/revisions"}],"predecessor-version":[{"id":412982,"href":"https:\/\/notinor.com\/jujuy\/wp-json\/wp\/v2\/posts\/412980\/revisions\/412982"}],"wp:featuredmedia":[{"embeddable":true,"href":"https:\/\/notinor.com\/jujuy\/wp-json\/wp\/v2\/media\/412981"}],"wp:attachment":[{"href":"https:\/\/notinor.com\/jujuy\/wp-json\/wp\/v2\/media?parent=412980"}],"wp:term":[{"taxonomy":"category","embeddable":true,"href":"https:\/\/notinor.com\/jujuy\/wp-json\/wp\/v2\/categories?post=412980"},{"taxonomy":"post_tag","embeddable":true,"href":"https:\/\/notinor.com\/jujuy\/wp-json\/wp\/v2\/tags?post=412980"}],"curies":[{"name":"wp","href":"https:\/\/api.w.org\/{rel}","templated":true}]}}