{"id":412974,"date":"2024-08-01T11:51:41","date_gmt":"2024-08-01T14:51:41","guid":{"rendered":"https:\/\/notinor.com\/jujuy\/?p=412974"},"modified":"2024-08-01T11:51:43","modified_gmt":"2024-08-01T14:51:43","slug":"ramos-reyna","status":"publish","type":"post","link":"https:\/\/notinor.com\/jujuy\/ramos-reyna\/","title":{"rendered":"RAMOS, Reyna"},"content":{"rendered":"\n<p><strong>Falleci\u00f3 el d\u00eda 30 de julio de 2024, a hs. 15:40. C.A.S.R. y B.P., a la edad de 79 a\u00f1os. Sus hijos: Ver\u00f3nica, Marta, Gustavo, Elisa Ramos; sus hijos pol\u00edticos; sus nietos; sus sobrinos; sus primos y dem\u00e1s familiares comunican a sus amistades y personas piadosas que sus restos ser\u00e1n inhumados hoy 01 de agosto hs. 11:30 en el Chaupi, Humahuaca . Casa de duelo Jos\u00e9 Farf\u00e1n esquina Bah\u00eda El Para\u00edso barrio 2 de Abril. Humahuaca. Ruegan elevar una oraci\u00f3n en su memoria. Servicio exequial empresa Futuro SRL. Servicio de tanatopraxia y ceremonial empresa Futuro SRL. Ram\u00edrez de Velazco 137.<\/strong><\/p>\n","protected":false},"excerpt":{"rendered":"<p>Falleci\u00f3 el d\u00eda 30 de julio de 2024, a hs. 15:40. C.A.S.R. y B.P., a la edad de 79 a\u00f1os. Sus hijos: Ver\u00f3nica, Marta, Gustavo, Elisa Ramos; sus hijos pol\u00edticos; sus nietos; sus sobrinos; sus primos y dem\u00e1s familiares comunican a sus amistades y personas piadosas que sus restos ser\u00e1n inhumados hoy 01 de agosto [&hellip;]<\/p>\n","protected":false},"author":5,"featured_media":129720,"comment_status":"open","ping_status":"open","sticky":false,"template":"","format":"standard","meta":{"_stopmodifiedupdate":false,"_modified_date":"","inline_featured_image":false,"spay_email":"","jetpack_publicize_message":""},"categories":[523],"tags":[],"jetpack_featured_media_url":"https:\/\/notinor.com\/jujuy\/wp-content\/uploads\/2017\/08\/Obituarios1.jpg","jetpack_publicize_connections":[],"_links":{"self":[{"href":"https:\/\/notinor.com\/jujuy\/wp-json\/wp\/v2\/posts\/412974"}],"collection":[{"href":"https:\/\/notinor.com\/jujuy\/wp-json\/wp\/v2\/posts"}],"about":[{"href":"https:\/\/notinor.com\/jujuy\/wp-json\/wp\/v2\/types\/post"}],"author":[{"embeddable":true,"href":"https:\/\/notinor.com\/jujuy\/wp-json\/wp\/v2\/users\/5"}],"replies":[{"embeddable":true,"href":"https:\/\/notinor.com\/jujuy\/wp-json\/wp\/v2\/comments?post=412974"}],"version-history":[{"count":1,"href":"https:\/\/notinor.com\/jujuy\/wp-json\/wp\/v2\/posts\/412974\/revisions"}],"predecessor-version":[{"id":412975,"href":"https:\/\/notinor.com\/jujuy\/wp-json\/wp\/v2\/posts\/412974\/revisions\/412975"}],"wp:featuredmedia":[{"embeddable":true,"href":"https:\/\/notinor.com\/jujuy\/wp-json\/wp\/v2\/media\/129720"}],"wp:attachment":[{"href":"https:\/\/notinor.com\/jujuy\/wp-json\/wp\/v2\/media?parent=412974"}],"wp:term":[{"taxonomy":"category","embeddable":true,"href":"https:\/\/notinor.com\/jujuy\/wp-json\/wp\/v2\/categories?post=412974"},{"taxonomy":"post_tag","embeddable":true,"href":"https:\/\/notinor.com\/jujuy\/wp-json\/wp\/v2\/tags?post=412974"}],"curies":[{"name":"wp","href":"https:\/\/api.w.org\/{rel}","templated":true}]}}