{"id":412888,"date":"2024-07-31T08:11:00","date_gmt":"2024-07-31T11:11:00","guid":{"rendered":"https:\/\/notinor.com\/jujuy\/?p=412888"},"modified":"2024-07-31T11:13:06","modified_gmt":"2024-07-31T14:13:06","slug":"alfaro-gabina","status":"publish","type":"post","link":"https:\/\/notinor.com\/jujuy\/alfaro-gabina\/","title":{"rendered":"ALFARO, Gabina"},"content":{"rendered":"\n<p><strong>Falleci\u00f3 el d\u00eda 30 de julio de 2024, a la edad de 73 a\u00f1os. Sus hermanos: Simona, Carlos, Bernab\u00e9, Benita; su nieta y dem\u00e1s familiares participan con profundo dolor su fallecimiento y comunican que sus restos ser\u00e1n inhumados hoy 31 de julio a hs. 11:00 en el cementerio municipal de Palpal\u00e1. Ruegan una oraci\u00f3n en su memoria. Tanatopraxia y honras f\u00fanebres servicios Sociales Instituto del Norte SA. Patricias Argentinas 247 San Salvador de Jujuy. 388-4242818 Servicio para Caruso.<\/strong><\/p>\n","protected":false},"excerpt":{"rendered":"<p>Falleci\u00f3 el d\u00eda 30 de julio de 2024, a la edad de 73 a\u00f1os. Sus hermanos: Simona, Carlos, Bernab\u00e9, Benita; su nieta y dem\u00e1s familiares participan con profundo dolor su fallecimiento y comunican que sus restos ser\u00e1n inhumados hoy 31 de julio a hs. 11:00 en el cementerio municipal de Palpal\u00e1. Ruegan una oraci\u00f3n en [&hellip;]<\/p>\n","protected":false},"author":5,"featured_media":129720,"comment_status":"open","ping_status":"open","sticky":false,"template":"","format":"standard","meta":{"_stopmodifiedupdate":false,"_modified_date":"","inline_featured_image":false,"spay_email":"","jetpack_publicize_message":""},"categories":[523],"tags":[],"jetpack_featured_media_url":"https:\/\/notinor.com\/jujuy\/wp-content\/uploads\/2017\/08\/Obituarios1.jpg","jetpack_publicize_connections":[],"_links":{"self":[{"href":"https:\/\/notinor.com\/jujuy\/wp-json\/wp\/v2\/posts\/412888"}],"collection":[{"href":"https:\/\/notinor.com\/jujuy\/wp-json\/wp\/v2\/posts"}],"about":[{"href":"https:\/\/notinor.com\/jujuy\/wp-json\/wp\/v2\/types\/post"}],"author":[{"embeddable":true,"href":"https:\/\/notinor.com\/jujuy\/wp-json\/wp\/v2\/users\/5"}],"replies":[{"embeddable":true,"href":"https:\/\/notinor.com\/jujuy\/wp-json\/wp\/v2\/comments?post=412888"}],"version-history":[{"count":1,"href":"https:\/\/notinor.com\/jujuy\/wp-json\/wp\/v2\/posts\/412888\/revisions"}],"predecessor-version":[{"id":412889,"href":"https:\/\/notinor.com\/jujuy\/wp-json\/wp\/v2\/posts\/412888\/revisions\/412889"}],"wp:featuredmedia":[{"embeddable":true,"href":"https:\/\/notinor.com\/jujuy\/wp-json\/wp\/v2\/media\/129720"}],"wp:attachment":[{"href":"https:\/\/notinor.com\/jujuy\/wp-json\/wp\/v2\/media?parent=412888"}],"wp:term":[{"taxonomy":"category","embeddable":true,"href":"https:\/\/notinor.com\/jujuy\/wp-json\/wp\/v2\/categories?post=412888"},{"taxonomy":"post_tag","embeddable":true,"href":"https:\/\/notinor.com\/jujuy\/wp-json\/wp\/v2\/tags?post=412888"}],"curies":[{"name":"wp","href":"https:\/\/api.w.org\/{rel}","templated":true}]}}