{"id":412882,"date":"2024-07-31T09:04:00","date_gmt":"2024-07-31T12:04:00","guid":{"rendered":"https:\/\/notinor.com\/jujuy\/?p=412882"},"modified":"2024-07-31T11:05:56","modified_gmt":"2024-07-31T14:05:56","slug":"micieli-margarita","status":"publish","type":"post","link":"https:\/\/notinor.com\/jujuy\/micieli-margarita\/","title":{"rendered":"MICIELI, Margarita"},"content":{"rendered":"\n<p><strong>Falleci\u00f3 el d\u00eda 29 de julio de 2024, a hs. 20:50. C.A.S.R. y B.P., a la edad de 92 a\u00f1os. Su hijo: Eduardo Traverso; su hija pol\u00edtica: Laura; sus nietos; sus bisnietos, sus amigos y dem\u00e1s familiares participan con profundo dolor su fallecimiento y comunican que sus restos ser\u00e1n trasladados a la ciudad de Salta. FAE. Casa de duelo salas Arenales de empresa La Piedad sita en Arenales 1145. Servicio empresa La Piedad Salta 727 S.S. de Jujuy. Tel 0388-4222487. L\u00ednea gratuita 0800-444-.5274.<\/strong><\/p>\n","protected":false},"excerpt":{"rendered":"<p>Falleci\u00f3 el d\u00eda 29 de julio de 2024, a hs. 20:50. C.A.S.R. y B.P., a la edad de 92 a\u00f1os. Su hijo: Eduardo Traverso; su hija pol\u00edtica: Laura; sus nietos; sus bisnietos, sus amigos y dem\u00e1s familiares participan con profundo dolor su fallecimiento y comunican que sus restos ser\u00e1n trasladados a la ciudad de Salta. [&hellip;]<\/p>\n","protected":false},"author":5,"featured_media":129720,"comment_status":"open","ping_status":"open","sticky":false,"template":"","format":"standard","meta":{"_stopmodifiedupdate":false,"_modified_date":"","inline_featured_image":false,"spay_email":"","jetpack_publicize_message":""},"categories":[523],"tags":[],"jetpack_featured_media_url":"https:\/\/notinor.com\/jujuy\/wp-content\/uploads\/2017\/08\/Obituarios1.jpg","jetpack_publicize_connections":[],"_links":{"self":[{"href":"https:\/\/notinor.com\/jujuy\/wp-json\/wp\/v2\/posts\/412882"}],"collection":[{"href":"https:\/\/notinor.com\/jujuy\/wp-json\/wp\/v2\/posts"}],"about":[{"href":"https:\/\/notinor.com\/jujuy\/wp-json\/wp\/v2\/types\/post"}],"author":[{"embeddable":true,"href":"https:\/\/notinor.com\/jujuy\/wp-json\/wp\/v2\/users\/5"}],"replies":[{"embeddable":true,"href":"https:\/\/notinor.com\/jujuy\/wp-json\/wp\/v2\/comments?post=412882"}],"version-history":[{"count":1,"href":"https:\/\/notinor.com\/jujuy\/wp-json\/wp\/v2\/posts\/412882\/revisions"}],"predecessor-version":[{"id":412883,"href":"https:\/\/notinor.com\/jujuy\/wp-json\/wp\/v2\/posts\/412882\/revisions\/412883"}],"wp:featuredmedia":[{"embeddable":true,"href":"https:\/\/notinor.com\/jujuy\/wp-json\/wp\/v2\/media\/129720"}],"wp:attachment":[{"href":"https:\/\/notinor.com\/jujuy\/wp-json\/wp\/v2\/media?parent=412882"}],"wp:term":[{"taxonomy":"category","embeddable":true,"href":"https:\/\/notinor.com\/jujuy\/wp-json\/wp\/v2\/categories?post=412882"},{"taxonomy":"post_tag","embeddable":true,"href":"https:\/\/notinor.com\/jujuy\/wp-json\/wp\/v2\/tags?post=412882"}],"curies":[{"name":"wp","href":"https:\/\/api.w.org\/{rel}","templated":true}]}}