{"id":412880,"date":"2024-07-31T08:02:00","date_gmt":"2024-07-31T11:02:00","guid":{"rendered":"https:\/\/notinor.com\/jujuy\/?p=412880"},"modified":"2024-07-31T11:03:56","modified_gmt":"2024-07-31T14:03:56","slug":"vazquez-rosenda-adriana","status":"publish","type":"post","link":"https:\/\/notinor.com\/jujuy\/vazquez-rosenda-adriana\/","title":{"rendered":"VAZQUEZ, Rosenda Adriana"},"content":{"rendered":"\n<p><strong>Falleci\u00f3 el d\u00eda 29 de julio de 2024, a hs. 17.40. C.A.S.R. y B.P., a la edad de 91 a\u00f1os. Sus hijos: Gabriel, Alcira, Antonio y Luisa; sus nietos; sus sobrinos; sus bisnietos; sus tataranietos; sus amigos de la familia y dem\u00e1s familiares comunican a sus amistades y personas piadosas que sus restos fueron inhumados en el cementerio Jard\u00edn del Castillo. Ruegan elevar una oraci\u00f3n en su memoria. Servicio exequial empresa Futuro SRL. Servicio de tanatopraxia y ceremonial empresa Futuro SRL. Ram\u00edrez de Velazco 137.<\/strong><\/p>\n","protected":false},"excerpt":{"rendered":"<p>Falleci\u00f3 el d\u00eda 29 de julio de 2024, a hs. 17.40. C.A.S.R. y B.P., a la edad de 91 a\u00f1os. Sus hijos: Gabriel, Alcira, Antonio y Luisa; sus nietos; sus sobrinos; sus bisnietos; sus tataranietos; sus amigos de la familia y dem\u00e1s familiares comunican a sus amistades y personas piadosas que sus restos fueron inhumados [&hellip;]<\/p>\n","protected":false},"author":5,"featured_media":129720,"comment_status":"open","ping_status":"open","sticky":false,"template":"","format":"standard","meta":{"_stopmodifiedupdate":false,"_modified_date":"","inline_featured_image":false,"spay_email":"","jetpack_publicize_message":""},"categories":[523],"tags":[],"jetpack_featured_media_url":"https:\/\/notinor.com\/jujuy\/wp-content\/uploads\/2017\/08\/Obituarios1.jpg","jetpack_publicize_connections":[],"_links":{"self":[{"href":"https:\/\/notinor.com\/jujuy\/wp-json\/wp\/v2\/posts\/412880"}],"collection":[{"href":"https:\/\/notinor.com\/jujuy\/wp-json\/wp\/v2\/posts"}],"about":[{"href":"https:\/\/notinor.com\/jujuy\/wp-json\/wp\/v2\/types\/post"}],"author":[{"embeddable":true,"href":"https:\/\/notinor.com\/jujuy\/wp-json\/wp\/v2\/users\/5"}],"replies":[{"embeddable":true,"href":"https:\/\/notinor.com\/jujuy\/wp-json\/wp\/v2\/comments?post=412880"}],"version-history":[{"count":1,"href":"https:\/\/notinor.com\/jujuy\/wp-json\/wp\/v2\/posts\/412880\/revisions"}],"predecessor-version":[{"id":412881,"href":"https:\/\/notinor.com\/jujuy\/wp-json\/wp\/v2\/posts\/412880\/revisions\/412881"}],"wp:featuredmedia":[{"embeddable":true,"href":"https:\/\/notinor.com\/jujuy\/wp-json\/wp\/v2\/media\/129720"}],"wp:attachment":[{"href":"https:\/\/notinor.com\/jujuy\/wp-json\/wp\/v2\/media?parent=412880"}],"wp:term":[{"taxonomy":"category","embeddable":true,"href":"https:\/\/notinor.com\/jujuy\/wp-json\/wp\/v2\/categories?post=412880"},{"taxonomy":"post_tag","embeddable":true,"href":"https:\/\/notinor.com\/jujuy\/wp-json\/wp\/v2\/tags?post=412880"}],"curies":[{"name":"wp","href":"https:\/\/api.w.org\/{rel}","templated":true}]}}