{"id":412872,"date":"2024-07-30T22:08:00","date_gmt":"2024-07-31T01:08:00","guid":{"rendered":"https:\/\/notinor.com\/jujuy\/?p=412872"},"modified":"2024-07-30T10:08:00","modified_gmt":"2024-07-30T10:08:00","slug":"taxistas-de-la-ciudad-se-capacitan-en-turismo","status":"publish","type":"post","link":"https:\/\/notinor.com\/jujuy\/taxistas-de-la-ciudad-se-capacitan-en-turismo\/","title":{"rendered":"Taxistas de la ciudad se capacitan en turismo"},"content":{"rendered":"\n<p class=\"has-medium-font-size\"><strong><em>La Municipalidad de San Salvador de Jujuy, en cumplimiento con la ordenanza N\u00b0 8018\/2024, ha iniciado el programa de capacitaci\u00f3n y concientizaci\u00f3n en turismo dirigido a choferes de taxis y taxis compartidos. Esta iniciativa, gestionada por la Direcci\u00f3n de Turismo, busca formar a los trabajadores del volante como \u201canfitriones tur\u00edsticos\u201d, proporcionando conocimientos sobre los principales puntos hist\u00f3ricos y atractivos tur\u00edsticos de la ciudad.<\/em><\/strong><\/p>\n\n\n<div class=\"wp-block-image\">\n<figure class=\"aligncenter size-large\"><img decoding=\"async\" loading=\"lazy\" width=\"840\" height=\"433\" src=\"https:\/\/notinor.com\/jujuy\/wp-content\/uploads\/2024\/07\/CAPACITACION-3-840x433.jpg\" alt=\"\" class=\"wp-image-412874\" srcset=\"https:\/\/notinor.com\/jujuy\/wp-content\/uploads\/2024\/07\/CAPACITACION-3-840x433.jpg 840w, https:\/\/notinor.com\/jujuy\/wp-content\/uploads\/2024\/07\/CAPACITACION-3-660x340.jpg 660w, https:\/\/notinor.com\/jujuy\/wp-content\/uploads\/2024\/07\/CAPACITACION-3-768x396.jpg 768w, https:\/\/notinor.com\/jujuy\/wp-content\/uploads\/2024\/07\/CAPACITACION-3-750x387.jpg 750w, https:\/\/notinor.com\/jujuy\/wp-content\/uploads\/2024\/07\/CAPACITACION-3.jpg 1024w\" sizes=\"(max-width: 840px) 100vw, 840px\" \/><\/figure><\/div>\n\n\n<p>El primer curso se est\u00e1 desarrollando en el sal\u00f3n de conferencias de la Direcci\u00f3n de Turismo, ubicada en calle Necochea N\u00b0 565. Durante esta capacitaci\u00f3n, se brinda informaci\u00f3n detallada sobre los lugares de inter\u00e9s y la agenda de los principales eventos culturales de Jujuy, preparando a los choferes para ofrecer un servicio de calidad a los visitantes.<\/p>\n\n\n<div class=\"wp-block-image\">\n<figure class=\"aligncenter size-large\"><img decoding=\"async\" loading=\"lazy\" width=\"797\" height=\"480\" src=\"https:\/\/notinor.com\/jujuy\/wp-content\/uploads\/2024\/07\/CAPACITACION-4-797x480.jpg\" alt=\"\" class=\"wp-image-412875\" srcset=\"https:\/\/notinor.com\/jujuy\/wp-content\/uploads\/2024\/07\/CAPACITACION-4-797x480.jpg 797w, https:\/\/notinor.com\/jujuy\/wp-content\/uploads\/2024\/07\/CAPACITACION-4-606x365.jpg 606w, https:\/\/notinor.com\/jujuy\/wp-content\/uploads\/2024\/07\/CAPACITACION-4-768x463.jpg 768w, https:\/\/notinor.com\/jujuy\/wp-content\/uploads\/2024\/07\/CAPACITACION-4-750x452.jpg 750w, https:\/\/notinor.com\/jujuy\/wp-content\/uploads\/2024\/07\/CAPACITACION-4.jpg 1024w\" sizes=\"(max-width: 797px) 100vw, 797px\" \/><\/figure><\/div>\n\n\n<p>Gabriela Canoniero, directora de Turismo, explic\u00f3 que \u201cen el marco de la Ordenanza 8018\/24, que habilita la creaci\u00f3n de un \u2018registro de taxis tur\u00edsticos\u2019 en la ciudad de San Salvador de Jujuy, la Direcci\u00f3n est\u00e1 llevando a cabo un programa de capacitaciones.\u201d A\u00f1adi\u00f3 que \u201cestamos iniciando la primera capacitaci\u00f3n de \u2018anfitriones\u2019, enfocada en los atractivos de la ciudad. La capacitaci\u00f3n tambi\u00e9n incluye una segunda parte dedicada a la provincia, proporcionando informaci\u00f3n sobre horarios y d\u00edas de funcionamiento de eventos, para que los choferes puedan estar conectados con las actividades tur\u00edsticas. Una vez finalizado este programa de tres meses, se elaborar\u00e1 un listado de taxis tur\u00edsticos, que se distribuir\u00e1 en hoteles, agencias de viajes y oficinas de informaci\u00f3n para trabajar conjuntamente\u201d.<\/p>\n\n\n\n<p>Canoniero tambi\u00e9n precis\u00f3 que la capacitaci\u00f3n se desarrolla en dos turnos, uno por la ma\u00f1ana y otro por la tarde, y que los cupos est\u00e1n completos, con taxistas en lista de espera para futuras sesiones. \u201cEstamos muy contentos con el inter\u00e9s mostrado y la idea es seguir mejorando la calidad de atenci\u00f3n en la ciudad\u201d, subray\u00f3.<\/p>\n\n\n\n<p>Finalmente, la funcionaria indic\u00f3 que \u201cen futuras capacitaciones se convocar\u00e1 a entidades tur\u00edsticas y hoteleras para resolver dudas y trabajar en la elaboraci\u00f3n de nuevas ordenanzas espec\u00edficas. Nuestro objetivo es brindar seguridad y fomentar el desarrollo continuo de los choferes en el \u00e1mbito tur\u00edstico.\u201d<\/p>\n\n\n\n<p><strong>Nota audiovisual:<\/strong>&nbsp;<a href=\"https:\/\/youtu.be\/d8UTRxIO-cU\" target=\"_blank\" rel=\"noreferrer noopener\">https:\/\/youtu.be\/d8UTRxIO-cU<\/a><\/p>\n","protected":false},"excerpt":{"rendered":"<p>La Municipalidad de San Salvador de Jujuy, en cumplimiento con la ordenanza N\u00b0 8018\/2024, ha iniciado el programa de capacitaci\u00f3n y concientizaci\u00f3n en turismo dirigido a choferes de taxis y taxis compartidos. Esta iniciativa, gestionada por la Direcci\u00f3n de Turismo, busca formar a los trabajadores del volante como \u201canfitriones tur\u00edsticos\u201d, proporcionando conocimientos sobre los principales [&hellip;]<\/p>\n","protected":false},"author":5,"featured_media":412873,"comment_status":"open","ping_status":"open","sticky":false,"template":"","format":"standard","meta":{"_stopmodifiedupdate":false,"_modified_date":"","inline_featured_image":false,"spay_email":"","jetpack_publicize_message":""},"categories":[514],"tags":[],"jetpack_featured_media_url":"https:\/\/notinor.com\/jujuy\/wp-content\/uploads\/2024\/07\/CAPACITACION-2.jpg","jetpack_publicize_connections":[],"_links":{"self":[{"href":"https:\/\/notinor.com\/jujuy\/wp-json\/wp\/v2\/posts\/412872"}],"collection":[{"href":"https:\/\/notinor.com\/jujuy\/wp-json\/wp\/v2\/posts"}],"about":[{"href":"https:\/\/notinor.com\/jujuy\/wp-json\/wp\/v2\/types\/post"}],"author":[{"embeddable":true,"href":"https:\/\/notinor.com\/jujuy\/wp-json\/wp\/v2\/users\/5"}],"replies":[{"embeddable":true,"href":"https:\/\/notinor.com\/jujuy\/wp-json\/wp\/v2\/comments?post=412872"}],"version-history":[{"count":1,"href":"https:\/\/notinor.com\/jujuy\/wp-json\/wp\/v2\/posts\/412872\/revisions"}],"predecessor-version":[{"id":412876,"href":"https:\/\/notinor.com\/jujuy\/wp-json\/wp\/v2\/posts\/412872\/revisions\/412876"}],"wp:featuredmedia":[{"embeddable":true,"href":"https:\/\/notinor.com\/jujuy\/wp-json\/wp\/v2\/media\/412873"}],"wp:attachment":[{"href":"https:\/\/notinor.com\/jujuy\/wp-json\/wp\/v2\/media?parent=412872"}],"wp:term":[{"taxonomy":"category","embeddable":true,"href":"https:\/\/notinor.com\/jujuy\/wp-json\/wp\/v2\/categories?post=412872"},{"taxonomy":"post_tag","embeddable":true,"href":"https:\/\/notinor.com\/jujuy\/wp-json\/wp\/v2\/tags?post=412872"}],"curies":[{"name":"wp","href":"https:\/\/api.w.org\/{rel}","templated":true}]}}