{"id":412864,"date":"2024-07-31T09:10:51","date_gmt":"2024-07-31T12:10:51","guid":{"rendered":"https:\/\/notinor.com\/jujuy\/?p=412864"},"modified":"2024-07-31T09:10:53","modified_gmt":"2024-07-31T12:10:53","slug":"ejesa-realizara-tareas-de-mejora-y-mantenimiento-de-redes-electricas-este-jueves-en-el-totoral-y-zonas-aledanas","status":"publish","type":"post","link":"https:\/\/notinor.com\/jujuy\/ejesa-realizara-tareas-de-mejora-y-mantenimiento-de-redes-electricas-este-jueves-en-el-totoral-y-zonas-aledanas\/","title":{"rendered":"EJESA realizar\u00e1 tareas de mejora y mantenimiento de redes el\u00e9ctricas este jueves en El Totoral y zonas aleda\u00f1as"},"content":{"rendered":"\n<p class=\"has-medium-font-size\"><strong><em>Informamos\u00a0que, con el objeto de\u00a0elevar la calidad de nuestro servicio,\u00a0se realizar\u00e1n tareas de\u00a0mantenimiento y renovaci\u00f3n\u00a0en las instalaciones de nuestro sistema.<\/em><\/strong><\/p>\n\n\n<div class=\"wp-block-image\">\n<figure class=\"aligncenter size-large is-resized\"><img decoding=\"async\" loading=\"lazy\" src=\"https:\/\/notinor.com\/jujuy\/wp-content\/uploads\/2019\/08\/Zona-franca-perico-682x480.jpg\" alt=\"\" class=\"wp-image-219519\" width=\"736\" height=\"518\" srcset=\"https:\/\/notinor.com\/jujuy\/wp-content\/uploads\/2019\/08\/Zona-franca-perico-682x480.jpg 682w, https:\/\/notinor.com\/jujuy\/wp-content\/uploads\/2019\/08\/Zona-franca-perico-519x365.jpg 519w, https:\/\/notinor.com\/jujuy\/wp-content\/uploads\/2019\/08\/Zona-franca-perico-768x540.jpg 768w, https:\/\/notinor.com\/jujuy\/wp-content\/uploads\/2019\/08\/Zona-franca-perico-300x210.jpg 300w, https:\/\/notinor.com\/jujuy\/wp-content\/uploads\/2019\/08\/Zona-franca-perico.jpg 800w\" sizes=\"(max-width: 736px) 100vw, 736px\" \/><\/figure><\/div>\n\n\n<p>Con este fin, ser\u00e1 necesario efectuar una&nbsp;interrupci\u00f3n programada en las siguientes zonas y horarios:<\/p>\n\n\n\n<p>\ud83d\udcccPERICO<\/p>\n\n\n\n<p>\ud83d\uddd3\ufe0f JUEVES 01\/08\/2024&nbsp;&nbsp;&nbsp;&nbsp;&nbsp;&nbsp;&nbsp;&nbsp;&nbsp;&nbsp;&nbsp;&nbsp;&nbsp;&nbsp;&nbsp;&nbsp;&nbsp;&nbsp;&nbsp;&nbsp;&nbsp;&nbsp;&nbsp;&nbsp;&nbsp;&nbsp;&nbsp;&nbsp;&nbsp;&nbsp;&nbsp;&nbsp;&nbsp;&nbsp;&nbsp;&nbsp;&nbsp;&nbsp;&nbsp;&nbsp;&nbsp;&nbsp;&nbsp;&nbsp;&nbsp;&nbsp;&nbsp;&nbsp;&nbsp;&nbsp;&nbsp;&nbsp;&nbsp;&nbsp;&nbsp;&nbsp;&nbsp;&nbsp;&nbsp;&nbsp;&nbsp;&nbsp;&nbsp;<\/p>\n\n\n\n<p>\ud83d\udd52&nbsp;De 08:00 a 14:00 Hs aprox.<\/p>\n\n\n\n<p>Zonas: El Totoral y zonas aleda\u00f1as.<\/p>\n\n\n\n<p>Agradecemos tomar las precauciones necesarias durante la duraci\u00f3n de dicha interrupci\u00f3n a fin de evitar mayores inconvenientes.<\/p>\n\n\n\n<p>Por consultas y\/o requerimientos te recordamos nuestros canales oficiales de contacto disponibles las 24hs. A trav\u00e9s de este link:&nbsp;<a href=\"https:\/\/linktr.ee\/ejesa\" target=\"_blank\" rel=\"noreferrer noopener\">https:\/\/linktr.ee\/ejesa<\/a><\/p>\n","protected":false},"excerpt":{"rendered":"<p>Informamos\u00a0que, con el objeto de\u00a0elevar la calidad de nuestro servicio,\u00a0se realizar\u00e1n tareas de\u00a0mantenimiento y renovaci\u00f3n\u00a0en las instalaciones de nuestro sistema. Con este fin, ser\u00e1 necesario efectuar una&nbsp;interrupci\u00f3n programada en las siguientes zonas y horarios: \ud83d\udcccPERICO \ud83d\uddd3\ufe0f JUEVES 01\/08\/2024&nbsp;&nbsp;&nbsp;&nbsp;&nbsp;&nbsp;&nbsp;&nbsp;&nbsp;&nbsp;&nbsp;&nbsp;&nbsp;&nbsp;&nbsp;&nbsp;&nbsp;&nbsp;&nbsp;&nbsp;&nbsp;&nbsp;&nbsp;&nbsp;&nbsp;&nbsp;&nbsp;&nbsp;&nbsp;&nbsp;&nbsp;&nbsp;&nbsp;&nbsp;&nbsp;&nbsp;&nbsp;&nbsp;&nbsp;&nbsp;&nbsp;&nbsp;&nbsp;&nbsp;&nbsp;&nbsp;&nbsp;&nbsp;&nbsp;&nbsp;&nbsp;&nbsp;&nbsp;&nbsp;&nbsp;&nbsp;&nbsp;&nbsp;&nbsp;&nbsp;&nbsp;&nbsp;&nbsp; \ud83d\udd52&nbsp;De 08:00 a 14:00 Hs aprox. Zonas: El Totoral y zonas aleda\u00f1as. Agradecemos tomar las precauciones necesarias [&hellip;]<\/p>\n","protected":false},"author":5,"featured_media":225168,"comment_status":"open","ping_status":"open","sticky":false,"template":"","format":"standard","meta":{"_stopmodifiedupdate":false,"_modified_date":"","inline_featured_image":false,"spay_email":"","jetpack_publicize_message":""},"categories":[4],"tags":[],"jetpack_featured_media_url":"https:\/\/notinor.com\/jujuy\/wp-content\/uploads\/2019\/11\/Zona-franca-perico.jpg","jetpack_publicize_connections":[],"_links":{"self":[{"href":"https:\/\/notinor.com\/jujuy\/wp-json\/wp\/v2\/posts\/412864"}],"collection":[{"href":"https:\/\/notinor.com\/jujuy\/wp-json\/wp\/v2\/posts"}],"about":[{"href":"https:\/\/notinor.com\/jujuy\/wp-json\/wp\/v2\/types\/post"}],"author":[{"embeddable":true,"href":"https:\/\/notinor.com\/jujuy\/wp-json\/wp\/v2\/users\/5"}],"replies":[{"embeddable":true,"href":"https:\/\/notinor.com\/jujuy\/wp-json\/wp\/v2\/comments?post=412864"}],"version-history":[{"count":1,"href":"https:\/\/notinor.com\/jujuy\/wp-json\/wp\/v2\/posts\/412864\/revisions"}],"predecessor-version":[{"id":412865,"href":"https:\/\/notinor.com\/jujuy\/wp-json\/wp\/v2\/posts\/412864\/revisions\/412865"}],"wp:featuredmedia":[{"embeddable":true,"href":"https:\/\/notinor.com\/jujuy\/wp-json\/wp\/v2\/media\/225168"}],"wp:attachment":[{"href":"https:\/\/notinor.com\/jujuy\/wp-json\/wp\/v2\/media?parent=412864"}],"wp:term":[{"taxonomy":"category","embeddable":true,"href":"https:\/\/notinor.com\/jujuy\/wp-json\/wp\/v2\/categories?post=412864"},{"taxonomy":"post_tag","embeddable":true,"href":"https:\/\/notinor.com\/jujuy\/wp-json\/wp\/v2\/tags?post=412864"}],"curies":[{"name":"wp","href":"https:\/\/api.w.org\/{rel}","templated":true}]}}