{"id":412860,"date":"2024-07-31T08:52:26","date_gmt":"2024-07-31T11:52:26","guid":{"rendered":"https:\/\/notinor.com\/jujuy\/?p=412860"},"modified":"2024-07-31T08:52:29","modified_gmt":"2024-07-31T11:52:29","slug":"convenio-para-garantizar-derechos-de-las-familias-y-el-acceso-a-la-cultura","status":"publish","type":"post","link":"https:\/\/notinor.com\/jujuy\/convenio-para-garantizar-derechos-de-las-familias-y-el-acceso-a-la-cultura\/","title":{"rendered":"Convenio para garantizar derechos de las familias y el acceso a la cultura"},"content":{"rendered":"\n<p class=\"has-medium-font-size\"><strong><em>El acuerdo prev\u00e9 la colaboraci\u00f3n para el desarrollo de capacitaciones, cert\u00e1menes, concursos a fin de garantizar derechos culturales a la ni\u00f1ez y las familias.<\/em><\/strong><\/p>\n\n\n<div class=\"wp-block-image\">\n<figure class=\"aligncenter size-large\"><img decoding=\"async\" loading=\"lazy\" width=\"803\" height=\"480\" src=\"https:\/\/notinor.com\/jujuy\/wp-content\/uploads\/2024\/07\/whatsapp-image-2024-07-30-at-80551-amjpeg-803x480.webp\" alt=\"\" class=\"wp-image-412861\" srcset=\"https:\/\/notinor.com\/jujuy\/wp-content\/uploads\/2024\/07\/whatsapp-image-2024-07-30-at-80551-amjpeg-803x480.webp 803w, https:\/\/notinor.com\/jujuy\/wp-content\/uploads\/2024\/07\/whatsapp-image-2024-07-30-at-80551-amjpeg-611x365.webp 611w, https:\/\/notinor.com\/jujuy\/wp-content\/uploads\/2024\/07\/whatsapp-image-2024-07-30-at-80551-amjpeg-768x459.webp 768w, https:\/\/notinor.com\/jujuy\/wp-content\/uploads\/2024\/07\/whatsapp-image-2024-07-30-at-80551-amjpeg-750x448.webp 750w, https:\/\/notinor.com\/jujuy\/wp-content\/uploads\/2024\/07\/whatsapp-image-2024-07-30-at-80551-amjpeg-1140x681.webp 1140w, https:\/\/notinor.com\/jujuy\/wp-content\/uploads\/2024\/07\/whatsapp-image-2024-07-30-at-80551-amjpeg.webp 1200w\" sizes=\"(max-width: 803px) 100vw, 803px\" \/><figcaption class=\"wp-element-caption\">Firma de convenio<\/figcaption><\/figure><\/div>\n\n\n<p><strong>Con la finalidad de fortalecer las capacidades de gesti\u00f3n y potenciar los recursos existentes en beneficio del desarrollo cultural de la Provincia, el ministro de Cultura y Turismo, Federico Posadas<\/strong>, junto al secretario de Ni\u00f1ez, Adolescencia y Familia del Ministerio de Desarrollo Humano, Sergio Vidaurre, rubricaron un convenio de Cooperaci\u00f3n Mutua en la Sala Silvetti.<\/p>\n\n\n\n<p>El documento legal prev\u00e9, entre algunas de las acciones, la colaboraci\u00f3n conjunta para el desarrollo de actividades de capacitaci\u00f3n como as\u00ed tambi\u00e9n el desarrollo de cert\u00e1menes y concursos; intercambios de experiencias profesionales en el campo de la gesti\u00f3n cultural, asistencia t\u00e9cnica mutua en materia de desarrollo tecnol\u00f3gico aplicada al campo de la cultura; y difusi\u00f3n de actividades conjuntas.<\/p>\n\n\n\n<blockquote class=\"wp-block-quote\">\n<p>Al respecto, el ministro Federico Posadas, puntualiz\u00f3 que \u201ccon esta firma estamos dando el marco legal a la labor que venimos realizando desde hace un tiempo a esta parte, como con Mitre en Vacaciones en el teatro Mitre y Recreo Largo en todo el territorio provincial, entre otras acciones conjuntas\u201d.<\/p>\n<\/blockquote>\n\n\n\n<p><strong>Adem\u00e1s anticip\u00f3 que \u201cse encuentran otros proyectos en carpeta que ya se vienen trabajando entre los equipos de Cultura y de Ni\u00f1ez\u201d <\/strong>y acot\u00f3 que \u201cuna de las pol\u00edticas de Estado es garantizar los derechos culturales y especialmente con los m\u00e1s peque\u00f1os que absorben y se convierten en multiplicadores, en este caso de la actividad cultural\u201d.<\/p>\n\n\n\n<p><strong>Agradeci\u00f3 la predisposici\u00f3n del Ministerio de Desarrollo Humano a trav\u00e9s del Secretario de Ni\u00f1ez, Adolescencia y Familia, Sergio Vidaurre<\/strong>, y agreg\u00f3 que \u201chemos creado lazos donde se est\u00e1n gestando acciones en pos de la familia y la cultura, por lo cual esperamos que el convenio se extienda m\u00e1s all\u00e1 de los tres a\u00f1os que prev\u00e9 el mismo\u201d.<\/p>\n\n\n\n<p>En tanto, el secretario de Ni\u00f1ez, Adolescencia y Familia, Sergio Vidaurre, se\u00f1al\u00f3 que \u201cse articulan acciones siempre teniendo en cuenta que el sistema de responsabilidad y protecci\u00f3n integral de ni\u00f1os, ni\u00f1as y adolescentes est\u00e1 basado en la corresponsabilidad de los distintos organismos p\u00fablicos y privados, lo que hace que la secretar\u00eda tenga en cuenta siempre el inter\u00e9s superior del ni\u00f1o y ni\u00f1a\u201d. <strong>Teniendo en cuenta a esa premisa dijo que \u201carticulamos con todas las \u00e1reas del gobierno como tambi\u00e9n privadas\u201d y acot\u00f3 que \u201ccon el ministerio de Cultura y Turismo, tratamos de hacer llegar algunas acciones que puedan contemplar el esparcimiento y recreaci\u00f3n\u201d. <\/strong><\/p>\n\n\n\n<p>Concluy\u00f3 asegurando que \u201cestas acciones junto a Ministerio de Turismo y Cultura continuar\u00e1n, especialmente en la temporada tur\u00edstica de la Provincia, para garantizar los derechos a la recreaci\u00f3n y juego de ni\u00f1os y ni\u00f1as\u201d.<\/p>\n","protected":false},"excerpt":{"rendered":"<p>El acuerdo prev\u00e9 la colaboraci\u00f3n para el desarrollo de capacitaciones, cert\u00e1menes, concursos a fin de garantizar derechos culturales a la ni\u00f1ez y las familias. Con la finalidad de fortalecer las capacidades de gesti\u00f3n y potenciar los recursos existentes en beneficio del desarrollo cultural de la Provincia, el ministro de Cultura y Turismo, Federico Posadas, junto [&hellip;]<\/p>\n","protected":false},"author":53,"featured_media":412861,"comment_status":"open","ping_status":"open","sticky":false,"template":"","format":"standard","meta":{"_stopmodifiedupdate":false,"_modified_date":"","inline_featured_image":false,"spay_email":"","jetpack_publicize_message":""},"categories":[832],"tags":[],"jetpack_featured_media_url":"https:\/\/notinor.com\/jujuy\/wp-content\/uploads\/2024\/07\/whatsapp-image-2024-07-30-at-80551-amjpeg.webp","jetpack_publicize_connections":[],"_links":{"self":[{"href":"https:\/\/notinor.com\/jujuy\/wp-json\/wp\/v2\/posts\/412860"}],"collection":[{"href":"https:\/\/notinor.com\/jujuy\/wp-json\/wp\/v2\/posts"}],"about":[{"href":"https:\/\/notinor.com\/jujuy\/wp-json\/wp\/v2\/types\/post"}],"author":[{"embeddable":true,"href":"https:\/\/notinor.com\/jujuy\/wp-json\/wp\/v2\/users\/53"}],"replies":[{"embeddable":true,"href":"https:\/\/notinor.com\/jujuy\/wp-json\/wp\/v2\/comments?post=412860"}],"version-history":[{"count":1,"href":"https:\/\/notinor.com\/jujuy\/wp-json\/wp\/v2\/posts\/412860\/revisions"}],"predecessor-version":[{"id":412862,"href":"https:\/\/notinor.com\/jujuy\/wp-json\/wp\/v2\/posts\/412860\/revisions\/412862"}],"wp:featuredmedia":[{"embeddable":true,"href":"https:\/\/notinor.com\/jujuy\/wp-json\/wp\/v2\/media\/412861"}],"wp:attachment":[{"href":"https:\/\/notinor.com\/jujuy\/wp-json\/wp\/v2\/media?parent=412860"}],"wp:term":[{"taxonomy":"category","embeddable":true,"href":"https:\/\/notinor.com\/jujuy\/wp-json\/wp\/v2\/categories?post=412860"},{"taxonomy":"post_tag","embeddable":true,"href":"https:\/\/notinor.com\/jujuy\/wp-json\/wp\/v2\/tags?post=412860"}],"curies":[{"name":"wp","href":"https:\/\/api.w.org\/{rel}","templated":true}]}}