{"id":412235,"date":"2024-07-23T08:43:09","date_gmt":"2024-07-23T11:43:09","guid":{"rendered":"https:\/\/notinor.com\/jujuy\/?p=412235"},"modified":"2024-07-23T08:43:10","modified_gmt":"2024-07-23T11:43:10","slug":"la-feria-del-libro-jujuy-sede-yungas-convoca-a-escritores-a-presentar-sus-obras","status":"publish","type":"post","link":"https:\/\/notinor.com\/jujuy\/la-feria-del-libro-jujuy-sede-yungas-convoca-a-escritores-a-presentar-sus-obras\/","title":{"rendered":"<strong>La Feria del Libro Jujuy sede Yungas convoca a escritores a presentar sus obras<\/strong>"},"content":{"rendered":"\n<p class=\"has-medium-font-size\"><strong><em>Desde el 13 al 18 de agosto en el Centro de Visitantes Ledesma, los autores locales podr\u00e1n presentar trabajos en todos los g\u00e9neros literarios.<\/em><\/strong><\/p>\n\n\n<div class=\"wp-block-image\">\n<figure class=\"aligncenter size-large\"><img decoding=\"async\" loading=\"lazy\" width=\"720\" height=\"480\" src=\"https:\/\/notinor.com\/jujuy\/wp-content\/uploads\/2024\/07\/FLYER1-720x480.jpg\" alt=\"\" class=\"wp-image-412237\" srcset=\"https:\/\/notinor.com\/jujuy\/wp-content\/uploads\/2024\/07\/FLYER1-720x480.jpg 720w, https:\/\/notinor.com\/jujuy\/wp-content\/uploads\/2024\/07\/FLYER1-548x365.jpg 548w, https:\/\/notinor.com\/jujuy\/wp-content\/uploads\/2024\/07\/FLYER1-768x512.jpg 768w, https:\/\/notinor.com\/jujuy\/wp-content\/uploads\/2024\/07\/FLYER1-1536x1024.jpg 1536w, https:\/\/notinor.com\/jujuy\/wp-content\/uploads\/2024\/07\/FLYER1-2048x1365.jpg 2048w, https:\/\/notinor.com\/jujuy\/wp-content\/uploads\/2024\/07\/FLYER1-750x500.jpg 750w, https:\/\/notinor.com\/jujuy\/wp-content\/uploads\/2024\/07\/FLYER1-1140x760.jpg 1140w\" sizes=\"(max-width: 720px) 100vw, 720px\" \/><\/figure><\/div>\n\n\n<p>Desde la Comisi\u00f3n Organizadora de la Feria del Libro Jujuy sede Yungas, se invita a escritores y escritoras de Libertador General San Mart\u00edn y ciudades aleda\u00f1as, que quieran participar presentando una de sus publicaciones, a sumarse a la 1ra Feria del Libro Jujuy en las Yungas. Esta se llevar\u00e1 a cabo entre el 13 y 18 de agosto en el Centro de Visitantes Ledesma.<\/p>\n\n\n<div class=\"wp-block-image\">\n<figure class=\"aligncenter size-large\"><img decoding=\"async\" loading=\"lazy\" width=\"480\" height=\"480\" src=\"https:\/\/notinor.com\/jujuy\/wp-content\/uploads\/2024\/07\/Flyer2-480x480.png\" alt=\"\" class=\"wp-image-412238\" srcset=\"https:\/\/notinor.com\/jujuy\/wp-content\/uploads\/2024\/07\/Flyer2-480x480.png 480w, https:\/\/notinor.com\/jujuy\/wp-content\/uploads\/2024\/07\/Flyer2-365x365.png 365w, https:\/\/notinor.com\/jujuy\/wp-content\/uploads\/2024\/07\/Flyer2-768x768.png 768w, https:\/\/notinor.com\/jujuy\/wp-content\/uploads\/2024\/07\/Flyer2-1536x1536.png 1536w, https:\/\/notinor.com\/jujuy\/wp-content\/uploads\/2024\/07\/Flyer2-2048x2048.png 2048w, https:\/\/notinor.com\/jujuy\/wp-content\/uploads\/2024\/07\/Flyer2-75x75.png 75w, https:\/\/notinor.com\/jujuy\/wp-content\/uploads\/2024\/07\/Flyer2-750x750.png 750w, https:\/\/notinor.com\/jujuy\/wp-content\/uploads\/2024\/07\/Flyer2-1140x1140.png 1140w\" sizes=\"(max-width: 480px) 100vw, 480px\" \/><\/figure><\/div>\n\n\n<p>Los autores interesados en participar, deben a acercarse al Centro de Visitantes Ledesma o dirigirse por el correo electr\u00f3nico a centrovisitantes@ledesma.com.ar, o llamar a los tel\u00e9fonos (03886) 429440 \/ 429439 o por whatsapp a +54 9 3886 35-0133, de lunes a viernes de 9 a 12 y 15 a 18 h.<\/p>\n\n\n\n<p>La convocatoria est\u00e1 abierta a autores de todas las edades y g\u00e9neros literarios.<\/p>\n\n\n\n<p><strong>Presentaci\u00f3n de la 1ra Feria del Libro Jujuy en las Yungas<\/strong><\/p>\n\n\n\n<p>D\u00edas atr\u00e1s se present\u00f3 formalmente en el Centro de Visitantes Ledesma de Libertador General San Mart\u00edn, la 1\u00b0 Feria del Libro Jujuy en las Yungas. Se trata de una organizaci\u00f3n conjunta entre la Comisi\u00f3n Organizadora de la Feria y el Centro de Visitantes de la empresa Ledesma. Esta nueva sede tendr\u00e1 actividades y propuestas para todo el p\u00fablico entre el 13 y 18 de agosto pr\u00f3ximo.<\/p>\n\n\n\n<p>La presentaci\u00f3n de la flamante sede, cont\u00f3 con la presencia de Mar\u00eda Eugenia Jald\u00edn e In\u00e9s Pemberton, de la Comisi\u00f3n Organizadora de esta propuesta cultural que se realiza en San Salvador de Jujuy desde hace 20 a\u00f1os, quienes fueron recibidas por la directora del Centro de Visitantes Ledesma, Leonor Calv\u00f3. Las organizadoras hicieron un recorrido por el espacio donde se realizar\u00e1 esta primera edici\u00f3n, y conversaron con la prensa local.<\/p>\n\n\n\n<p>Leonor Calv\u00f3, agradeci\u00f3 la confianza de la Comisi\u00f3n Organizadora en la trayectoria de la instituci\u00f3n que representa y enfatiz\u00f3 los atractivos de esta propuesta cultural para la regi\u00f3n. \u201cVamos a realizar la feria de modo simult\u00e1neo, con el mismo formato \u2013stands de libros, propuesta art\u00edsticas y culturales para adultos y ni\u00f1os, presentaci\u00f3n de autores y espacios de lectura de las Bibliotecas P\u00fablicas locales-, pero con menos d\u00edas, desde el 13 al 18 de agosto\u201d, precis\u00f3.<\/p>\n\n\n\n<p>Por su parte, Mar\u00eda Eugenia Jald\u00edn, invit\u00f3 al p\u00fablico en general, a docentes, a estudiantes y autores de la regi\u00f3n y de toda la provincia a \u201cacompa\u00f1ar la propuesta, ya que es la primera vez que se replica con stands, presentaciones y actividades. Esperamos poder mantener este v\u00ednculo en el tiempo y seguir creciendo llegando a m\u00e1s lectores\u201d, precis\u00f3.<\/p>\n\n\n\n<p>Finalmente, In\u00e9s Pemberton, destac\u00f3 el trabajo de 20 a\u00f1os como organizaci\u00f3n independiente. \u201cFormamos parte de una grilla de Ferias de Libro del interior del pa\u00eds ya consolidada, pr\u00f3ximamente recibiremos la personer\u00eda jur\u00eddica\u201d, describi\u00f3 y coment\u00f3 que \u201cabrir este espacio es una verdadera fiesta cultural, el intercambio de actividades y de disertantes que tenemos previsto va a ser un lujo\u201d.<\/p>\n","protected":false},"excerpt":{"rendered":"<p>Desde el 13 al 18 de agosto en el Centro de Visitantes Ledesma, los autores locales podr\u00e1n presentar trabajos en todos los g\u00e9neros literarios. Desde la Comisi\u00f3n Organizadora de la Feria del Libro Jujuy sede Yungas, se invita a escritores y escritoras de Libertador General San Mart\u00edn y ciudades aleda\u00f1as, que quieran participar presentando una [&hellip;]<\/p>\n","protected":false},"author":5,"featured_media":412236,"comment_status":"open","ping_status":"open","sticky":false,"template":"","format":"standard","meta":{"_stopmodifiedupdate":false,"_modified_date":"","inline_featured_image":false,"spay_email":"","jetpack_publicize_message":""},"categories":[4],"tags":[],"jetpack_featured_media_url":"https:\/\/notinor.com\/jujuy\/wp-content\/uploads\/2024\/07\/Flyer.png","jetpack_publicize_connections":[],"_links":{"self":[{"href":"https:\/\/notinor.com\/jujuy\/wp-json\/wp\/v2\/posts\/412235"}],"collection":[{"href":"https:\/\/notinor.com\/jujuy\/wp-json\/wp\/v2\/posts"}],"about":[{"href":"https:\/\/notinor.com\/jujuy\/wp-json\/wp\/v2\/types\/post"}],"author":[{"embeddable":true,"href":"https:\/\/notinor.com\/jujuy\/wp-json\/wp\/v2\/users\/5"}],"replies":[{"embeddable":true,"href":"https:\/\/notinor.com\/jujuy\/wp-json\/wp\/v2\/comments?post=412235"}],"version-history":[{"count":1,"href":"https:\/\/notinor.com\/jujuy\/wp-json\/wp\/v2\/posts\/412235\/revisions"}],"predecessor-version":[{"id":412239,"href":"https:\/\/notinor.com\/jujuy\/wp-json\/wp\/v2\/posts\/412235\/revisions\/412239"}],"wp:featuredmedia":[{"embeddable":true,"href":"https:\/\/notinor.com\/jujuy\/wp-json\/wp\/v2\/media\/412236"}],"wp:attachment":[{"href":"https:\/\/notinor.com\/jujuy\/wp-json\/wp\/v2\/media?parent=412235"}],"wp:term":[{"taxonomy":"category","embeddable":true,"href":"https:\/\/notinor.com\/jujuy\/wp-json\/wp\/v2\/categories?post=412235"},{"taxonomy":"post_tag","embeddable":true,"href":"https:\/\/notinor.com\/jujuy\/wp-json\/wp\/v2\/tags?post=412235"}],"curies":[{"name":"wp","href":"https:\/\/api.w.org\/{rel}","templated":true}]}}