{"id":412227,"date":"2024-07-23T00:06:02","date_gmt":"2024-07-23T03:06:02","guid":{"rendered":"https:\/\/notinor.com\/jujuy\/?p=412227"},"modified":"2024-07-23T00:06:04","modified_gmt":"2024-07-23T03:06:04","slug":"final-con-balance-muy-positivo-de-los-corsos-de-invierno-en-san-pedro","status":"publish","type":"post","link":"https:\/\/notinor.com\/jujuy\/final-con-balance-muy-positivo-de-los-corsos-de-invierno-en-san-pedro\/","title":{"rendered":"Final con balance muy positivo de los Corsos de Invierno\u00a0en San Pedro"},"content":{"rendered":"\n<p class=\"has-medium-font-size\"><strong><em>La gesti\u00f3n municipal del Intendente Julio Bravo cerr\u00f3 la tercera edici\u00f3n de los Corsos de Invierno con \u00e9xito. Hubo una masiva participaci\u00f3n del p\u00fablico que se deleit\u00f3 con el nivel de las m\u00e1s de 35 comparsas que dijeron presentes.<\/em><\/strong><\/p>\n\n\n\n<p><\/p>\n\n\n<div class=\"wp-block-image\">\n<figure class=\"aligncenter size-full\"><img decoding=\"async\" loading=\"lazy\" width=\"800\" height=\"450\" src=\"https:\/\/notinor.com\/jujuy\/wp-content\/uploads\/2024\/07\/corsos-de-invierno-san-pedro.jpg\" alt=\"\" class=\"wp-image-412228\" srcset=\"https:\/\/notinor.com\/jujuy\/wp-content\/uploads\/2024\/07\/corsos-de-invierno-san-pedro.jpg 800w, https:\/\/notinor.com\/jujuy\/wp-content\/uploads\/2024\/07\/corsos-de-invierno-san-pedro-649x365.jpg 649w, https:\/\/notinor.com\/jujuy\/wp-content\/uploads\/2024\/07\/corsos-de-invierno-san-pedro-500x280.jpg 500w, https:\/\/notinor.com\/jujuy\/wp-content\/uploads\/2024\/07\/corsos-de-invierno-san-pedro-768x432.jpg 768w, https:\/\/notinor.com\/jujuy\/wp-content\/uploads\/2024\/07\/corsos-de-invierno-san-pedro-750x422.jpg 750w\" sizes=\"(max-width: 800px) 100vw, 800px\" \/><\/figure><\/div>\n\n\n<p><\/p>\n\n\n\n<p>Con un circuito de la Comecor mucho m\u00e1s corto que el que se utiliza durante las noches de carnaval, pero no menos atractivo, turistas de distintos puntos de la provincia como as\u00ed tambi\u00e9n de otros puntos del pa\u00eds, disfrutaron de la \u00faltima jornada.<\/p>\n\n\n\n<p>Por eso el saldo de los dos fines de semanas es muy positivo, ya que tanto en la primera tarde como la de ayer, la gente respondi\u00f3 <strong>\u201cobservamos una gran cantidad de p\u00fablico que se asemeja a la edici\u00f3n pasada, por suerte pudimos realizarlo con normalidad y contamos con turistas de muchas provincias\u201d, <\/strong>expres\u00f3 Ariel Bravo.<\/p>\n\n\n\n<p>El Secretario de Desarrollo Humano de la comuna sampedre\u00f1a cont\u00f3 que ahora en m\u00e1s comienzan a trabajar para los corsos del 2025 junto a todos los artistas con sus respectivos caciques y la Comisi\u00f3n Ejecutiva de Corsos. &nbsp;<\/p>\n\n\n\n<p>Bravo remarc\u00f3 que <strong>\u201cse vio en nuestra terminal de colectivos a las 21, 21.30 estuvo repleta, mucha gente, nuestros productores locales venden sus productos, se mueve la econom\u00eda de los comercios en un momento de crisis nacional, los sampedre\u00f1os con nuestras herramientas tenemos que lograr consolidarnos como una ciudad tur\u00edstica\u201d,<\/strong> opin\u00f3.<\/p>\n\n\n\n<p>Por eso el actual Secretario de Desarrollo Humano a cargo de la Secretar\u00eda de Gobierno pidi\u00f3 a los vecinos, a los artistas, seguir poniendo muchos esfuerzos, ganas, para que el corso de invierno perdure por muchos a\u00f1os.<\/p>\n\n\n\n<p><strong>Sucede que la idea de esta importante actividad siempre fue posicionar a San Pedro de Jujuy como una alternativa para los turistas que durante la temporada alta de vacaciones, sea de invierno o bien durante el verano, visitan la provincia.<\/strong><\/p>\n\n\n\n<p>Sin dudas es dif\u00edcil competir con las bondades naturales del norte, Purmamarca, Tilcara, Maimar\u00e1, Humahuaca, pero San Pedro de Jujuy cuenta con un abanico de actividades para su desarrollo, desde el predio Tierra Brava y su recorrido con el trekking, hasta la Pe\u00f1a Colorada, los corsos.<\/p>\n\n\n\n<p>Por eso Ariel Bravo remarc\u00f3 que <strong>\u201cdentro de la pol\u00edtica del intendente Julio Bravo es mantener una agenda pol\u00edtica deportiva con diversas actividades como ser el Trasyunga de mountain bike, de enduro, con estos corsos de invierno y todo el potencial que tenemos los sampedre\u00f1os\u201d,<\/strong> subray\u00f3. \u00a0<\/p>\n\n\n\n<p><strong>En la \u00faltima jornada como siempre las comparsas dieron un show, en el escenario de la Comecor el grupo Amaluna volvi\u00f3 al circuito con show incluido y la siempre c\u00e1lida voz de Cecilia Sanagua.<\/strong> El resto de los artistas, cada uno en su respectivo rubro, tambi\u00e9n se brindaron para el espect\u00e1culo.<\/p>\n","protected":false},"excerpt":{"rendered":"<p>La gesti\u00f3n municipal del Intendente Julio Bravo cerr\u00f3 la tercera edici\u00f3n de los Corsos de Invierno con \u00e9xito. Hubo una masiva participaci\u00f3n del p\u00fablico que se deleit\u00f3 con el nivel de las m\u00e1s de 35 comparsas que dijeron presentes. Con un circuito de la Comecor mucho m\u00e1s corto que el que se utiliza durante las [&hellip;]<\/p>\n","protected":false},"author":49,"featured_media":412228,"comment_status":"open","ping_status":"open","sticky":false,"template":"","format":"standard","meta":{"_stopmodifiedupdate":false,"_modified_date":"","inline_featured_image":false,"spay_email":"","jetpack_publicize_message":""},"categories":[4],"tags":[],"jetpack_featured_media_url":"https:\/\/notinor.com\/jujuy\/wp-content\/uploads\/2024\/07\/corsos-de-invierno-san-pedro.jpg","jetpack_publicize_connections":[],"_links":{"self":[{"href":"https:\/\/notinor.com\/jujuy\/wp-json\/wp\/v2\/posts\/412227"}],"collection":[{"href":"https:\/\/notinor.com\/jujuy\/wp-json\/wp\/v2\/posts"}],"about":[{"href":"https:\/\/notinor.com\/jujuy\/wp-json\/wp\/v2\/types\/post"}],"author":[{"embeddable":true,"href":"https:\/\/notinor.com\/jujuy\/wp-json\/wp\/v2\/users\/49"}],"replies":[{"embeddable":true,"href":"https:\/\/notinor.com\/jujuy\/wp-json\/wp\/v2\/comments?post=412227"}],"version-history":[{"count":1,"href":"https:\/\/notinor.com\/jujuy\/wp-json\/wp\/v2\/posts\/412227\/revisions"}],"predecessor-version":[{"id":412229,"href":"https:\/\/notinor.com\/jujuy\/wp-json\/wp\/v2\/posts\/412227\/revisions\/412229"}],"wp:featuredmedia":[{"embeddable":true,"href":"https:\/\/notinor.com\/jujuy\/wp-json\/wp\/v2\/media\/412228"}],"wp:attachment":[{"href":"https:\/\/notinor.com\/jujuy\/wp-json\/wp\/v2\/media?parent=412227"}],"wp:term":[{"taxonomy":"category","embeddable":true,"href":"https:\/\/notinor.com\/jujuy\/wp-json\/wp\/v2\/categories?post=412227"},{"taxonomy":"post_tag","embeddable":true,"href":"https:\/\/notinor.com\/jujuy\/wp-json\/wp\/v2\/tags?post=412227"}],"curies":[{"name":"wp","href":"https:\/\/api.w.org\/{rel}","templated":true}]}}