{"id":412220,"date":"2024-07-23T07:45:00","date_gmt":"2024-07-23T10:45:00","guid":{"rendered":"https:\/\/notinor.com\/jujuy\/?p=412220"},"modified":"2024-07-22T22:59:11","modified_gmt":"2024-07-23T01:59:11","slug":"tras-la-polemica-que-genero-villarruel-milei-y-macron-se-reunen-en-francia-este-viernes","status":"publish","type":"post","link":"https:\/\/notinor.com\/jujuy\/tras-la-polemica-que-genero-villarruel-milei-y-macron-se-reunen-en-francia-este-viernes\/","title":{"rendered":"Tras la pol\u00e9mica que gener\u00f3 Villarruel, Milei y Macron se re\u00fanen en Francia este viernes"},"content":{"rendered":"\n<p class=\"has-medium-font-size\"><strong><em>El presidente Javier Milei comenz\u00f3 una nueva semana de agitada actividad pol\u00edtica, que en esta ocasi\u00f3n lo llevar\u00e1 a reunirse con su par de Francia, Emmanuel Macron, y a dar un discurso ante importantes empresarios del sector agroindustrial, aunque tambi\u00e9n tendr\u00e1 un momento para disfrutar de una \u00f3pera.<\/em><\/strong><\/p>\n\n\n<div class=\"wp-block-image\">\n<figure class=\"aligncenter size-large\"><img decoding=\"async\" loading=\"lazy\" width=\"840\" height=\"472\" src=\"https:\/\/notinor.com\/jujuy\/wp-content\/uploads\/2024\/07\/1010x567_milei-macron-490469-193925-840x472.jpg\" alt=\"\" class=\"wp-image-412222\" srcset=\"https:\/\/notinor.com\/jujuy\/wp-content\/uploads\/2024\/07\/1010x567_milei-macron-490469-193925-840x472.jpg 840w, https:\/\/notinor.com\/jujuy\/wp-content\/uploads\/2024\/07\/1010x567_milei-macron-490469-193925-650x365.jpg 650w, https:\/\/notinor.com\/jujuy\/wp-content\/uploads\/2024\/07\/1010x567_milei-macron-490469-193925-500x280.jpg 500w, https:\/\/notinor.com\/jujuy\/wp-content\/uploads\/2024\/07\/1010x567_milei-macron-490469-193925-768x431.jpg 768w, https:\/\/notinor.com\/jujuy\/wp-content\/uploads\/2024\/07\/1010x567_milei-macron-490469-193925-750x421.jpg 750w, https:\/\/notinor.com\/jujuy\/wp-content\/uploads\/2024\/07\/1010x567_milei-macron-490469-193925.jpg 1010w\" sizes=\"(max-width: 840px) 100vw, 840px\" \/><figcaption class=\"wp-element-caption\">Milei y Macron<\/figcaption><\/figure><\/div>\n\n\n<p>El Presidente viajar\u00e1 este mi\u00e9rcoles para la inauguraci\u00f3n de los Juegos Ol\u00edmpicos de Paris. Antes, ir\u00e1 al Teatro Col\u00f3n y volver\u00e1 la hablar en La Rural.<strong> Seg\u00fan pudo confirmar Infobae, el jefe de Estado emprender\u00e1 su viaje hacia Par\u00eds el mi\u00e9rcoles y el viernes ser\u00e1 la bilateral con el mandatario de Francia. Sin embargo, tiene una agenda reservada, cuyas actividades se mantienen bajo fuerte hermetismo.<\/strong><\/p>\n\n\n\n<p>La cumbre con el l\u00edder europeo sucede luego de la pol\u00e9mica que gener\u00f3 Victoria Villarruel con su publicaci\u00f3n en redes sociales para apoyar a la selecci\u00f3n argentina luego de los cantos racistas contra Francia por la obtenci\u00f3n de la Copa Am\u00e9rica.<\/p>\n\n\n\n<p>\u201cArgentina es un pa\u00eds soberano y libre. Nunca tuvimos colonias ni ciudadanos de segunda. Nunca le impusimos a nadie nuestra forma de vida. Pero tampoco vamos a tolerar que lo hagan con nosotros. Argentina se hizo con el sudor y el coraje de los indios, los europeos, los criollos y los negros como Remedios del Valle, el Sargento Cabral y Bernardo de Monteagudo. Ning\u00fan pa\u00eds colonialista nos va a amedrentar por una canci\u00f3n de cancha ni por decir las verdades que no se quieren admitir. Basta de simular indignaci\u00f3n, hip\u00f3critas. Enzo yo te banco, Messi gracias por todo! \u00a1Argentinos siempre con la frente alta! \u00a1Viva la Argentinidad\u201d, hab\u00eda expresado la dirigente libertaria en su cuenta de X.<\/p>\n\n\n\n<p><strong>Esto gener\u00f3 que Karina Milei, secretaria general de la Presidencia y persona de m\u00e1xima confianza del l\u00edder libertario, fuera a la embajada de Francia en la Argentina a pedir disculpas. <\/strong><\/p>\n\n\n\n<blockquote class=\"wp-block-quote\">\n<p>La funcionaria se reuni\u00f3 con el embajador Romain Nadal durante poco m\u00e1s de media hora y se ocup\u00f3 de transmitir que el gobierno argentino no comparte de ninguna manera las declaraciones que pronunci\u00f3 la titular del Senado.<\/p>\n<\/blockquote>\n\n\n\n<p><strong>En este contexto, el presidente Milei volver\u00e1 a encontrarse con Macron, con quien ya convers\u00f3 fugazmente en uno de los pasillos del lujoso complejo hotelero Borgo Egnazia, en el sur de Italia, en el marco de la Cumbre de L\u00edderes del G7, a la que el libertario fue invitado por la primera ministra italiana y anfitriona, Giorgia Meloni.<\/strong><\/p>\n\n\n\n<p>En esta oportunidad, sin embargo, la charla entre los mandatarios se prev\u00e9 que ser\u00e1 m\u00e1s extendida y se dar\u00e1 con muchas de las reformas presentadas por el oficialismo argentino ya aprobadas por el Congreso, lo cual en la Casa Rosada conf\u00edan en que atraer\u00e1n inversiones en el corto plazo.<\/p>\n","protected":false},"excerpt":{"rendered":"<p>El presidente Javier Milei comenz\u00f3 una nueva semana de agitada actividad pol\u00edtica, que en esta ocasi\u00f3n lo llevar\u00e1 a reunirse con su par de Francia, Emmanuel Macron, y a dar un discurso ante importantes empresarios del sector agroindustrial, aunque tambi\u00e9n tendr\u00e1 un momento para disfrutar de una \u00f3pera. El Presidente viajar\u00e1 este mi\u00e9rcoles para la [&hellip;]<\/p>\n","protected":false},"author":53,"featured_media":412222,"comment_status":"open","ping_status":"open","sticky":false,"template":"","format":"standard","meta":{"_stopmodifiedupdate":false,"_modified_date":"","inline_featured_image":false,"spay_email":"","jetpack_publicize_message":""},"categories":[6],"tags":[],"jetpack_featured_media_url":"https:\/\/notinor.com\/jujuy\/wp-content\/uploads\/2024\/07\/1010x567_milei-macron-490469-193925.jpg","jetpack_publicize_connections":[],"_links":{"self":[{"href":"https:\/\/notinor.com\/jujuy\/wp-json\/wp\/v2\/posts\/412220"}],"collection":[{"href":"https:\/\/notinor.com\/jujuy\/wp-json\/wp\/v2\/posts"}],"about":[{"href":"https:\/\/notinor.com\/jujuy\/wp-json\/wp\/v2\/types\/post"}],"author":[{"embeddable":true,"href":"https:\/\/notinor.com\/jujuy\/wp-json\/wp\/v2\/users\/53"}],"replies":[{"embeddable":true,"href":"https:\/\/notinor.com\/jujuy\/wp-json\/wp\/v2\/comments?post=412220"}],"version-history":[{"count":1,"href":"https:\/\/notinor.com\/jujuy\/wp-json\/wp\/v2\/posts\/412220\/revisions"}],"predecessor-version":[{"id":412223,"href":"https:\/\/notinor.com\/jujuy\/wp-json\/wp\/v2\/posts\/412220\/revisions\/412223"}],"wp:featuredmedia":[{"embeddable":true,"href":"https:\/\/notinor.com\/jujuy\/wp-json\/wp\/v2\/media\/412222"}],"wp:attachment":[{"href":"https:\/\/notinor.com\/jujuy\/wp-json\/wp\/v2\/media?parent=412220"}],"wp:term":[{"taxonomy":"category","embeddable":true,"href":"https:\/\/notinor.com\/jujuy\/wp-json\/wp\/v2\/categories?post=412220"},{"taxonomy":"post_tag","embeddable":true,"href":"https:\/\/notinor.com\/jujuy\/wp-json\/wp\/v2\/tags?post=412220"}],"curies":[{"name":"wp","href":"https:\/\/api.w.org\/{rel}","templated":true}]}}