{"id":412215,"date":"2024-07-23T07:15:00","date_gmt":"2024-07-23T10:15:00","guid":{"rendered":"https:\/\/notinor.com\/jujuy\/?p=412215"},"modified":"2024-07-22T22:38:32","modified_gmt":"2024-07-23T01:38:32","slug":"mondino-dijo-que-el-gobierno-quiere-que-se-eliminen-las-trabas-paraarancelarias-que-afronta-la-argentina","status":"publish","type":"post","link":"https:\/\/notinor.com\/jujuy\/mondino-dijo-que-el-gobierno-quiere-que-se-eliminen-las-trabas-paraarancelarias-que-afronta-la-argentina\/","title":{"rendered":"Mondino dijo que el Gobierno quiere que se eliminen las trabas paraarancelarias que afronta la Argentina"},"content":{"rendered":"\n<p class=\"has-medium-font-size\"><em><strong>\u201cNo se tiene que confundir los que son temas sanitarios de los paraancelarios\u201d, dijo la canciller en el contexto de una pol\u00e9mica decisi\u00f3n de Europa que, a partir de 2025, no comprar\u00e1 carne de zonas que hayan sido deforestadas desde el 1\u00b0 de enero de 2021<\/strong><\/em><\/p>\n\n\n<div class=\"wp-block-image\">\n<figure class=\"aligncenter size-large\"><img decoding=\"async\" loading=\"lazy\" width=\"840\" height=\"480\" src=\"https:\/\/notinor.com\/jujuy\/wp-content\/uploads\/2024\/07\/mondino-la-rural-840x480.png\" alt=\"\" class=\"wp-image-412217\" srcset=\"https:\/\/notinor.com\/jujuy\/wp-content\/uploads\/2024\/07\/mondino-la-rural-840x480.png 840w, https:\/\/notinor.com\/jujuy\/wp-content\/uploads\/2024\/07\/mondino-la-rural-640x365.png 640w, https:\/\/notinor.com\/jujuy\/wp-content\/uploads\/2024\/07\/mondino-la-rural-768x438.png 768w, https:\/\/notinor.com\/jujuy\/wp-content\/uploads\/2024\/07\/mondino-la-rural-750x428.png 750w, https:\/\/notinor.com\/jujuy\/wp-content\/uploads\/2024\/07\/mondino-la-rural.png 1000w\" sizes=\"(max-width: 840px) 100vw, 840px\" \/><figcaption class=\"wp-element-caption\">Diana Mondino<\/figcaption><\/figure><\/div>\n\n\n<p><strong>\u201cEl Gobierno va a trabajar para eliminar aquellas barreras paraarancelarias que son fantasmas que se van creando de nuestro lado y del lado del comprador para justificar el cierre de mercados\u201d<\/strong>. Luego de entregar el m\u00e1ximo galard\u00f3n de la raza Braford a una vaca de las caba\u00f1as Los Guasunchos y Las Brisas, como Gran Campe\u00f3n Hembra, en la pista central de Palermo y, en medio de la pol\u00e9mica normativa sobre deforestaci\u00f3n que llevar\u00e1 adelante la Uni\u00f3n Europea para el ingreso de productos a esa regi\u00f3n, la Canciller Diana Mondino se\u00f1al\u00f3 que \u201cno se tiene que confundir los que son temas sanitarios de los paraancelarios\u201d. Vale recordar que desde 2025 el bloque europeo no comprar\u00e1 carne proveniente de regiones deforestadas despu\u00e9s del 1\u00b0 de enero de 2021.<\/p>\n\n\n\n<p>\u201cLa Canciller\u00eda est\u00e1 trabajando en apertura de muchos mercados de la carne, pero de muchos otros productos m\u00e1s tambi\u00e9n. La verdad que es un trabajo conjunto con otras \u00e1reas del Gobierno, de la cual estamos bastante orgullosos de lo bien que va funcionando. <strong>Nada es perfecto, pero vamos yendo much\u00edsimo m\u00e1s r\u00e1pido de lo que imagin\u00e1bamos. Nosotros trabajamos para abrir mercados. <\/strong>La calidad del producto queda en manos del productor. Entre los dos, ojal\u00e1 logramos tener muchas mejores exportaciones\u201d, dijo.<\/p>\n\n\n\n<blockquote class=\"wp-block-quote\">\n<p>En este sentido, afirm\u00f3 que ahora, de todas maneras, \u201cel trabajo va a ser de los productores, de salir y vender\u201d. <\/p>\n<\/blockquote>\n\n\n\n<p><strong>\u201cSer\u00e1 m\u00e1s dif\u00edcil seguramente Jap\u00f3n y reconquistar Estados Unidos, donde tenemos todo tipo de barreras sanitarias, arancelarias, de costos y de reputaci\u00f3n. La Argentina debe volver a tener la reputaci\u00f3n que alguna vez tuvo\u201d, indic\u00f3.<\/strong><\/p>\n\n\n\n<p>La funcionaria estuvo en la 136\u00ba Exposici\u00f3n Rural de Palermo acompa\u00f1ada por los embajadores de Uruguay, Carlos Enciso, y de Paraguay, Helena Felip: \u201cEstamos junto a los embajadores de estos pa\u00edses porque ellos utilizan nuestra gen\u00e9tica y han ido ganando mercados en base al enorme trabajo que hicieron los argentinos durante muchas d\u00e9cadas. Y, como hemos tenido mercados cerrados y muy castigados, por suerte hay alguien que ha sabido aprovecharlo para hacer buenos negocios y eso es lo que espero que nuestro pa\u00eds pueda volver a hacer. Desde hace ya unos meses que estamos en ese camino\u201d.<\/p>\n","protected":false},"excerpt":{"rendered":"<p>\u201cNo se tiene que confundir los que son temas sanitarios de los paraancelarios\u201d, dijo la canciller en el contexto de una pol\u00e9mica decisi\u00f3n de Europa que, a partir de 2025, no comprar\u00e1 carne de zonas que hayan sido deforestadas desde el 1\u00b0 de enero de 2021 \u201cEl Gobierno va a trabajar para eliminar aquellas barreras [&hellip;]<\/p>\n","protected":false},"author":53,"featured_media":412216,"comment_status":"open","ping_status":"open","sticky":false,"template":"","format":"standard","meta":{"_stopmodifiedupdate":false,"_modified_date":"","inline_featured_image":false,"spay_email":"","jetpack_publicize_message":""},"categories":[2542],"tags":[],"jetpack_featured_media_url":"https:\/\/notinor.com\/jujuy\/wp-content\/uploads\/2024\/07\/images-4.jpg","jetpack_publicize_connections":[],"_links":{"self":[{"href":"https:\/\/notinor.com\/jujuy\/wp-json\/wp\/v2\/posts\/412215"}],"collection":[{"href":"https:\/\/notinor.com\/jujuy\/wp-json\/wp\/v2\/posts"}],"about":[{"href":"https:\/\/notinor.com\/jujuy\/wp-json\/wp\/v2\/types\/post"}],"author":[{"embeddable":true,"href":"https:\/\/notinor.com\/jujuy\/wp-json\/wp\/v2\/users\/53"}],"replies":[{"embeddable":true,"href":"https:\/\/notinor.com\/jujuy\/wp-json\/wp\/v2\/comments?post=412215"}],"version-history":[{"count":1,"href":"https:\/\/notinor.com\/jujuy\/wp-json\/wp\/v2\/posts\/412215\/revisions"}],"predecessor-version":[{"id":412218,"href":"https:\/\/notinor.com\/jujuy\/wp-json\/wp\/v2\/posts\/412215\/revisions\/412218"}],"wp:featuredmedia":[{"embeddable":true,"href":"https:\/\/notinor.com\/jujuy\/wp-json\/wp\/v2\/media\/412216"}],"wp:attachment":[{"href":"https:\/\/notinor.com\/jujuy\/wp-json\/wp\/v2\/media?parent=412215"}],"wp:term":[{"taxonomy":"category","embeddable":true,"href":"https:\/\/notinor.com\/jujuy\/wp-json\/wp\/v2\/categories?post=412215"},{"taxonomy":"post_tag","embeddable":true,"href":"https:\/\/notinor.com\/jujuy\/wp-json\/wp\/v2\/tags?post=412215"}],"curies":[{"name":"wp","href":"https:\/\/api.w.org\/{rel}","templated":true}]}}